{"id":901,"date":"2023-10-20T12:15:02","date_gmt":"2023-10-20T15:15:02","guid":{"rendered":"https:\/\/noticiasregionais.com.br\/?p=901"},"modified":"2023-10-20T12:15:14","modified_gmt":"2023-10-20T15:15:14","slug":"camara-de-ourinhos-tem-contas-de-2021-aprovadas-pelo-tribunal-de-contas-do-estado","status":"publish","type":"post","link":"https:\/\/noticiasregionais.com.br\/?p=901","title":{"rendered":"C\u00e2mara de Ourinhos tem contas de 2021 aprovadas pelo Tribunal de Contas do Estado"},"content":{"rendered":"\n<p>O Tribunal de Contas do Estado de S\u00e3o Paulo (TCE), aprovou as contas da C\u00e2mara de Vereadores de Ourinhos no exerc\u00edcio de 2021. As contas correspondem a gest\u00e3o do vereador Santiago.<\/p>\n\n\n\n<p>\u201c\u00c9 uma not\u00edcia muito boa, pois est\u00e1vamos ainda em per\u00edodo pand\u00eamico e as dificuldades foram imensas\u201d, destacou Santiago, que atualmente ocupa o cargo de Secret\u00e1rio de Servi\u00e7os Urbanos.<\/p>\n\n\n\n<p>Os itens apontados pelo TCE foram devidamente respondidos e o recurso elaborado pelos Procuradores da C\u00e2mara, Dr. Jo\u00e3o Paulo Penha e Dr. Guilherme do Carmo Miraglia, foi provido e as contas devidamente aprovadas.<\/p>\n\n\n\n<p>Santiago ressaltou que o resultado positivo \u00e9 reflexo do trabalho realizado em equipe. \u201cFizemos tudo conforme a Lei, com a\u00e7\u00f5es planejadas e muita transpar\u00eancia\u201d.<\/p>\n\n\n\n<p><strong><sub>fonte: Assessoria de Comunica\u00e7\u00e3o da C\u00e2mara Municipal de Ourinhos<\/sub><\/strong><\/p>\n<input type=\"hidden\" id=\"baseurl\" value=\"https:\/\/noticiasregionais.com.br\"><input type=\"hidden\" id=\"audio_nonce\" value=\"533fbb67b1\">","protected":false},"excerpt":{"rendered":"<p>O Tribunal de Contas do Estado de S\u00e3o Paulo (TCE), aprovou as contas da C\u00e2mara de Vereadores de Ourinhos no&hellip;<\/p>\n","protected":false},"author":1,"featured_media":902,"comment_status":"closed","ping_status":"open","sticky":false,"template":"","format":"standard","meta":{"sfsi_plus_gutenberg_text_before_share":"","sfsi_plus_gutenberg_show_text_before_share":"","sfsi_plus_gutenberg_icon_type":"","sfsi_plus_gutenberg_icon_alignemt":"","sfsi_plus_gutenburg_max_per_row":"","footnotes":""},"categories":[5,12,1],"tags":[],"class_list":["post-901","post","type-post","status-publish","format-standard","has-post-thumbnail","hentry","category-ourinhos","category-capa","category-noticias"],"_links":{"self":[{"href":"https:\/\/noticiasregionais.com.br\/index.php?rest_route=\/wp\/v2\/posts\/901","targetHints":{"allow":["GET"]}}],"collection":[{"href":"https:\/\/noticiasregionais.com.br\/index.php?rest_route=\/wp\/v2\/posts"}],"about":[{"href":"https:\/\/noticiasregionais.com.br\/index.php?rest_route=\/wp\/v2\/types\/post"}],"author":[{"embeddable":true,"href":"https:\/\/noticiasregionais.com.br\/index.php?rest_route=\/wp\/v2\/users\/1"}],"replies":[{"embeddable":true,"href":"https:\/\/noticiasregionais.com.br\/index.php?rest_route=%2Fwp%2Fv2%2Fcomments&post=901"}],"version-history":[{"count":1,"href":"https:\/\/noticiasregionais.com.br\/index.php?rest_route=\/wp\/v2\/posts\/901\/revisions"}],"predecessor-version":[{"id":903,"href":"https:\/\/noticiasregionais.com.br\/index.php?rest_route=\/wp\/v2\/posts\/901\/revisions\/903"}],"wp:featuredmedia":[{"embeddable":true,"href":"https:\/\/noticiasregionais.com.br\/index.php?rest_route=\/wp\/v2\/media\/902"}],"wp:attachment":[{"href":"https:\/\/noticiasregionais.com.br\/index.php?rest_route=%2Fwp%2Fv2%2Fmedia&parent=901"}],"wp:term":[{"taxonomy":"category","embeddable":true,"href":"https:\/\/noticiasregionais.com.br\/index.php?rest_route=%2Fwp%2Fv2%2Fcategories&post=901"},{"taxonomy":"post_tag","embeddable":true,"href":"https:\/\/noticiasregionais.com.br\/index.php?rest_route=%2Fwp%2Fv2%2Ftags&post=901"}],"curies":[{"name":"wp","href":"https:\/\/api.w.org\/{rel}","templated":true}]}}