{"id":904,"date":"2023-10-20T18:54:45","date_gmt":"2023-10-20T21:54:45","guid":{"rendered":"https:\/\/noticiasregionais.com.br\/?p=904"},"modified":"2023-10-20T18:54:57","modified_gmt":"2023-10-20T21:54:57","slug":"uniao-repassa-r-15-bilhao-aos-municipios-nesta-sexta-ourinhos-recebe-r-691-47381","status":"publish","type":"post","link":"https:\/\/noticiasregionais.com.br\/?p=904","title":{"rendered":"Uni\u00e3o repassa R$ 1,5 bilh\u00e3o aos munic\u00edpios nesta sexta &#8211; Ourinhos recebe  R$ 691.473,81"},"content":{"rendered":"\n<p>O governo federal repassa nesta sexta (20) R$ 1,5 bilh\u00e3o de reais referente ao Fundo de Participa\u00e7\u00e3o dos Munic\u00edpios (FPM). O valor que chega aos cofres municipais \u00e9 41% maior do que o que foi repassado no mesmo per\u00edodo de setembro: R$ 938 milh\u00f5es e quando comparado com o repasse de 2022, o aumento do FPM \u00e9 22% maior. Na \u00e9poca, a Uni\u00e3o distribuiu \u00e0s cidades R$ 1,2 bilh\u00e3o.&nbsp;<\/p>\n\n\n\n<p>O aumento \u00e9 um respiro para os munic\u00edpios, sobretudo os menores, que t\u00eam o FPM como principal fonte de receita. Segundo o assessor de or\u00e7amento Cesar Lima, as sucessivas quedas que os munic\u00edpios vinham sofrendo desde julho podem ser atribu\u00eddas a uma sazonalidade que tende a passar com a chegada do fim de ano.<\/p>\n\n\n\n<p>\u201cJ\u00e1 come\u00e7am agora algumas contrata\u00e7\u00f5es relativas ao natal, o que aumenta o \u00edndice geral de empregos \u2014 e pessoas empregadas consomem. E consomem muito na quest\u00e3o de servi\u00e7os, o que vai melhorar bastante a arrecada\u00e7\u00e3o para os munic\u00edpios.\u201d&nbsp;<\/p>\n\n\n\n<p>O especialista ainda explica que com o setor de com\u00e9rcio e servi\u00e7os mais aquecido, aumenta a arrecada\u00e7\u00e3o de Imposto de Renda, o que garante maior repasse de dinheiro aos munic\u00edpios.\u00a0<\/p>\n\n\n\n<h2 class=\"wp-block-heading\">Munic\u00edpios em crise<\/h2>\n\n\n\n<p>As quedas de repasse dos FPM que vieram mais fortes desde julho deste ano, mexeram com a rotina da maior parte das cidades brasileiras de pequeno porte. Segundo um levantamento feito pela CNM (Confedera\u00e7\u00e3o Nacional dos Munic\u00edpios) 60% das cidades menores de 50 mil habitantes, pagam despesas b\u00e1sicas como folha dos funcion\u00e1rios e fornecedores com os valores repassados pelo governo federal a cada dez dias, o FPM.<\/p>\n\n\n\n<p>Em Faria Lemos, munic\u00edpio de menos de quatro mil habitantes da Zona da Mata mineira, o prefeito Gilberto Damas diz que precisou fazer cortes para conseguir arcar \u2014 durante esse tempo de menores repasses \u2014 com as despesas b\u00e1sicas da cidade. &nbsp;<\/p>\n\n\n\n<p>\u201cOs munic\u00edpios pequenos sobrevivem s\u00f3 com Fundo de Participa\u00e7\u00e3o, para obras e outros investimentos n\u00f3s temos que correr atr\u00e1s de emendas parlamentares. &nbsp;A redu\u00e7\u00e3o do FPM mexe com a administra\u00e7\u00e3o de todo o munic\u00edpio. Est\u00e1 sendo complicado demais, quase insustent\u00e1vel administrar.\u201d<\/p>\n\n\n\n<p>O gestor diz que s\u00f3 est\u00e1 conseguindo pagar as contas e os funcion\u00e1rios porque fez uma reserva ao longo do ano passado, mas se no ano que vem a arrecada\u00e7\u00e3o melhorar, esse dinheiro acaba e ele n\u00e3o ter\u00e1 mais de onde tirar dinheiro para as despesas b\u00e1sicas.&nbsp;<\/p>\n\n\n\n<h2 class=\"wp-block-heading\">Confira a lista dos munic\u00edpios bloqueados de receber FPM at\u00e9 18 de outubro<\/h2>\n\n\n\n<ol class=\"wp-block-list\">\n<li>\u00c1GUA BRANCA &#8211; PB<\/li>\n\n\n\n<li>\u00c1GUA LIMPA &#8211; GO<\/li>\n\n\n\n<li>\u00c1GUAS LINDAS DE GOI\u00c1S &#8211; GO<\/li>\n\n\n\n<li>ALFREDO CHAVES &#8211; ES<\/li>\n\n\n\n<li>ALTAMIRA &#8211; PA<\/li>\n\n\n\n<li>APERIB\u00c9 &#8211; RJ<\/li>\n\n\n\n<li>ARACATU &#8211; BA<\/li>\n\n\n\n<li>ARAGUAPAZ &#8211; GO<\/li>\n\n\n\n<li>AREAL &#8211; RJ<\/li>\n\n\n\n<li>ARROIO DO SAL &#8211; RS<\/li>\n\n\n\n<li>BAIXO GUANDU &#8211; ES<\/li>\n\n\n\n<li>BANDEIRANTES &#8211; MS<\/li>\n\n\n\n<li>BARRA DE SANTA ROSA &#8211; PB<\/li>\n\n\n\n<li>BARRA MANSA &#8211; RJ<\/li>\n\n\n\n<li>BELFORD ROXO &#8211; RJ<\/li>\n\n\n\n<li>CAMBUCI &#8211; RJ<\/li>\n\n\n\n<li>CAMPESTRE DE GOI\u00c1S &#8211; GO<\/li>\n\n\n\n<li>CAMPO DO BRITO &#8211; SE<\/li>\n\n\n\n<li>CAMPOS DOS GOYTACAZES &#8211; RJ<\/li>\n\n\n\n<li>CANARANA &#8211; MT<\/li>\n\n\n\n<li>CANDIOTA &#8211; RS<\/li>\n\n\n\n<li>CAP\u00c3O DA CANOA &#8211; RS<\/li>\n\n\n\n<li>CARAPEBUS &#8211; RJ<\/li>\n\n\n\n<li>CARIRA &#8211; SE<\/li>\n\n\n\n<li>CARMO &#8211; RJ<\/li>\n\n\n\n<li>C\u00cdCERO DANTAS &#8211; BA<\/li>\n\n\n\n<li>COLM\u00c9IA &#8211; TO<\/li>\n\n\n\n<li>COMENDADOR LEVY GASPARIAN &#8211; RJ<\/li>\n\n\n\n<li>CONCEI\u00c7\u00c3O DA BARRA &#8211; ES<\/li>\n\n\n\n<li>CORDEIRO &#8211; RJ<\/li>\n\n\n\n<li>CORONEL BARROS &#8211; RS<\/li>\n\n\n\n<li>CROM\u00cdNIA &#8211; GO<\/li>\n\n\n\n<li>CRUZALTENSE &#8211; RS<\/li>\n\n\n\n<li>CURRAL DE CIMA &#8211; PB<\/li>\n\n\n\n<li>DAVIN\u00d3POLIS -MA<\/li>\n\n\n\n<li>DOIS IRM\u00c3OS DO TOCANTINS &#8211; TO<\/li>\n\n\n\n<li>DOIS RIACHOS &#8211; AL<\/li>\n\n\n\n<li>DOVERL NDIA &#8211; GO<\/li>\n\n\n\n<li>DUAS BARRAS &#8211; RJ<\/li>\n\n\n\n<li>DUQUE DE CAXIAS &#8211; RJ<\/li>\n\n\n\n<li>\u00c9RICO CARDOSO &#8211; BA<\/li>\n\n\n\n<li>FILAD\u00c9LFIA &#8211; TO<\/li>\n\n\n\n<li>FORMOSO DO ARAGUAIA &#8211; TO<\/li>\n\n\n\n<li>FRANCISCO SANTOS &#8211; PI<\/li>\n\n\n\n<li>GOI\u00c2NIA &#8211; GO<\/li>\n\n\n\n<li>IBIAPINA &#8211; CE<\/li>\n\n\n\n<li>ITABAIANA &#8211; SE<\/li>\n\n\n\n<li>ITABI &#8211; SE<\/li>\n\n\n\n<li>ITAMARAJU &#8211; BA<\/li>\n\n\n\n<li>LAJE &#8211; BA<\/li>\n\n\n\n<li>LARANJEIRAS &#8211; SE<\/li>\n\n\n\n<li>LEOPOLDO DE BULH\u00d5ES &#8211; GO<\/li>\n\n\n\n<li>LU\u00cdS DOMINGUES &#8211; MA<\/li>\n\n\n\n<li>LUZI NIA &#8211; GO<\/li>\n\n\n\n<li>MALHADOR &#8211; SE<\/li>\n\n\n\n<li>MARILAC &#8211; MG<\/li>\n\n\n\n<li>MONTE SANTO DO TOCANTINS &#8211; TO<\/li>\n\n\n\n<li>MONTES CLAROS &#8211; MG<\/li>\n\n\n\n<li>MUCURI &#8211; BA<\/li>\n\n\n\n<li>NAZ\u00c1RIO &#8211; GO<\/li>\n\n\n\n<li>NOVA GUARITA &#8211; MT<\/li>\n\n\n\n<li>NOVA OLINDA &#8211; PB<\/li>\n\n\n\n<li>PILAR &#8211; PB<\/li>\n\n\n\n<li>POJUCA &#8211; BA<\/li>\n\n\n\n<li>PRADO &#8211; BA<\/li>\n\n\n\n<li>PROPRI\u00c1 &#8211; SE<\/li>\n\n\n\n<li>ROS\u00c1RIO DO CATETE &#8211; SE<\/li>\n\n\n\n<li>SANTA TEREZINHA &#8211; MT<\/li>\n\n\n\n<li>SANTANA DOS GARROTES &#8211; PB<\/li>\n\n\n\n<li>SANTO ANT\u00d4NIO DO LEVERGER &#8211; MT<\/li>\n\n\n\n<li>SANTO ANT\u00d4NIO DO PLANALTO &#8211; RS<\/li>\n\n\n\n<li>S\u00c3O FRANCISCO DO BREJ\u00c3O &#8211; MA<\/li>\n\n\n\n<li>S\u00c3O JO\u00c3O DO PIAU\u00cd &#8211; PI<\/li>\n\n\n\n<li>S\u00c3O SEBASTI\u00c3O DO TOCANTINS &#8211; TO<\/li>\n\n\n\n<li>S\u00c3O SEBASTIAO DO UATUMA &#8211; AM<\/li>\n\n\n\n<li>SERID\u00d3 &#8211; PB<\/li>\n\n\n\n<li>TAGUATINGA &#8211; TO<\/li>\n\n\n\n<li>TURV\u00c2NIA &#8211; GO<\/li>\n\n\n\n<li>UBAT\u00c3 &#8211; BA<\/li>\n\n\n\n<li>UNI\u00c3O DOS PALMARES &#8211; AL<\/li>\n\n\n\n<li>URUANA &#8211; GO<\/li>\n<\/ol>\n\n\n\n<p>Fonte: <a href=\"https:\/\/brasil61.com\/n\/uniao-repassa-r-1-5-bilhao-aos-municipios-nesta-sexta-20-bras239879\" target=\"_blank\" rel=\"noreferrer noopener\">Brasil 61<\/a><\/p>\n<input type=\"hidden\" id=\"baseurl\" value=\"https:\/\/noticiasregionais.com.br\"><input type=\"hidden\" id=\"audio_nonce\" value=\"533fbb67b1\">","protected":false},"excerpt":{"rendered":"<p>O governo federal repassa nesta sexta (20) R$ 1,5 bilh\u00e3o de reais referente ao Fundo de Participa\u00e7\u00e3o dos Munic\u00edpios (FPM).&hellip;<\/p>\n","protected":false},"author":1,"featured_media":905,"comment_status":"closed","ping_status":"open","sticky":false,"template":"","format":"standard","meta":{"sfsi_plus_gutenberg_text_before_share":"","sfsi_plus_gutenberg_show_text_before_share":"","sfsi_plus_gutenberg_icon_type":"","sfsi_plus_gutenberg_icon_alignemt":"","sfsi_plus_gutenburg_max_per_row":"","footnotes":""},"categories":[8,10,1],"tags":[],"class_list":["post-904","post","type-post","status-publish","format-standard","has-post-thumbnail","hentry","category-brasil","category-destaques","category-noticias"],"_links":{"self":[{"href":"https:\/\/noticiasregionais.com.br\/index.php?rest_route=\/wp\/v2\/posts\/904","targetHints":{"allow":["GET"]}}],"collection":[{"href":"https:\/\/noticiasregionais.com.br\/index.php?rest_route=\/wp\/v2\/posts"}],"about":[{"href":"https:\/\/noticiasregionais.com.br\/index.php?rest_route=\/wp\/v2\/types\/post"}],"author":[{"embeddable":true,"href":"https:\/\/noticiasregionais.com.br\/index.php?rest_route=\/wp\/v2\/users\/1"}],"replies":[{"embeddable":true,"href":"https:\/\/noticiasregionais.com.br\/index.php?rest_route=%2Fwp%2Fv2%2Fcomments&post=904"}],"version-history":[{"count":1,"href":"https:\/\/noticiasregionais.com.br\/index.php?rest_route=\/wp\/v2\/posts\/904\/revisions"}],"predecessor-version":[{"id":906,"href":"https:\/\/noticiasregionais.com.br\/index.php?rest_route=\/wp\/v2\/posts\/904\/revisions\/906"}],"wp:featuredmedia":[{"embeddable":true,"href":"https:\/\/noticiasregionais.com.br\/index.php?rest_route=\/wp\/v2\/media\/905"}],"wp:attachment":[{"href":"https:\/\/noticiasregionais.com.br\/index.php?rest_route=%2Fwp%2Fv2%2Fmedia&parent=904"}],"wp:term":[{"taxonomy":"category","embeddable":true,"href":"https:\/\/noticiasregionais.com.br\/index.php?rest_route=%2Fwp%2Fv2%2Fcategories&post=904"},{"taxonomy":"post_tag","embeddable":true,"href":"https:\/\/noticiasregionais.com.br\/index.php?rest_route=%2Fwp%2Fv2%2Ftags&post=904"}],"curies":[{"name":"wp","href":"https:\/\/api.w.org\/{rel}","templated":true}]}}