{"id":907,"date":"2023-10-20T19:58:40","date_gmt":"2023-10-20T22:58:40","guid":{"rendered":"https:\/\/noticiasregionais.com.br\/?p=907"},"modified":"2023-10-20T19:58:44","modified_gmt":"2023-10-20T22:58:44","slug":"fatec-ourinhos-abre-inscricoes-para-vestibular-2024","status":"publish","type":"post","link":"https:\/\/noticiasregionais.com.br\/?p=907","title":{"rendered":"Fatec Ourinhos abre inscri\u00e7\u00f5es para vestibular 2024"},"content":{"rendered":"\n<p class=\"has-text-align-center\"><strong>A Faculdade foi eleita a 2\u00aa melhor faculdade p\u00fablica do estado de S\u00e3o Paulo e a 4\u00aa melhor faculdade p\u00fablica do Brasil (ENADE)<\/strong><\/p>\n\n\n\n<p>A Fatec Ourinhos abriu nesta segunda-feira (16\/10) as inscri\u00e7\u00f5es para o vestibular para o 1\u00ba semestre de 2024. Os interessados em participar poder\u00e3o se inscrever at\u00e9 \u00e0s 15h do dia 12 de dezembro.<\/p>\n\n\n\n<p>Para se inscrever, basta acessar o site do vestibular da Fatec (www.vestibularfatec.com.br) e efetuar o pagamento da taxa, no valor de R$ 84,00. As provas est\u00e3o previstas para serem aplicadas no dia 07 de janeiro de 2024.<\/p>\n\n\n\n<p>A Fatec Ourinhos oferece seis cursos para Ourinhos e Regi\u00e3o:<\/p>\n\n\n\n<ul class=\"wp-block-list\">\n<li>Agroneg\u00f3cio (manh\u00e3 e noite)<\/li>\n\n\n\n<li>An\u00e1lise e Desenvolvimento de Sistemas (tarde e noite)<\/li>\n\n\n\n<li>Ci\u00eancia de Dados (noite)<\/li>\n\n\n\n<li>Gest\u00e3o Empresarial (EAD)<\/li>\n\n\n\n<li>Jogos Digitais (manh\u00e3)<\/li>\n\n\n\n<li>Seguran\u00e7a da Informa\u00e7\u00e3o (manh\u00e3 e noite)<\/li>\n<\/ul>\n\n\n\n<p>A Fatec \u00e9 uma Institui\u00e7\u00e3o P\u00fablica de Ensino Superior gratuito, vinculada ao Centro Paula Souza.<\/p>\n\n\n\n<p><strong>A expectativa \u00e9 que o vestibular deste ano atraia um grande n\u00famero de candidatos<\/strong><\/p>\n\n\n\n<p>A expectativa \u00e9 que o vestibular deste ano atraia um grande n\u00famero de candidatos. Isso porque a Fatec Ourinhos \u00e9 uma institui\u00e7\u00e3o de ensino de qualidade, que oferece cursos com boa empregabilidade.<\/p>\n\n\n\n<p><strong>A inscri\u00e7\u00e3o pode ser feita at\u00e9 o dia 12 de dezembro<\/strong><\/p>\n\n\n\n<p>Os interessados em participar do vestibular da Fatec Ourinhos t\u00eam at\u00e9 o dia 12 de dezembro para se inscrever. Para isso, basta acessar o site do vestibular da Fatec (www.vestibularfatec.com.br) e efetuar o pagamento da taxa, no valor de R$ 84,00.<\/p>\n\n\n\n<p><strong>As provas est\u00e3o previstas para serem aplicadas no dia 07 de janeiro de 2024<\/strong><\/p>\n\n\n\n<p>As provas do vestibular da Fatec Ourinhos est\u00e3o previstas para serem aplicadas no dia 07 de janeiro de 2024. Os candidatos ser\u00e3o avaliados em L\u00edngua Portuguesa, Matem\u00e1tica, F\u00edsica, Qu\u00edmica e Biologia.<\/p>\n\n\n\n<p><strong>Mais informa\u00e7\u00f5es<\/strong><\/p>\n\n\n\n<p>Mais informa\u00e7\u00f5es sobre o vestibular da Fatec Ourinhos podem ser obtidas no site da institui\u00e7\u00e3o (www.fatecourinhos.edu.br) ou pelo telefone (14) 3512-2024 ou whatsapp (14) 99707-1309.<\/p>\n<input type=\"hidden\" id=\"baseurl\" value=\"https:\/\/noticiasregionais.com.br\"><input type=\"hidden\" id=\"audio_nonce\" value=\"533fbb67b1\">","protected":false},"excerpt":{"rendered":"<p>A Faculdade foi eleita a 2\u00aa melhor faculdade p\u00fablica do estado de S\u00e3o Paulo e a 4\u00aa melhor faculdade p\u00fablica&hellip;<\/p>\n","protected":false},"author":1,"featured_media":908,"comment_status":"closed","ping_status":"open","sticky":false,"template":"","format":"standard","meta":{"sfsi_plus_gutenberg_text_before_share":"","sfsi_plus_gutenberg_show_text_before_share":"","sfsi_plus_gutenberg_icon_type":"","sfsi_plus_gutenberg_icon_alignemt":"","sfsi_plus_gutenburg_max_per_row":"","footnotes":""},"categories":[5,12,1],"tags":[],"class_list":["post-907","post","type-post","status-publish","format-standard","has-post-thumbnail","hentry","category-ourinhos","category-capa","category-noticias"],"_links":{"self":[{"href":"https:\/\/noticiasregionais.com.br\/index.php?rest_route=\/wp\/v2\/posts\/907","targetHints":{"allow":["GET"]}}],"collection":[{"href":"https:\/\/noticiasregionais.com.br\/index.php?rest_route=\/wp\/v2\/posts"}],"about":[{"href":"https:\/\/noticiasregionais.com.br\/index.php?rest_route=\/wp\/v2\/types\/post"}],"author":[{"embeddable":true,"href":"https:\/\/noticiasregionais.com.br\/index.php?rest_route=\/wp\/v2\/users\/1"}],"replies":[{"embeddable":true,"href":"https:\/\/noticiasregionais.com.br\/index.php?rest_route=%2Fwp%2Fv2%2Fcomments&post=907"}],"version-history":[{"count":1,"href":"https:\/\/noticiasregionais.com.br\/index.php?rest_route=\/wp\/v2\/posts\/907\/revisions"}],"predecessor-version":[{"id":909,"href":"https:\/\/noticiasregionais.com.br\/index.php?rest_route=\/wp\/v2\/posts\/907\/revisions\/909"}],"wp:featuredmedia":[{"embeddable":true,"href":"https:\/\/noticiasregionais.com.br\/index.php?rest_route=\/wp\/v2\/media\/908"}],"wp:attachment":[{"href":"https:\/\/noticiasregionais.com.br\/index.php?rest_route=%2Fwp%2Fv2%2Fmedia&parent=907"}],"wp:term":[{"taxonomy":"category","embeddable":true,"href":"https:\/\/noticiasregionais.com.br\/index.php?rest_route=%2Fwp%2Fv2%2Fcategories&post=907"},{"taxonomy":"post_tag","embeddable":true,"href":"https:\/\/noticiasregionais.com.br\/index.php?rest_route=%2Fwp%2Fv2%2Ftags&post=907"}],"curies":[{"name":"wp","href":"https:\/\/api.w.org\/{rel}","templated":true}]}}