{"id":910,"date":"2023-10-20T20:44:24","date_gmt":"2023-10-20T23:44:24","guid":{"rendered":"https:\/\/noticiasregionais.com.br\/?p=910"},"modified":"2023-10-20T20:44:27","modified_gmt":"2023-10-20T23:44:27","slug":"mec-atrasa-entrega-de-avaliacao-da-educacao-basica-a-estados-e-municipios","status":"publish","type":"post","link":"https:\/\/noticiasregionais.com.br\/?p=910","title":{"rendered":"MEC atrasa entrega de avalia\u00e7\u00e3o da educa\u00e7\u00e3o b\u00e1sica a estados e munic\u00edpios"},"content":{"rendered":"\n<p class=\"has-text-align-center\"><strong>O cronograma inicial previa que as provas seriam aplicadas de 23 de outubro at\u00e9 10 de novembro, mas at\u00e9 esta sexta (20) o governo federal n\u00e3o garantiu a entrega das provas.<\/strong><\/p>\n\n\n\n<p>\u00c0s v\u00e9speras do in\u00edcio da data de realiza\u00e7\u00e3o do Saeb (Sistema de Avalia\u00e7\u00e3o da Educa\u00e7\u00e3o B\u00e1sica), o MEC (Minist\u00e9rio da Educa\u00e7\u00e3o) anunciou que vai atrasar em uma semana o prazo de aplica\u00e7\u00e3o das provas nas escolas de todo o pa\u00eds.<\/p>\n\n\n\n<p>O cronograma inicial previa que as provas seriam aplicadas de 23 de outubro at\u00e9 10 de novembro, mas at\u00e9 esta sexta (20) o governo federal n\u00e3o garantiu a entrega das provas a todos os estados e munic\u00edpios brasileiros. Com a prorroga\u00e7\u00e3o, o prazo foi ampliado at\u00e9 17 de novembro.<\/p>\n\n\n\n<p>O Saeb \u00e9 a principal avalia\u00e7\u00e3o da educa\u00e7\u00e3o b\u00e1sica do Brasil. Realizada desde 1990, a avalia\u00e7\u00e3o, que envolve provas de portugu\u00eas e matem\u00e1tica, \u00e9 usada para calcular o Ideb (\u00cdndice de Desenvolvimento da Educa\u00e7\u00e3o B\u00e1sica), que permite medir a qualidade do aprendizado nacional e estabelecer metas para a melhoria do ensino.<\/p>\n\n\n\n<p>A prova \u00e9 aplicada a cada dois anos, e a previs\u00e3o \u00e9 que mais de 8,4 milh\u00f5es de alunos do ensino fundamental e m\u00e9dio fa\u00e7am o Saeb neste ano.<\/p>\n\n\n\n<p>Com o maior n\u00famero de alunos da rede p\u00fablica do pa\u00eds, as redes municipal e estadual de S\u00e3o Paulo n\u00e3o receberam as avalia\u00e7\u00f5es at\u00e9 esta sexta. As redes estaduais do Rio de Janeiro e do Rio Grande do Sul tamb\u00e9m n\u00e3o receberam as provas.<\/p>\n\n\n\n<p>Em S\u00e3o Paulo, n\u00e3o foi entregue nem mesmo o material administrativo da avalia\u00e7\u00e3o, usado para capacitar os aplicadores da prova. A previs\u00e3o \u00e9 que o munic\u00edpio s\u00f3 consiga come\u00e7ar a aplicar a prova ap\u00f3s o dia 6 de novembro.<\/p>\n\n\n\n<p>Desde o in\u00edcio da semana, estados e munic\u00edpios questionavam o Inep (Instituto Nacional de Estudos e Pesquisas Educacionais), \u00f3rg\u00e3o respons\u00e1vel pela avalia\u00e7\u00e3o, sobre o cronograma de aplica\u00e7\u00e3o, j\u00e1 que n\u00e3o haviam recebido os lotes das provas. A Folha de S.Paulo tamb\u00e9m questionou o \u00f3rg\u00e3o na segunda-feira (16), mas o instituto negou que houvesse atraso ou perspectiva de prorroga\u00e7\u00e3o do prazo.<\/p>\n\n\n\n<p>Foi s\u00f3 na noite desta quinta-feira (19) que o presidente do Inep (Instituto Nacional de Estudos e Pesquisas Educacionais), \u00f3rg\u00e3o do MEC respons\u00e1vel pela avalia\u00e7\u00e3o, encaminhou um of\u00edcio aos munic\u00edpios comunicando a extens\u00e3o do prazo de aplica\u00e7\u00e3o em uma semana.<\/p>\n\n\n\n<p>No of\u00edcio, o Inep diz que a altera\u00e7\u00e3o no calend\u00e1rio foi feita para &#8220;melhor acomodar a complexidade do processo de aplica\u00e7\u00e3o dos instrumentos em todo o territ\u00f3rio nacional e permitir a absor\u00e7\u00e3o de intercorr\u00eancias log\u00edsticas&#8221;. O instituto, contudo, n\u00e3o explicou quais interfer\u00eancias log\u00edsticas podem ter ocorrido.<\/p>\n\n\n\n<p>Questionado sobre a altera\u00e7\u00e3o do cronograma, o Inep disse que &#8220;n\u00e3o houve atraso na realiza\u00e7\u00e3o do Saeb&#8221; e que apenas &#8220;repactuou o prazo de aplica\u00e7\u00e3o para atender \u00e0s demandas log\u00edsticas de cada unidade da federa\u00e7\u00e3o&#8221;.<\/p>\n\n\n\n<p>&#8220;A decis\u00e3o foi tomada ap\u00f3s di\u00e1logos realizados com as secretarias de educa\u00e7\u00e3o nos \u00faltimos dias. A produ\u00e7\u00e3o, distribui\u00e7\u00e3o e aplica\u00e7\u00e3o das provas s\u00e3o realizadas de forma escalonada, considerando a extens\u00e3o territorial do pa\u00eds, al\u00e9m das caracter\u00edsticas e peculiaridades de cada local&#8221;, disse em nota o Inep.<\/p>\n\n\n\n<p>Secret\u00e1rios de Educa\u00e7\u00e3o afirmam que a mudan\u00e7a do cronograma prejudica o calend\u00e1rio programado pelas escolas. Em alguns estados, outras avalia\u00e7\u00f5es estavam programadas para ocorrer ap\u00f3s o Saeb, e agora as datas ter\u00e3o que ser alteradas.<\/p>\n\n\n\n<p>H\u00e1 ainda o temor de que os resultados possam ser prejudicados, j\u00e1 que alunos de parte dos estados ter\u00e3o mais tempo de estudo antes da prova. As redes estaduais de Bahia e Tocantins, por exemplo, j\u00e1 receberam as avalia\u00e7\u00f5es e v\u00e3o come\u00e7ar a aplica\u00e7\u00e3o na segunda-feira, conforme o cronograma inicial.<\/p>\n\n\n\n<p><strong><sub>fonte: Sampi \/ Folhapress<\/sub><\/strong><\/p>\n<input type=\"hidden\" id=\"baseurl\" value=\"https:\/\/noticiasregionais.com.br\"><input type=\"hidden\" id=\"audio_nonce\" value=\"533fbb67b1\">","protected":false},"excerpt":{"rendered":"<p>O cronograma inicial previa que as provas seriam aplicadas de 23 de outubro at\u00e9 10 de novembro, mas at\u00e9 esta&hellip;<\/p>\n","protected":false},"author":1,"featured_media":911,"comment_status":"closed","ping_status":"open","sticky":false,"template":"","format":"standard","meta":{"sfsi_plus_gutenberg_text_before_share":"","sfsi_plus_gutenberg_show_text_before_share":"","sfsi_plus_gutenberg_icon_type":"","sfsi_plus_gutenberg_icon_alignemt":"","sfsi_plus_gutenburg_max_per_row":"","footnotes":""},"categories":[8,10,1],"tags":[],"class_list":["post-910","post","type-post","status-publish","format-standard","has-post-thumbnail","hentry","category-brasil","category-destaques","category-noticias"],"_links":{"self":[{"href":"https:\/\/noticiasregionais.com.br\/index.php?rest_route=\/wp\/v2\/posts\/910","targetHints":{"allow":["GET"]}}],"collection":[{"href":"https:\/\/noticiasregionais.com.br\/index.php?rest_route=\/wp\/v2\/posts"}],"about":[{"href":"https:\/\/noticiasregionais.com.br\/index.php?rest_route=\/wp\/v2\/types\/post"}],"author":[{"embeddable":true,"href":"https:\/\/noticiasregionais.com.br\/index.php?rest_route=\/wp\/v2\/users\/1"}],"replies":[{"embeddable":true,"href":"https:\/\/noticiasregionais.com.br\/index.php?rest_route=%2Fwp%2Fv2%2Fcomments&post=910"}],"version-history":[{"count":1,"href":"https:\/\/noticiasregionais.com.br\/index.php?rest_route=\/wp\/v2\/posts\/910\/revisions"}],"predecessor-version":[{"id":912,"href":"https:\/\/noticiasregionais.com.br\/index.php?rest_route=\/wp\/v2\/posts\/910\/revisions\/912"}],"wp:featuredmedia":[{"embeddable":true,"href":"https:\/\/noticiasregionais.com.br\/index.php?rest_route=\/wp\/v2\/media\/911"}],"wp:attachment":[{"href":"https:\/\/noticiasregionais.com.br\/index.php?rest_route=%2Fwp%2Fv2%2Fmedia&parent=910"}],"wp:term":[{"taxonomy":"category","embeddable":true,"href":"https:\/\/noticiasregionais.com.br\/index.php?rest_route=%2Fwp%2Fv2%2Fcategories&post=910"},{"taxonomy":"post_tag","embeddable":true,"href":"https:\/\/noticiasregionais.com.br\/index.php?rest_route=%2Fwp%2Fv2%2Ftags&post=910"}],"curies":[{"name":"wp","href":"https:\/\/api.w.org\/{rel}","templated":true}]}}