{"id":913,"date":"2023-10-20T20:58:38","date_gmt":"2023-10-20T23:58:38","guid":{"rendered":"https:\/\/noticiasregionais.com.br\/?p=913"},"modified":"2023-10-20T20:58:50","modified_gmt":"2023-10-20T23:58:50","slug":"vereador-solicita-informacoes-sobre-multas-aplicadas-pela-gcm-de-ourinhos","status":"publish","type":"post","link":"https:\/\/noticiasregionais.com.br\/?p=913","title":{"rendered":"Vereador solicita informa\u00e7\u00f5es sobre multas aplicadas pela GCM de Ourinhos"},"content":{"rendered":"\n<p class=\"has-text-align-center\"><strong>Ap\u00f3s receber reclama\u00e7\u00f5es de mun\u00edcipes, o vereador Roberto Tasca apresentou o Requerimento n\u00ba 1562\/23 solicitando informa\u00e7\u00f5es sobre os valores das multas aplicadas nos \u00faltimos 6 meses pela Guarda Civil Municipal.<\/strong><\/p>\n\n\n\n<p>\u201cTenho recebido reclama\u00e7\u00f5es referentes as multas e valores. Uma comitiva de onze mun\u00edcipes veio at\u00e9 a C\u00e2mara conversar comigo sobre esse tema. Inclusive um deles recebeu uma multa na Rua Santos Dumont, \u00e0s 9 horas, em frente ao n\u00famero 2490, por excesso de velocidade. Contudo, essa rua vai somente at\u00e9 o n\u00famero 480, o motorismo n\u00e3o trafega por esse local, \u00e9 professor e estava em aula no hor\u00e1rio\u201d, contou o vereador.<\/p>\n\n\n\n<p>Segundo Tasca, a multa est\u00e1 totalmente equivocada. \u201cOutro detalhe que chama aten\u00e7\u00e3o \u00e9 que os mun\u00edcipes n\u00e3o recebem a notifica\u00e7\u00e3o da multa e quando realizam o licenciamento \u00e9 que verificam que est\u00e1 constando a penalidade\u201d.<\/p>\n\n\n\n<p>Por fim, o vereador disse que vai agendar reuni\u00e3o com o Secret\u00e1rio de Seguran\u00e7a. \u201cTemos que averiguar o que est\u00e1 acontecendo. Esse caso que citei chamou muito minha aten\u00e7\u00e3o. Baseado em que essa multas est\u00e3o sendo aplicadas?\u201d.<\/p>\n\n\n\n<p><strong><sub>fonte: Assessoria de Comunica\u00e7\u00e3o da C\u00e2mara Municipal de Ourinhos<\/sub><\/strong><\/p>\n<input type=\"hidden\" id=\"baseurl\" value=\"https:\/\/noticiasregionais.com.br\"><input type=\"hidden\" id=\"audio_nonce\" value=\"533fbb67b1\">","protected":false},"excerpt":{"rendered":"<p>Ap\u00f3s receber reclama\u00e7\u00f5es de mun\u00edcipes, o vereador Roberto Tasca apresentou o Requerimento n\u00ba 1562\/23 solicitando informa\u00e7\u00f5es sobre os valores das&hellip;<\/p>\n","protected":false},"author":1,"featured_media":915,"comment_status":"closed","ping_status":"open","sticky":false,"template":"","format":"standard","meta":{"sfsi_plus_gutenberg_text_before_share":"","sfsi_plus_gutenberg_show_text_before_share":"","sfsi_plus_gutenberg_icon_type":"","sfsi_plus_gutenberg_icon_alignemt":"","sfsi_plus_gutenburg_max_per_row":"","footnotes":""},"categories":[5,10,1],"tags":[],"class_list":["post-913","post","type-post","status-publish","format-standard","has-post-thumbnail","hentry","category-ourinhos","category-destaques","category-noticias"],"_links":{"self":[{"href":"https:\/\/noticiasregionais.com.br\/index.php?rest_route=\/wp\/v2\/posts\/913","targetHints":{"allow":["GET"]}}],"collection":[{"href":"https:\/\/noticiasregionais.com.br\/index.php?rest_route=\/wp\/v2\/posts"}],"about":[{"href":"https:\/\/noticiasregionais.com.br\/index.php?rest_route=\/wp\/v2\/types\/post"}],"author":[{"embeddable":true,"href":"https:\/\/noticiasregionais.com.br\/index.php?rest_route=\/wp\/v2\/users\/1"}],"replies":[{"embeddable":true,"href":"https:\/\/noticiasregionais.com.br\/index.php?rest_route=%2Fwp%2Fv2%2Fcomments&post=913"}],"version-history":[{"count":1,"href":"https:\/\/noticiasregionais.com.br\/index.php?rest_route=\/wp\/v2\/posts\/913\/revisions"}],"predecessor-version":[{"id":916,"href":"https:\/\/noticiasregionais.com.br\/index.php?rest_route=\/wp\/v2\/posts\/913\/revisions\/916"}],"wp:featuredmedia":[{"embeddable":true,"href":"https:\/\/noticiasregionais.com.br\/index.php?rest_route=\/wp\/v2\/media\/915"}],"wp:attachment":[{"href":"https:\/\/noticiasregionais.com.br\/index.php?rest_route=%2Fwp%2Fv2%2Fmedia&parent=913"}],"wp:term":[{"taxonomy":"category","embeddable":true,"href":"https:\/\/noticiasregionais.com.br\/index.php?rest_route=%2Fwp%2Fv2%2Fcategories&post=913"},{"taxonomy":"post_tag","embeddable":true,"href":"https:\/\/noticiasregionais.com.br\/index.php?rest_route=%2Fwp%2Fv2%2Ftags&post=913"}],"curies":[{"name":"wp","href":"https:\/\/api.w.org\/{rel}","templated":true}]}}