{"id":917,"date":"2023-10-20T18:42:41","date_gmt":"2023-10-20T21:42:41","guid":{"rendered":"https:\/\/noticiasregionais.com.br\/?p=917"},"modified":"2023-10-20T21:54:53","modified_gmt":"2023-10-21T00:54:53","slug":"pm-apreende-gol-branco-por-irregularidades-e-por-manobras-perigosas-em-cambara","status":"publish","type":"post","link":"https:\/\/noticiasregionais.com.br\/?p=917","title":{"rendered":"PM apreende Gol branco por irregularidades e por manobras perigosas em Cambar\u00e1"},"content":{"rendered":"\n<p>Cambar\u00e1, 20 de outubro de 2023 &#8211; Policiais Militares de Cambar\u00e1 apreenderam um ve\u00edculo Gol branco na manh\u00e3 desta sexta-feira (20), por apresentar diversas irregularidades.<\/p>\n\n\n\n<p>De acordo com a nota da Pol\u00edcia Militar, os policiais receberam den\u00fancias de que o ve\u00edculo estava realizando manobras perigosas em frente \u00e0 uma escola de educa\u00e7\u00e3o infantil.<\/p>\n\n\n\n<p>Em determinado momento, os policiais conseguiram visualizar o ve\u00edculo circulando em frente ao Pelot\u00e3o PM da cidade e estacionando pr\u00f3ximo \u00e0 uma loja de materiais para constru\u00e7\u00e3o.<\/p>\n\n\n\n<p>Ao realizarem a abordagem ao ve\u00edculo, os policiais constataram que o mesmo possu\u00eda bloqueio RENAJUD (judicial), d\u00e9bitos de licenciamento, al\u00e9m de outras irregularidades como a seta inoperante e pneus em p\u00e9ssimas condi\u00e7\u00f5es.<\/p>\n\n\n\n<p>Diante disso, o ve\u00edculo foi apreendido e lavrados os autos de infra\u00e7\u00e3o de tr\u00e2nsito pertinentes. O condutor do ve\u00edculo foi liberado.<\/p>\n\n\n\n<p>A Pol\u00edcia Militar orienta que os motoristas atentem-se \u00e0s regras de tr\u00e2nsito e evitem realizar manobras perigosas, principalmente em frente a escolas e outros locais com grande fluxo de pessoas.<\/p>\n\n\n\n<p><strong>Recomenda\u00e7\u00f5es de seguran\u00e7a<\/strong><\/p>\n\n\n\n<p>A Pol\u00edcia Militar recomenda aos motoristas que:<\/p>\n\n\n\n<ul class=\"wp-block-list\">\n<li>Respeitem as regras de tr\u00e2nsito;<\/li>\n\n\n\n<li>Evitem realizar manobras perigosas;<\/li>\n\n\n\n<li>Diminuam a velocidade ao passar em frente a escolas e outros locais com grande fluxo de pessoas;<\/li>\n\n\n\n<li>N\u00e3o se distraiam ao volante;<\/li>\n\n\n\n<li>Usem cinto de seguran\u00e7a e capacete;<\/li>\n\n\n\n<li>Fa\u00e7am a manuten\u00e7\u00e3o preventiva do ve\u00edculo.<\/li>\n<\/ul>\n<input type=\"hidden\" id=\"baseurl\" value=\"https:\/\/noticiasregionais.com.br\"><input type=\"hidden\" id=\"audio_nonce\" value=\"533fbb67b1\">","protected":false},"excerpt":{"rendered":"<p>Cambar\u00e1, 20 de outubro de 2023 &#8211; Policiais Militares de Cambar\u00e1 apreenderam um ve\u00edculo Gol branco na manh\u00e3 desta sexta-feira&hellip;<\/p>\n","protected":false},"author":1,"featured_media":918,"comment_status":"closed","ping_status":"open","sticky":false,"template":"","format":"standard","meta":{"sfsi_plus_gutenberg_text_before_share":"","sfsi_plus_gutenberg_show_text_before_share":"","sfsi_plus_gutenberg_icon_type":"","sfsi_plus_gutenberg_icon_alignemt":"","sfsi_plus_gutenburg_max_per_row":"","footnotes":""},"categories":[10,1,7],"tags":[],"class_list":["post-917","post","type-post","status-publish","format-standard","has-post-thumbnail","hentry","category-destaques","category-noticias","category-parana"],"_links":{"self":[{"href":"https:\/\/noticiasregionais.com.br\/index.php?rest_route=\/wp\/v2\/posts\/917","targetHints":{"allow":["GET"]}}],"collection":[{"href":"https:\/\/noticiasregionais.com.br\/index.php?rest_route=\/wp\/v2\/posts"}],"about":[{"href":"https:\/\/noticiasregionais.com.br\/index.php?rest_route=\/wp\/v2\/types\/post"}],"author":[{"embeddable":true,"href":"https:\/\/noticiasregionais.com.br\/index.php?rest_route=\/wp\/v2\/users\/1"}],"replies":[{"embeddable":true,"href":"https:\/\/noticiasregionais.com.br\/index.php?rest_route=%2Fwp%2Fv2%2Fcomments&post=917"}],"version-history":[{"count":1,"href":"https:\/\/noticiasregionais.com.br\/index.php?rest_route=\/wp\/v2\/posts\/917\/revisions"}],"predecessor-version":[{"id":919,"href":"https:\/\/noticiasregionais.com.br\/index.php?rest_route=\/wp\/v2\/posts\/917\/revisions\/919"}],"wp:featuredmedia":[{"embeddable":true,"href":"https:\/\/noticiasregionais.com.br\/index.php?rest_route=\/wp\/v2\/media\/918"}],"wp:attachment":[{"href":"https:\/\/noticiasregionais.com.br\/index.php?rest_route=%2Fwp%2Fv2%2Fmedia&parent=917"}],"wp:term":[{"taxonomy":"category","embeddable":true,"href":"https:\/\/noticiasregionais.com.br\/index.php?rest_route=%2Fwp%2Fv2%2Fcategories&post=917"},{"taxonomy":"post_tag","embeddable":true,"href":"https:\/\/noticiasregionais.com.br\/index.php?rest_route=%2Fwp%2Fv2%2Ftags&post=917"}],"curies":[{"name":"wp","href":"https:\/\/api.w.org\/{rel}","templated":true}]}}