{"id":922,"date":"2023-10-22T09:52:26","date_gmt":"2023-10-22T12:52:26","guid":{"rendered":"https:\/\/noticiasregionais.com.br\/?p=922"},"modified":"2023-10-22T09:55:54","modified_gmt":"2023-10-22T12:55:54","slug":"corinthians-bate-palmeiras-e-conquista-libertadores-feminina-2023","status":"publish","type":"post","link":"https:\/\/noticiasregionais.com.br\/?p=922","title":{"rendered":"Corinthians bate Palmeiras e conquista Libertadores feminina 2023"},"content":{"rendered":"\n<p class=\"has-text-align-center\"><strong>Em uma final 100% brasileira, as Brabas do Corinthians bateram as palmeirenses por 1 a 0 na final da Libertadores feminina e impediram o bicampeonato da equipe alviverde.<\/strong><\/p>\n\n\n\n<p>Em uma final 100% brasileira, as Brabas do Corinthians bateram as palmeirenses por 1 a 0 na final da Libertadores feminina, na Col\u00f4mbia, e impediram o bicampeonato da equipe alviverde.<\/p>\n\n\n\n<p>O gol marcado por Millene aos 29 do primeiro tempo deu \u00e0 equipe de Parque S\u00e3o Jorge o quarto t\u00edtulo da competi\u00e7\u00e3o continental.<\/p>\n\n\n\n<p>Aos 17 minutos do primeiro tempo, a corintiana Vic Albuquerque desperdi\u00e7ou a chance de abrir o placar ao cobrar p\u00eanalti na trave.<\/p>\n\n\n\n<p>O Palmeiras, campe\u00e3o em 2022, buscava o bicampeonato na sua segunda participa\u00e7\u00e3o na competi\u00e7\u00e3o.<\/p>\n\n\n\n<p>O Corinthians jogou a parte final da partida com dez atletas. A zagueira Tarciane foi expulsa aos 23 minutos do segundo tempo ap\u00f3s receber o segundo amarelo por falta em Bia Zaneratto.<\/p>\n\n\n\n<p>Foi a segunda vez que dois clubes do Brasil se enfrentaram em busca do t\u00edtulo. Em 2019, o Corinthians fez 2 a 0 sobre a Ferrovi\u00e1ria, equipe de Araraquara.<\/p>\n\n\n\n<p>Tr\u00eas clubes brasileiros estavam, nas semifinais. O Corinthians se classificou para a final no dia 18 ao bater o Internacional (RS), nos p\u00eanaltis, ap\u00f3s empate de 0 a 0 no tempo normal. No dia 17, o Palmeiras havia vencido o Atl\u00e9tico Nacional (COL)<\/p>\n\n\n\n<p>\u00c0 tarde, antes da final, Atl\u00e9tico Nacional e Internacional disputaram a terceira coloca\u00e7\u00e3o. A equipe colombiana venceu por 3 a 2.<\/p>\n\n\n\n<p><strong>As campe\u00e3os da Libertadores<\/strong><\/p>\n\n\n\n<p>2009 &#8211; Santos<br>2010 &#8211; Santos<br>2011 &#8211; S\u00e3o Jos\u00e9 (SP)<br>2012 &#8211; Colo-Colo (CHI)<br>2013 &#8211; S\u00e3o Jos\u00e9 (SP)<br>2014 &#8211; S\u00e3o Jos\u00e9 (SP)<br>2015 &#8211; Ferrovi\u00e1ria (SP)<br>2016 &#8211; Sportivo Limpe\u00f1o (PAR)<br>2017 &#8211; Corinthians\/Audax<br>2018 &#8211; Atl\u00e9tico Huila (COL)<br>2019 &#8211; Corinthians<br>2020 &#8211; Ferrovi\u00e1ria<br>2021 &#8211; Corinthians<br>2022 &#8211; Palmeiras<br>2023 &#8211; Corinthians<\/p>\n\n\n\n<p><strong><sub>fonte: Sampi \/ Folhapress<\/sub><\/strong><\/p>\n<input type=\"hidden\" id=\"baseurl\" value=\"https:\/\/noticiasregionais.com.br\"><input type=\"hidden\" id=\"audio_nonce\" value=\"533fbb67b1\">","protected":false},"excerpt":{"rendered":"<p>Em uma final 100% brasileira, as Brabas do Corinthians bateram as palmeirenses por 1 a 0 na final da Libertadores&hellip;<\/p>\n","protected":false},"author":1,"featured_media":923,"comment_status":"closed","ping_status":"open","sticky":false,"template":"","format":"standard","meta":{"sfsi_plus_gutenberg_text_before_share":"","sfsi_plus_gutenberg_show_text_before_share":"","sfsi_plus_gutenberg_icon_type":"","sfsi_plus_gutenberg_icon_alignemt":"","sfsi_plus_gutenburg_max_per_row":"","footnotes":""},"categories":[8,12,1],"tags":[],"class_list":["post-922","post","type-post","status-publish","format-standard","has-post-thumbnail","hentry","category-brasil","category-capa","category-noticias"],"_links":{"self":[{"href":"https:\/\/noticiasregionais.com.br\/index.php?rest_route=\/wp\/v2\/posts\/922","targetHints":{"allow":["GET"]}}],"collection":[{"href":"https:\/\/noticiasregionais.com.br\/index.php?rest_route=\/wp\/v2\/posts"}],"about":[{"href":"https:\/\/noticiasregionais.com.br\/index.php?rest_route=\/wp\/v2\/types\/post"}],"author":[{"embeddable":true,"href":"https:\/\/noticiasregionais.com.br\/index.php?rest_route=\/wp\/v2\/users\/1"}],"replies":[{"embeddable":true,"href":"https:\/\/noticiasregionais.com.br\/index.php?rest_route=%2Fwp%2Fv2%2Fcomments&post=922"}],"version-history":[{"count":2,"href":"https:\/\/noticiasregionais.com.br\/index.php?rest_route=\/wp\/v2\/posts\/922\/revisions"}],"predecessor-version":[{"id":925,"href":"https:\/\/noticiasregionais.com.br\/index.php?rest_route=\/wp\/v2\/posts\/922\/revisions\/925"}],"wp:featuredmedia":[{"embeddable":true,"href":"https:\/\/noticiasregionais.com.br\/index.php?rest_route=\/wp\/v2\/media\/923"}],"wp:attachment":[{"href":"https:\/\/noticiasregionais.com.br\/index.php?rest_route=%2Fwp%2Fv2%2Fmedia&parent=922"}],"wp:term":[{"taxonomy":"category","embeddable":true,"href":"https:\/\/noticiasregionais.com.br\/index.php?rest_route=%2Fwp%2Fv2%2Fcategories&post=922"},{"taxonomy":"post_tag","embeddable":true,"href":"https:\/\/noticiasregionais.com.br\/index.php?rest_route=%2Fwp%2Fv2%2Ftags&post=922"}],"curies":[{"name":"wp","href":"https:\/\/api.w.org\/{rel}","templated":true}]}}