{"id":926,"date":"2023-10-22T10:03:29","date_gmt":"2023-10-22T13:03:29","guid":{"rendered":"https:\/\/noticiasregionais.com.br\/?p=926"},"modified":"2023-10-22T10:03:41","modified_gmt":"2023-10-22T13:03:41","slug":"cartao-de-confirmacao-do-enem-sera-disponibilizado-terca-feira","status":"publish","type":"post","link":"https:\/\/noticiasregionais.com.br\/?p=926","title":{"rendered":"Cart\u00e3o de confirma\u00e7\u00e3o do Enem ser\u00e1 disponibilizado ter\u00e7a-feira"},"content":{"rendered":"\n<p class=\"has-text-align-center\"><strong>Provas ocorrer\u00e3o nos domingos\u00a05 e 12 de novembro<\/strong><\/p>\n\n\n\n<p>O Instituto Nacional de Estudos e Pesquisas Educacionais An\u00edsio Teixeira (Inep), vinculado ao Minist\u00e9rio da Educa\u00e7\u00e3o, disponibilizar\u00e1, na ter\u00e7a-feira (24), o Cart\u00e3o de Confirma\u00e7\u00e3o de Inscri\u00e7\u00e3o do Exame Nacional do Ensino M\u00e9dio (Enem) 2023, na<a href=\"https:\/\/www.enem.inep.gov.br\/participante\/#!\/\" target=\"_blank\" rel=\"noreferrer noopener\">&nbsp;P\u00e1gina do Participante<\/a>.<img decoding=\"async\" src=\"https:\/\/agenciabrasil.ebc.com.br\/ebc.png?id=1562150&amp;o=node\"><img decoding=\"async\" src=\"https:\/\/agenciabrasil.ebc.com.br\/ebc.gif?id=1562150&amp;o=node\"><\/p>\n\n\n\n<p>O documento traz as informa\u00e7\u00f5es do n\u00famero de inscri\u00e7\u00e3o, data, hora e local de prova, al\u00e9m de registrar se a pessoa dever\u00e1 contar com atendimento especializado ou tratamento por nome social. &nbsp;Apesar de n\u00e3o ser obrigat\u00f3rio, o Inep recomenda levar o cart\u00e3o nos dias do exame, que ser\u00e1 realizado em 5 e 12 de novembro.<\/p>\n\n\n\n<p>Para acess\u00e1-lo \u00e9 preciso utilizar o&nbsp;<a href=\"https:\/\/sso.acesso.gov.br\/login?client_id=www.gov.br&amp;authorization_id=18b53ffc573%C2%A0\" target=\"_blank\" rel=\"noreferrer noopener\"><em>login<\/em>&nbsp;\u00fanico<\/a>&nbsp;da plataforma Gov.br, digitar o n\u00famero do Cadastro de Pessoa F\u00edsica (CPF) e a senha cadastrada.<\/p>\n\n\n\n<h2 class=\"wp-block-heading\">Enem<\/h2>\n\n\n\n<p>H\u00e1 mais de duas d\u00e9cadas, o Enem avalia o desempenho escolar dos estudantes ao t\u00e9rmino da educa\u00e7\u00e3o b\u00e1sica, no fim do 3\u00ba ano do ensino m\u00e9dio. O exame \u00e9 a principal porta de entrada para a educa\u00e7\u00e3o superior no Brasil, por meio do Sistema de Sele\u00e7\u00e3o Unificada (Sisu) e de iniciativas como o Programa Universidade para Todos (Prouni).<\/p>\n\n\n\n<p>Institui\u00e7\u00f5es de ensino p\u00fablicas e privadas consideram os resultados objetivos obtidos pelos inscritos no Enem nos processos seletivos para dar acesso ao ensino superior&nbsp;no Brasil.<\/p>\n\n\n\n<p>As notas do Enem tamb\u00e9m servem de par\u00e2metro para acesso a aux\u00edlios governamentais, como o Fundo de Financiamento Estudantil (Fies), que financia a gradua\u00e7\u00e3o de estudantes matriculados em cursos presenciais n\u00e3o gratuitos.<\/p>\n\n\n\n<p>&nbsp;Em Portugal tamb\u00e9m, algumas institui\u00e7\u00f5es que t\u00eam&nbsp;conv\u00eanio com o Inep&nbsp;aceitam as notas do exame para o ingresso de estudantes brasileiros interessados em cursar a educa\u00e7\u00e3o superior no pa\u00eds.<\/p>\n\n\n\n<p>Para mais informa\u00e7\u00f5es, acesse o\u00a0<a href=\"https:\/\/www.in.gov.br\/en\/web\/dou\/-\/edital-n-30-de-5-de-maio-de-2023-481632388\" target=\"_blank\" rel=\"noreferrer noopener\">edital do Enem 2023<\/a>.<\/p>\n\n\n\n<p><strong><sub>fonte: Ag\u00eancia Brasil &#8211; EBC<\/sub><\/strong><\/p>\n<input type=\"hidden\" id=\"baseurl\" value=\"https:\/\/noticiasregionais.com.br\"><input type=\"hidden\" id=\"audio_nonce\" value=\"533fbb67b1\">","protected":false},"excerpt":{"rendered":"<p>Provas ocorrer\u00e3o nos domingos\u00a05 e 12 de novembro O Instituto Nacional de Estudos e Pesquisas Educacionais An\u00edsio Teixeira (Inep), vinculado&hellip;<\/p>\n","protected":false},"author":1,"featured_media":927,"comment_status":"closed","ping_status":"open","sticky":false,"template":"","format":"standard","meta":{"sfsi_plus_gutenberg_text_before_share":"","sfsi_plus_gutenberg_show_text_before_share":"","sfsi_plus_gutenberg_icon_type":"","sfsi_plus_gutenberg_icon_alignemt":"","sfsi_plus_gutenburg_max_per_row":"","footnotes":""},"categories":[8,10,1],"tags":[],"class_list":["post-926","post","type-post","status-publish","format-standard","has-post-thumbnail","hentry","category-brasil","category-destaques","category-noticias"],"_links":{"self":[{"href":"https:\/\/noticiasregionais.com.br\/index.php?rest_route=\/wp\/v2\/posts\/926","targetHints":{"allow":["GET"]}}],"collection":[{"href":"https:\/\/noticiasregionais.com.br\/index.php?rest_route=\/wp\/v2\/posts"}],"about":[{"href":"https:\/\/noticiasregionais.com.br\/index.php?rest_route=\/wp\/v2\/types\/post"}],"author":[{"embeddable":true,"href":"https:\/\/noticiasregionais.com.br\/index.php?rest_route=\/wp\/v2\/users\/1"}],"replies":[{"embeddable":true,"href":"https:\/\/noticiasregionais.com.br\/index.php?rest_route=%2Fwp%2Fv2%2Fcomments&post=926"}],"version-history":[{"count":1,"href":"https:\/\/noticiasregionais.com.br\/index.php?rest_route=\/wp\/v2\/posts\/926\/revisions"}],"predecessor-version":[{"id":928,"href":"https:\/\/noticiasregionais.com.br\/index.php?rest_route=\/wp\/v2\/posts\/926\/revisions\/928"}],"wp:featuredmedia":[{"embeddable":true,"href":"https:\/\/noticiasregionais.com.br\/index.php?rest_route=\/wp\/v2\/media\/927"}],"wp:attachment":[{"href":"https:\/\/noticiasregionais.com.br\/index.php?rest_route=%2Fwp%2Fv2%2Fmedia&parent=926"}],"wp:term":[{"taxonomy":"category","embeddable":true,"href":"https:\/\/noticiasregionais.com.br\/index.php?rest_route=%2Fwp%2Fv2%2Fcategories&post=926"},{"taxonomy":"post_tag","embeddable":true,"href":"https:\/\/noticiasregionais.com.br\/index.php?rest_route=%2Fwp%2Fv2%2Ftags&post=926"}],"curies":[{"name":"wp","href":"https:\/\/api.w.org\/{rel}","templated":true}]}}