{"id":929,"date":"2023-10-22T10:09:30","date_gmt":"2023-10-22T13:09:30","guid":{"rendered":"https:\/\/noticiasregionais.com.br\/?p=929"},"modified":"2023-10-22T10:09:41","modified_gmt":"2023-10-22T13:09:41","slug":"suspeito-de-zoofilia-e-de-matar-cachorra-a-marretadas-nega-acordo-na-justica-em-marilia","status":"publish","type":"post","link":"https:\/\/noticiasregionais.com.br\/?p=929","title":{"rendered":"Suspeito de zoofilia e de matar cachorra a marretadas nega acordo na Justi\u00e7a em Mar\u00edlia"},"content":{"rendered":"\n<p class=\"has-text-align-center\"><strong>Com isso, o homem de 56 anos deve responder criminalmente pelos atos de maus-tratos, que preveem pris\u00e3o de 2 a 5 anos. Em v\u00eddeo, ele confessa ter abusado sexualmente do animal e, no dia seguinte, mat\u00e1-lo.<\/strong><\/p>\n\n\n\n<p>O homem de 56 anos suspeito de abusar sexualmente e matar a marretadas uma cachorra de seis meses, em Mar\u00edlia (SP) em mar\u00e7o deste ano negou o acordo que foi proposto pela promotoria do Minist\u00e9rio P\u00fablico.<\/p>\n\n\n\n<p>O homem teria praticado a zoofilia e causados s\u00e9rios ferimentos na cachorra. No dia seguinte, ele a matou com golpes de marretada e a enterrou no quintal.<\/p>\n\n\n\n<p>Com a negativa da defesa em rela\u00e7\u00e3o ao acordo, o processo ter\u00e1 continuidade com depoimento de testemunhas do caso e o homem pode responder criminalmente por maus-tratos de animais, que prev\u00ea pris\u00e3o de 2 a 5 anos.<\/p>\n\n\n\n<p>O Acordo de N\u00e3o Persecu\u00e7\u00e3o Penal (ANPP) foi proposto em maio desse ano e apresentado em audi\u00eancia realizada em agosto.<\/p>\n\n\n\n<p>Pelo acordo, o suspeito deveria confessar formalmente o crime; prestar servi\u00e7os \u00e0 comunidade pelo per\u00edodo de 8 meses ou o pagamento de multa no valor de um sal\u00e1rio m\u00ednimo (R$ 1.320,00); avisar a justi\u00e7a de qualquer mudan\u00e7a de endere\u00e7o, telefone ou e-mail; apresentar a documenta\u00e7\u00e3o do acordo, se firmado, sempre que solicitado por autoridades e tamb\u00e9m estabelecia a proibi\u00e7\u00e3o do homem ter novos animais de estima\u00e7\u00e3o.<\/p>\n\n\n\n<p>Apesar da continuidade do processo e da possibilidade do suspeito responder criminalmente pelo abuso sexual e pela morte da cadela, o respons\u00e1vel pela Organiza\u00e7\u00e3o N\u00e3o Governamental (ONG) Sociedade Protetora dos Animais (Spaddes), que denunciou o crime, Gabriel Fernando, viu com preocupa\u00e7\u00e3o um caso grave de maus-tratos ter sido submetido a um ANPP.<\/p>\n\n\n\n<p>De acordo com o protetor, a legisla\u00e7\u00e3o de prote\u00e7\u00e3o aos animais v\u00edtimas de maus-tratos, a chamada Lei Sans\u00e3o de 2020, prev\u00ea a penalidade de reclus\u00e3o de de 2 (dois) a 5 (cinco) anos, multa e proibi\u00e7\u00e3o da guarda.<\/p>\n\n\n\n<p>Nesse caso, o crime deixa de ser de menor potencial ofensivo e perde benef\u00edcios como a possibilidade de acordo n\u00e3o criminal, isso porque esse tipo de acordo s\u00f3 \u00e9 aplic\u00e1vel em casos em que n\u00e3o h\u00e1 emprego de viol\u00eancia. Segundo Gabriel, casos assim podem colaborar com a sensa\u00e7\u00e3o de impunidade.<\/p>\n\n\n\n<p>&#8220;\u00c9 revoltante, respeito a decis\u00e3o do promotor de Justi\u00e7a, mais tamb\u00e9m n\u00e3o podemos fechar os olhos para crueldade contra os animais, esse indiv\u00edduo precisa ser condenado pelo crime de maus-tratos&#8221;, afirma.<\/p>\n\n\n\n<p><strong><sub>fonte: G1 Mar\u00edlia e Bauru<\/sub><\/strong><\/p>\n<input type=\"hidden\" id=\"baseurl\" value=\"https:\/\/noticiasregionais.com.br\"><input type=\"hidden\" id=\"audio_nonce\" value=\"533fbb67b1\">","protected":false},"excerpt":{"rendered":"<p>Com isso, o homem de 56 anos deve responder criminalmente pelos atos de maus-tratos, que preveem pris\u00e3o de 2 a&hellip;<\/p>\n","protected":false},"author":1,"featured_media":930,"comment_status":"closed","ping_status":"open","sticky":false,"template":"","format":"standard","meta":{"sfsi_plus_gutenberg_text_before_share":"","sfsi_plus_gutenberg_show_text_before_share":"","sfsi_plus_gutenberg_icon_type":"","sfsi_plus_gutenberg_icon_alignemt":"","sfsi_plus_gutenburg_max_per_row":"","footnotes":""},"categories":[6,10,1],"tags":[],"class_list":["post-929","post","type-post","status-publish","format-standard","has-post-thumbnail","hentry","category-sao_paulo","category-destaques","category-noticias"],"_links":{"self":[{"href":"https:\/\/noticiasregionais.com.br\/index.php?rest_route=\/wp\/v2\/posts\/929","targetHints":{"allow":["GET"]}}],"collection":[{"href":"https:\/\/noticiasregionais.com.br\/index.php?rest_route=\/wp\/v2\/posts"}],"about":[{"href":"https:\/\/noticiasregionais.com.br\/index.php?rest_route=\/wp\/v2\/types\/post"}],"author":[{"embeddable":true,"href":"https:\/\/noticiasregionais.com.br\/index.php?rest_route=\/wp\/v2\/users\/1"}],"replies":[{"embeddable":true,"href":"https:\/\/noticiasregionais.com.br\/index.php?rest_route=%2Fwp%2Fv2%2Fcomments&post=929"}],"version-history":[{"count":1,"href":"https:\/\/noticiasregionais.com.br\/index.php?rest_route=\/wp\/v2\/posts\/929\/revisions"}],"predecessor-version":[{"id":931,"href":"https:\/\/noticiasregionais.com.br\/index.php?rest_route=\/wp\/v2\/posts\/929\/revisions\/931"}],"wp:featuredmedia":[{"embeddable":true,"href":"https:\/\/noticiasregionais.com.br\/index.php?rest_route=\/wp\/v2\/media\/930"}],"wp:attachment":[{"href":"https:\/\/noticiasregionais.com.br\/index.php?rest_route=%2Fwp%2Fv2%2Fmedia&parent=929"}],"wp:term":[{"taxonomy":"category","embeddable":true,"href":"https:\/\/noticiasregionais.com.br\/index.php?rest_route=%2Fwp%2Fv2%2Fcategories&post=929"},{"taxonomy":"post_tag","embeddable":true,"href":"https:\/\/noticiasregionais.com.br\/index.php?rest_route=%2Fwp%2Fv2%2Ftags&post=929"}],"curies":[{"name":"wp","href":"https:\/\/api.w.org\/{rel}","templated":true}]}}