{"id":932,"date":"2023-10-23T12:02:38","date_gmt":"2023-10-23T15:02:38","guid":{"rendered":"https:\/\/noticiasregionais.com.br\/?p=932"},"modified":"2023-10-23T12:02:49","modified_gmt":"2023-10-23T15:02:49","slug":"ataque-a-tiros-em-escola-de-sao-paulo-deixa-uma-aluna-morta-e-tres-feridos","status":"publish","type":"post","link":"https:\/\/noticiasregionais.com.br\/?p=932","title":{"rendered":"Ataque a tiros em escola de S\u00e3o Paulo deixa uma aluna morta e tr\u00eas feridos"},"content":{"rendered":"\n<p class=\"has-text-align-center\"><strong>O atirador \u00e9 aluno da escola e tem 16 anos; ele seria v\u00edtima frequente de bullying por parte dos colegas da escola.<\/strong><\/p>\n\n\n\n<p>Um ataque com arma de fogo deixou uma aluna morta e duas pessoas feridas na Escola Estadual Sapopemba, no Jardim Sapopemba, na zona leste de S\u00e3o Paulo, na manh\u00e3 desta segunda (23).<\/p>\n\n\n\n<p>De acordo com informa\u00e7\u00f5es preliminares da Pol\u00edcia Militar, por volta das 7h30, uma pessoa entrou no col\u00e9gio e efetuou diversos disparos.<\/p>\n\n\n\n<p>O atirador \u00e9 aluno da escola e tem 16 anos. Ele seria v\u00edtima frequente de bullying por parte dos colegas da escola.<\/p>\n\n\n\n<p>Os tr\u00eas feridos foram socorridos ao pronto-socorro do Hospital Sapopemba. A aluna foi atingida por um disparo na cabe\u00e7a. Outras duas pessoas tiveram ferimentos no ombro e no t\u00f3rax. O estado de sa\u00fade delas ainda n\u00e3o foi divulgado.<\/p>\n\n\n\n<p>O atirador foi detido por equipes da Pol\u00edcia Militar e levado ao 70\u00ba DP (Sapopemba). Ainda n\u00e3o h\u00e1 informa\u00e7\u00f5es da identidade do atirador ou a motiva\u00e7\u00e3o do crime.<\/p>\n\n\n\n<p>Dezenas de viaturas da PM, do Samu (Servi\u00e7o de Atendimento M\u00f3vel de Urg\u00eancia) e do Corpo de Bombeiros est\u00e3o na regi\u00e3o.<\/p>\n\n\n\n<p>O governo Tarc\u00edsio de Freitas (Republicanos) lamentou o epis\u00f3dio.<\/p>\n\n\n\n<p>&#8220;O Governo de SP lamenta profundamente e se solidariza com as fam\u00edlias das v\u00edtimas do ataque ocorrido na manh\u00e3 desta segunda-feira (23) na Escola Estadual Sapopemba. Nesse momento, a prioridade \u00e9 o atendimento \u00e0s v\u00edtimas e apoio psicol\u00f3gico aos alunos, profissionais da educa\u00e7\u00e3o e familiares&#8221;, informou em nota.<\/p>\n\n\n\n<p>&#8220;Durante o ataque a tiros, tr\u00eas alunos foram atingidos. Uma aluna morreu e outros tr\u00eas feridos est\u00e3o sendo atendidos no Hospital Geral de Sapopemba, sendo um deles que se machucou ao tentar fugir durante o ataque. A Pol\u00edcia Militar foi acionada e apreendeu o autor dos disparos e a arma utilizada por ele&#8221;, informou o governo.<\/p>\n\n\n\n<p>Segundo assessoria, mais informa\u00e7\u00f5es sobre o estado de sa\u00fade das v\u00edtimas e investiga\u00e7\u00e3o do ataque ser\u00e3o divulgadas em breve.<\/p>\n\n\n\n<p><strong><sub>fonte: Sampi \/ Folhapress<\/sub><\/strong><\/p>\n<input type=\"hidden\" id=\"baseurl\" value=\"https:\/\/noticiasregionais.com.br\"><input type=\"hidden\" id=\"audio_nonce\" value=\"533fbb67b1\">","protected":false},"excerpt":{"rendered":"<p>O atirador \u00e9 aluno da escola e tem 16 anos; ele seria v\u00edtima frequente de bullying por parte dos colegas&hellip;<\/p>\n","protected":false},"author":1,"featured_media":933,"comment_status":"closed","ping_status":"open","sticky":false,"template":"","format":"standard","meta":{"sfsi_plus_gutenberg_text_before_share":"","sfsi_plus_gutenberg_show_text_before_share":"","sfsi_plus_gutenberg_icon_type":"","sfsi_plus_gutenberg_icon_alignemt":"","sfsi_plus_gutenburg_max_per_row":"","footnotes":""},"categories":[6,12,1],"tags":[],"class_list":["post-932","post","type-post","status-publish","format-standard","has-post-thumbnail","hentry","category-sao_paulo","category-capa","category-noticias"],"_links":{"self":[{"href":"https:\/\/noticiasregionais.com.br\/index.php?rest_route=\/wp\/v2\/posts\/932","targetHints":{"allow":["GET"]}}],"collection":[{"href":"https:\/\/noticiasregionais.com.br\/index.php?rest_route=\/wp\/v2\/posts"}],"about":[{"href":"https:\/\/noticiasregionais.com.br\/index.php?rest_route=\/wp\/v2\/types\/post"}],"author":[{"embeddable":true,"href":"https:\/\/noticiasregionais.com.br\/index.php?rest_route=\/wp\/v2\/users\/1"}],"replies":[{"embeddable":true,"href":"https:\/\/noticiasregionais.com.br\/index.php?rest_route=%2Fwp%2Fv2%2Fcomments&post=932"}],"version-history":[{"count":1,"href":"https:\/\/noticiasregionais.com.br\/index.php?rest_route=\/wp\/v2\/posts\/932\/revisions"}],"predecessor-version":[{"id":934,"href":"https:\/\/noticiasregionais.com.br\/index.php?rest_route=\/wp\/v2\/posts\/932\/revisions\/934"}],"wp:featuredmedia":[{"embeddable":true,"href":"https:\/\/noticiasregionais.com.br\/index.php?rest_route=\/wp\/v2\/media\/933"}],"wp:attachment":[{"href":"https:\/\/noticiasregionais.com.br\/index.php?rest_route=%2Fwp%2Fv2%2Fmedia&parent=932"}],"wp:term":[{"taxonomy":"category","embeddable":true,"href":"https:\/\/noticiasregionais.com.br\/index.php?rest_route=%2Fwp%2Fv2%2Fcategories&post=932"},{"taxonomy":"post_tag","embeddable":true,"href":"https:\/\/noticiasregionais.com.br\/index.php?rest_route=%2Fwp%2Fv2%2Ftags&post=932"}],"curies":[{"name":"wp","href":"https:\/\/api.w.org\/{rel}","templated":true}]}}