{"id":935,"date":"2023-10-23T12:10:42","date_gmt":"2023-10-23T15:10:42","guid":{"rendered":"https:\/\/noticiasregionais.com.br\/?p=935"},"modified":"2023-10-23T12:10:54","modified_gmt":"2023-10-23T15:10:54","slug":"tempo-deve-mudar-nessa-terca-e-ha-possibilidade-de-chuva-com-granizo-no-estado-de-sao-paulo","status":"publish","type":"post","link":"https:\/\/noticiasregionais.com.br\/?p=935","title":{"rendered":"Tempo deve mudar nessa Ter\u00e7a e h\u00e1 possibilidade de chuva com granizo no estado de S\u00e3o Paulo"},"content":{"rendered":"\n<p>Nesta ter\u00e7a-feira 24, o dia deve amanhecer com o Sol entre muitas nuvens em todo Estado de S\u00e3o Paulo. A tend\u00eancia \u00e9 de que se mantenha assim durante toda manh\u00e3, e partir do in\u00edcio da tarde, a aproxima\u00e7\u00e3o de uma frente fria, juntamente com \u00e1reas de instabilidade que dever\u00e3o se criar, devem contribuir para pancadas de chuva forte sobre todas as \u00e1reas monitoradas, principalmente no corredor sul e leste do Estado. Essas pancadas devem estar acompanhadas de rajadas de vento, descargas el\u00e9tricas e at\u00e9 mesmo granizo em alguns pontos. A m\u00e1xima para a ter\u00e7a-feira na capital \u00e9 de 30\u00b0C, e m\u00ednima de 18. Em Ara\u00e7atuba, a m\u00e1xima ser\u00e1 de 37 e a m\u00ednima de 22\u00b0C. J\u00e1 Campinas, m\u00e1xima de 31\u00b0C e m\u00ednima de 16. Em dias de chuva, acompanhe a previs\u00e3o do tempo pelas redes sociais oficiais da Defesa Civil e caso necess\u00e1rio mude seu itiner\u00e1rio. N\u00e3o se exponha e evite permanecer em \u00e1reas de risco.<\/p>\n<input type=\"hidden\" id=\"baseurl\" value=\"https:\/\/noticiasregionais.com.br\"><input type=\"hidden\" id=\"audio_nonce\" value=\"533fbb67b1\">","protected":false},"excerpt":{"rendered":"<p>Nesta ter\u00e7a-feira 24, o dia deve amanhecer com o Sol entre muitas nuvens em todo Estado de S\u00e3o Paulo. A&hellip;<\/p>\n","protected":false},"author":1,"featured_media":936,"comment_status":"closed","ping_status":"open","sticky":false,"template":"","format":"standard","meta":{"sfsi_plus_gutenberg_text_before_share":"","sfsi_plus_gutenberg_show_text_before_share":"","sfsi_plus_gutenberg_icon_type":"","sfsi_plus_gutenberg_icon_alignemt":"","sfsi_plus_gutenburg_max_per_row":"","footnotes":""},"categories":[6,10,1],"tags":[],"class_list":["post-935","post","type-post","status-publish","format-standard","has-post-thumbnail","hentry","category-sao_paulo","category-destaques","category-noticias"],"_links":{"self":[{"href":"https:\/\/noticiasregionais.com.br\/index.php?rest_route=\/wp\/v2\/posts\/935","targetHints":{"allow":["GET"]}}],"collection":[{"href":"https:\/\/noticiasregionais.com.br\/index.php?rest_route=\/wp\/v2\/posts"}],"about":[{"href":"https:\/\/noticiasregionais.com.br\/index.php?rest_route=\/wp\/v2\/types\/post"}],"author":[{"embeddable":true,"href":"https:\/\/noticiasregionais.com.br\/index.php?rest_route=\/wp\/v2\/users\/1"}],"replies":[{"embeddable":true,"href":"https:\/\/noticiasregionais.com.br\/index.php?rest_route=%2Fwp%2Fv2%2Fcomments&post=935"}],"version-history":[{"count":1,"href":"https:\/\/noticiasregionais.com.br\/index.php?rest_route=\/wp\/v2\/posts\/935\/revisions"}],"predecessor-version":[{"id":937,"href":"https:\/\/noticiasregionais.com.br\/index.php?rest_route=\/wp\/v2\/posts\/935\/revisions\/937"}],"wp:featuredmedia":[{"embeddable":true,"href":"https:\/\/noticiasregionais.com.br\/index.php?rest_route=\/wp\/v2\/media\/936"}],"wp:attachment":[{"href":"https:\/\/noticiasregionais.com.br\/index.php?rest_route=%2Fwp%2Fv2%2Fmedia&parent=935"}],"wp:term":[{"taxonomy":"category","embeddable":true,"href":"https:\/\/noticiasregionais.com.br\/index.php?rest_route=%2Fwp%2Fv2%2Fcategories&post=935"},{"taxonomy":"post_tag","embeddable":true,"href":"https:\/\/noticiasregionais.com.br\/index.php?rest_route=%2Fwp%2Fv2%2Ftags&post=935"}],"curies":[{"name":"wp","href":"https:\/\/api.w.org\/{rel}","templated":true}]}}