{"id":938,"date":"2023-10-23T13:23:57","date_gmt":"2023-10-23T16:23:57","guid":{"rendered":"https:\/\/noticiasregionais.com.br\/?p=938"},"modified":"2023-10-23T13:24:09","modified_gmt":"2023-10-23T16:24:09","slug":"pauta-da-camara-apresenta-muitos-requerimentos-de-servicos-corriqueiros-e-ate-solicitacoes-repetidas","status":"publish","type":"post","link":"https:\/\/noticiasregionais.com.br\/?p=938","title":{"rendered":"Pauta da C\u00e2mara apresenta muitos requerimentos de servi\u00e7os corriqueiros e at\u00e9 &#8220;solicita\u00e7\u00f5es repetidas&#8221;"},"content":{"rendered":"\n<p>A C\u00e2mara Municipal de Ourinhos deve realizar na noite desta segunda-feira (23), a 36\u00aa. Sess\u00e3o Ordin\u00e1ria do legislativo. Na pauta, 24 requerimentos ou indica\u00e7\u00f5es solicitando a troca de l\u00e2mpadas comuns por LED ou manuten\u00e7\u00f5es, 12 requerimentos ou indica\u00e7\u00f5es de Recapeamento, reperfilamento e tapa-buracos, 04 retirada de galhadas e entulho, 02 retiradas de \u00e1rvores que cairam com temporal e mais algumas solicita\u00e7\u00f5es de servi\u00e7os corriqueiros, que em sua maioria foram solicitados por parlamentares da base de apoio do Prefeito Municipal.<\/p>\n\n\n\n<p>O destaque ficou para um requerimento do Vereador Alexandre Enfermeiro: Requerimento N\u00ba 1583\/2023 &#8220;Requer junto a Secretaria Municipal de Sa\u00fade informa\u00e7\u00e3o sobre a possibilidade de contrata\u00e7\u00e3o de M\u00e9dico Neuro Pediatra , de forma emergencial.&#8221; Que repete algo j\u00e1 solicitado pelo Vereador Guilherme Gon\u00e7alves na \u00faltima sess\u00e3o.<\/p>\n\n\n\n<blockquote class=\"wp-block-quote is-layout-flow wp-block-quote-is-layout-flow\">\n<p>Durante a 35\u00aa Sess\u00e3o Ordin\u00e1ria, o vereador Guilherme Gon\u00e7alves apresentou o Requerimento N\u00ba 1537\/2023 solicitando a contrata\u00e7\u00e3o de m\u00e9dico neuropediatra para atender no Post\u00e3o. &#8220;Existe uma grande demanda de atendimento, principalmente dos casos de crian\u00e7as autistas. Estou recebendo muitas mensagens de m\u00e3es preocupadas porque n\u00e3o conseguem atendimento especializado&#8221;, contou o vereador.<\/p>\n<\/blockquote>\n\n\n\n<p>Entre assuntos relevantes apresentados nessa Segunda tamb\u00e9m se destacam o pedido de informa\u00e7\u00f5es feito pela Vereadora Roberta do Enfrente:<\/p>\n\n\n\n<blockquote class=\"wp-block-quote is-layout-flow wp-block-quote-is-layout-flow\">\n<p>Reitera o Requerimento n\u00ba 1.118\/2023 que requer informa\u00e7\u00f5es sobre a n\u00e3o realiza\u00e7\u00e3o da FAPI nesse ano e a informa\u00e7\u00e3o amplamente divulgada pela gest\u00e3o municipal de que o investimento financeiro na Feira ser\u00e1 direcionado para a pol\u00edtica municipal de sa\u00fade para realiza\u00e7\u00e3o de cirurgias eletivas.<\/p>\n<\/blockquote>\n\n\n\n<p>A Solicita\u00e7\u00e3o do Vereador Guilherme Gon\u00e7alves sobre aquisi\u00e7\u00e3o de um equipamento fundamental para a UPA<\/p>\n\n\n\n<blockquote class=\"wp-block-quote is-layout-flow wp-block-quote-is-layout-flow\">\n<p>Requerimento N\u00ba 1601\/2023 &#8211; Requer informa\u00e7\u00f5es sobre a possibilidade de adquirir um aparelho de ultrassom para a UPA.<\/p>\n<\/blockquote>\n\n\n\n<p>E uma solicita\u00e7\u00e3o de informa\u00e7\u00f5es requeridas pelo Vereador Roberto Tasca sobre o n\u00famero de cirurgias eletivas realizadas no ano de 2023 (Requerimento N\u00ba 1584\/2023).<\/p>\n<input type=\"hidden\" id=\"baseurl\" value=\"https:\/\/noticiasregionais.com.br\"><input type=\"hidden\" id=\"audio_nonce\" value=\"533fbb67b1\">","protected":false},"excerpt":{"rendered":"<p>A C\u00e2mara Municipal de Ourinhos deve realizar na noite desta segunda-feira (23), a 36\u00aa. Sess\u00e3o Ordin\u00e1ria do legislativo. Na pauta,&hellip;<\/p>\n","protected":false},"author":1,"featured_media":939,"comment_status":"closed","ping_status":"open","sticky":false,"template":"","format":"standard","meta":{"sfsi_plus_gutenberg_text_before_share":"","sfsi_plus_gutenberg_show_text_before_share":"","sfsi_plus_gutenberg_icon_type":"","sfsi_plus_gutenberg_icon_alignemt":"","sfsi_plus_gutenburg_max_per_row":"","footnotes":""},"categories":[5,12,1],"tags":[],"class_list":["post-938","post","type-post","status-publish","format-standard","has-post-thumbnail","hentry","category-ourinhos","category-capa","category-noticias"],"_links":{"self":[{"href":"https:\/\/noticiasregionais.com.br\/index.php?rest_route=\/wp\/v2\/posts\/938","targetHints":{"allow":["GET"]}}],"collection":[{"href":"https:\/\/noticiasregionais.com.br\/index.php?rest_route=\/wp\/v2\/posts"}],"about":[{"href":"https:\/\/noticiasregionais.com.br\/index.php?rest_route=\/wp\/v2\/types\/post"}],"author":[{"embeddable":true,"href":"https:\/\/noticiasregionais.com.br\/index.php?rest_route=\/wp\/v2\/users\/1"}],"replies":[{"embeddable":true,"href":"https:\/\/noticiasregionais.com.br\/index.php?rest_route=%2Fwp%2Fv2%2Fcomments&post=938"}],"version-history":[{"count":1,"href":"https:\/\/noticiasregionais.com.br\/index.php?rest_route=\/wp\/v2\/posts\/938\/revisions"}],"predecessor-version":[{"id":940,"href":"https:\/\/noticiasregionais.com.br\/index.php?rest_route=\/wp\/v2\/posts\/938\/revisions\/940"}],"wp:featuredmedia":[{"embeddable":true,"href":"https:\/\/noticiasregionais.com.br\/index.php?rest_route=\/wp\/v2\/media\/939"}],"wp:attachment":[{"href":"https:\/\/noticiasregionais.com.br\/index.php?rest_route=%2Fwp%2Fv2%2Fmedia&parent=938"}],"wp:term":[{"taxonomy":"category","embeddable":true,"href":"https:\/\/noticiasregionais.com.br\/index.php?rest_route=%2Fwp%2Fv2%2Fcategories&post=938"},{"taxonomy":"post_tag","embeddable":true,"href":"https:\/\/noticiasregionais.com.br\/index.php?rest_route=%2Fwp%2Fv2%2Ftags&post=938"}],"curies":[{"name":"wp","href":"https:\/\/api.w.org\/{rel}","templated":true}]}}