{"id":941,"date":"2023-10-23T13:30:22","date_gmt":"2023-10-23T16:30:22","guid":{"rendered":"https:\/\/noticiasregionais.com.br\/?p=941"},"modified":"2023-10-23T13:30:34","modified_gmt":"2023-10-23T16:30:34","slug":"prefeitura-de-ourinhos-realiza-2a-noite-do-terror-nos-dias-27-e-28-de-outubro","status":"publish","type":"post","link":"https:\/\/noticiasregionais.com.br\/?p=941","title":{"rendered":"Prefeitura de Ourinhos realiza 2\u00aa Noite do Terror nos dias 27 e 28 de outubro"},"content":{"rendered":"\n<p>A Prefeitura de Ourinhos, por meio da Secretaria Municipal de Cultura, ir\u00e1 realizar nos dias 27 e 28 de outubro, a 2\u00aa Noite do Terror, na Vilamar (Biblioteca da Vila Margarida), a partir das 19h. A entrada \u00e9 1kg de ra\u00e7\u00e3o.<\/p>\n\n\n\n<p>O evento \u00e9 em comemora\u00e7\u00e3o ao Dia das Bruxas e o objetivo&nbsp;\u00e9 criar uma noite de descontra\u00e7\u00e3o, divers\u00e3o e muita cultura. A Biblioteca Municipal ser\u00e1 preparada com uma decora\u00e7\u00e3o tem\u00e1tica e personagens interpretados pelo Grupo Arte Sem Censura. No dia tamb\u00e9m ser\u00e3o exibidos curtas metragens de terror.<\/p>\n<input type=\"hidden\" id=\"baseurl\" value=\"https:\/\/noticiasregionais.com.br\"><input type=\"hidden\" id=\"audio_nonce\" value=\"533fbb67b1\">","protected":false},"excerpt":{"rendered":"<p>A Prefeitura de Ourinhos, por meio da Secretaria Municipal de Cultura, ir\u00e1 realizar nos dias 27 e 28 de outubro,&hellip;<\/p>\n","protected":false},"author":1,"featured_media":942,"comment_status":"closed","ping_status":"open","sticky":false,"template":"","format":"standard","meta":{"sfsi_plus_gutenberg_text_before_share":"","sfsi_plus_gutenberg_show_text_before_share":"","sfsi_plus_gutenberg_icon_type":"","sfsi_plus_gutenberg_icon_alignemt":"","sfsi_plus_gutenburg_max_per_row":"","footnotes":""},"categories":[5,10,1],"tags":[],"class_list":["post-941","post","type-post","status-publish","format-standard","has-post-thumbnail","hentry","category-ourinhos","category-destaques","category-noticias"],"_links":{"self":[{"href":"https:\/\/noticiasregionais.com.br\/index.php?rest_route=\/wp\/v2\/posts\/941","targetHints":{"allow":["GET"]}}],"collection":[{"href":"https:\/\/noticiasregionais.com.br\/index.php?rest_route=\/wp\/v2\/posts"}],"about":[{"href":"https:\/\/noticiasregionais.com.br\/index.php?rest_route=\/wp\/v2\/types\/post"}],"author":[{"embeddable":true,"href":"https:\/\/noticiasregionais.com.br\/index.php?rest_route=\/wp\/v2\/users\/1"}],"replies":[{"embeddable":true,"href":"https:\/\/noticiasregionais.com.br\/index.php?rest_route=%2Fwp%2Fv2%2Fcomments&post=941"}],"version-history":[{"count":1,"href":"https:\/\/noticiasregionais.com.br\/index.php?rest_route=\/wp\/v2\/posts\/941\/revisions"}],"predecessor-version":[{"id":943,"href":"https:\/\/noticiasregionais.com.br\/index.php?rest_route=\/wp\/v2\/posts\/941\/revisions\/943"}],"wp:featuredmedia":[{"embeddable":true,"href":"https:\/\/noticiasregionais.com.br\/index.php?rest_route=\/wp\/v2\/media\/942"}],"wp:attachment":[{"href":"https:\/\/noticiasregionais.com.br\/index.php?rest_route=%2Fwp%2Fv2%2Fmedia&parent=941"}],"wp:term":[{"taxonomy":"category","embeddable":true,"href":"https:\/\/noticiasregionais.com.br\/index.php?rest_route=%2Fwp%2Fv2%2Fcategories&post=941"},{"taxonomy":"post_tag","embeddable":true,"href":"https:\/\/noticiasregionais.com.br\/index.php?rest_route=%2Fwp%2Fv2%2Ftags&post=941"}],"curies":[{"name":"wp","href":"https:\/\/api.w.org\/{rel}","templated":true}]}}