{"id":949,"date":"2023-10-24T09:24:30","date_gmt":"2023-10-24T12:24:30","guid":{"rendered":"https:\/\/noticiasregionais.com.br\/?p=949"},"modified":"2023-10-24T09:44:10","modified_gmt":"2023-10-24T12:44:10","slug":"em-sessao-extraordinaria-vereadores-aprovam-transferencia-do-superavit-da-sae-para-prefeitura","status":"publish","type":"post","link":"https:\/\/noticiasregionais.com.br\/?p=949","title":{"rendered":"Em Sess\u00e3o Extraordin\u00e1ria, Vereadores aprovam transfer\u00eancia do super\u00e1vit da SAE para Prefeitura"},"content":{"rendered":"\n<p class=\"has-text-align-center\"><strong>Valor passa dos R$ 12 milh\u00f5es em 2023 e pode ser ainda maior em 2024 com reajustes de tarifas autorizados recentemente pelos vereadores<\/strong><\/p>\n\n\n\n<p>Em uma sess\u00e3o extraordin\u00e1ria convocada \u00e0s pressas, durante a realiza\u00e7\u00e3o da 36\u00aa Sess\u00e3o Ordin\u00e1ria, os vereadores de Ourinhos aprovaram a transfer\u00eancia do super\u00e1vit financeiro da SAE para a Prefeitura Municipal.<\/p>\n\n\n\n<blockquote class=\"wp-block-quote is-layout-flow wp-block-quote-is-layout-flow\">\n<p><strong>Projeto de Lei N\u00ba 83\/2023<\/strong><\/p>\n\n\n\n<p>Disp\u00f5e sobre a autoriza\u00e7\u00e3o para que a SAE Superintend\u00eancia de \u00c1gua e Esgoto realize transfer\u00eancia financeira relativa ao super\u00e1vit apresentado pela autarquia, em favor da Prefeitura de Ourinhos, e d\u00e1 outras provid\u00eancias.<\/p>\n<\/blockquote>\n\n\n\n<p><strong>Justificativa para a manobra:<\/strong> Fase Final de Concess\u00e3o da Autarquia<\/p>\n\n\n\n<blockquote class=\"wp-block-quote is-layout-flow wp-block-quote-is-layout-flow\">\n<p>&#8220;Estamos na reta final da fase de concess\u00e3o da SAE. As Leis n\u00ba 8.987\/95 e n\u00b0 9.074\/95, que regulamentam o regime de concess\u00e3o e permiss\u00e3o de servi\u00e7os p\u00fablicos, evidenciam a necessidade de pleno controle dos ativos e recursos financeiros. Esta proposta assegura a correta destina\u00e7\u00e3o dos recursos em prol da comunidade.&#8221;<\/p>\n<\/blockquote>\n\n\n\n<p><strong>Pressa e subservi\u00eancia dos vereadores<\/strong><\/p>\n\n\n\n<p>Mais uma vez, a grande maioria dos vereadores demonstrou pressa e subservi\u00eancia ao aprovar um projeto de tamanha relev\u00e2ncia sem discuss\u00e3o alguma.<\/p>\n\n\n\n<p>Votaram a favor Abel Diniz Fiel, Alexandre Florencio Dias, An\u00edsio Aparecido Felicetti, \u00c9der J\u00falio Mota, Ederson Aparecido Machado, Fernando Prado Francisco, Giovanni Gomes de Carvalho, Luiz Donizetti Bengozi, Nilce Araujo Garcia e Valter do Nascimento.<\/p>\n\n\n\n<p>Se posicionaram contra a forma com que o projeto foi conduzido Guilherme Andrew Gon\u00e7alves da Silva, Jos\u00e9 Roberto Tasca e Roberta Stopa.<\/p>\n\n\n\n<p><strong>Cidad\u00e3o ourinhense n\u00e3o foi ouvido<\/strong><\/p>\n\n\n\n<p>Mais uma vez, o cidad\u00e3o ourinhense n\u00e3o foi ouvido e o projeto n\u00e3o seguiu um rito regulamentar, certamente por tratar-se de uma medida que enfrentaria muita resist\u00eancia.<\/p>\n\n\n\n<p>Um fato que chamou a aten\u00e7\u00e3o foi a justificativa dada ao uso dos recursos.<\/p>\n\n\n\n<blockquote class=\"wp-block-quote is-layout-flow wp-block-quote-is-layout-flow\">\n<p><strong>Art. 2\u00ba. Os recursos oriundos da transfer\u00eancia financeira autorizada por esta Lei ser\u00e3o aplicados, exclusivamente, em:<\/strong><\/p>\n\n\n\n<p>1 \u2013 Aten\u00e7\u00e3o b\u00e1sica de sa\u00fade; 2 \u2013 Rede de urg\u00eancia e emerg\u00eancia da sa\u00fade p\u00fablica.<\/p>\n\n\n\n<p><strong>Justificativa com conota\u00e7\u00e3o pol\u00edtica<\/strong><\/p>\n<\/blockquote>\n\n\n\n<p>Os itens 1 e 2 fazem qualquer leitor atento relembrar, mesmo que sem rela\u00e7\u00e3o, os \u00faltimos eventos desfavor\u00e1veis \u00e0 atual gest\u00e3o:<\/p>\n\n\n\n<p><strong>A den\u00fancia da Procuradoria da Rep\u00fablica encaminhada ao Minist\u00e9rio P\u00fablico Federal solicitando explica\u00e7\u00f5es sobre a obra inacabada da UBS no Helena Br\u00e1s Vendramini;<\/strong><\/p>\n\n\n\n<p><strong>O epis\u00f3dio da ocupa\u00e7\u00e3o, devolu\u00e7\u00e3o e atual disputa judicial pelo SAMU.<\/strong><\/p>\n<input type=\"hidden\" id=\"baseurl\" value=\"https:\/\/noticiasregionais.com.br\"><input type=\"hidden\" id=\"audio_nonce\" value=\"533fbb67b1\">","protected":false},"excerpt":{"rendered":"<p>Valor passa dos R$ 12 milh\u00f5es em 2023 e pode ser ainda maior em 2024 com reajustes de tarifas autorizados&hellip;<\/p>\n","protected":false},"author":1,"featured_media":950,"comment_status":"closed","ping_status":"open","sticky":false,"template":"","format":"standard","meta":{"sfsi_plus_gutenberg_text_before_share":"","sfsi_plus_gutenberg_show_text_before_share":"","sfsi_plus_gutenberg_icon_type":"","sfsi_plus_gutenberg_icon_alignemt":"","sfsi_plus_gutenburg_max_per_row":"","footnotes":""},"categories":[5,12,1],"tags":[],"class_list":["post-949","post","type-post","status-publish","format-standard","has-post-thumbnail","hentry","category-ourinhos","category-capa","category-noticias"],"_links":{"self":[{"href":"https:\/\/noticiasregionais.com.br\/index.php?rest_route=\/wp\/v2\/posts\/949","targetHints":{"allow":["GET"]}}],"collection":[{"href":"https:\/\/noticiasregionais.com.br\/index.php?rest_route=\/wp\/v2\/posts"}],"about":[{"href":"https:\/\/noticiasregionais.com.br\/index.php?rest_route=\/wp\/v2\/types\/post"}],"author":[{"embeddable":true,"href":"https:\/\/noticiasregionais.com.br\/index.php?rest_route=\/wp\/v2\/users\/1"}],"replies":[{"embeddable":true,"href":"https:\/\/noticiasregionais.com.br\/index.php?rest_route=%2Fwp%2Fv2%2Fcomments&post=949"}],"version-history":[{"count":3,"href":"https:\/\/noticiasregionais.com.br\/index.php?rest_route=\/wp\/v2\/posts\/949\/revisions"}],"predecessor-version":[{"id":958,"href":"https:\/\/noticiasregionais.com.br\/index.php?rest_route=\/wp\/v2\/posts\/949\/revisions\/958"}],"wp:featuredmedia":[{"embeddable":true,"href":"https:\/\/noticiasregionais.com.br\/index.php?rest_route=\/wp\/v2\/media\/950"}],"wp:attachment":[{"href":"https:\/\/noticiasregionais.com.br\/index.php?rest_route=%2Fwp%2Fv2%2Fmedia&parent=949"}],"wp:term":[{"taxonomy":"category","embeddable":true,"href":"https:\/\/noticiasregionais.com.br\/index.php?rest_route=%2Fwp%2Fv2%2Fcategories&post=949"},{"taxonomy":"post_tag","embeddable":true,"href":"https:\/\/noticiasregionais.com.br\/index.php?rest_route=%2Fwp%2Fv2%2Ftags&post=949"}],"curies":[{"name":"wp","href":"https:\/\/api.w.org\/{rel}","templated":true}]}}