{"id":954,"date":"2023-10-24T09:39:06","date_gmt":"2023-10-24T12:39:06","guid":{"rendered":"https:\/\/noticiasregionais.com.br\/?p=954"},"modified":"2023-10-24T09:39:17","modified_gmt":"2023-10-24T12:39:17","slug":"forca-tatica-prende-individuo-procurado-da-justica-em-ourinhos-2","status":"publish","type":"post","link":"https:\/\/noticiasregionais.com.br\/?p=954","title":{"rendered":"For\u00e7a T\u00e1tica prende indiv\u00edduo procurado da justi\u00e7a em Ourinhos"},"content":{"rendered":"\n<p>Uma equipe de For\u00e7a T\u00e1tica do 31\u00ba Batalh\u00e3o de Pol\u00edcia Militar do Interior prendeu, na noite desta ter\u00e7a-feira (23), um indiv\u00edduo procurado da justi\u00e7a em Ourinhos.<\/p>\n\n\n\n<p>A pris\u00e3o ocorreu na Vila Musa, durante patrulhamento t\u00e1tico da equipe. Os policiais abordaram um indiv\u00edduo, que n\u00e3o teve a identidade divulgada, e realizaram uma busca pessoal. Nada de il\u00edcito foi encontrado com ele, mas uma consulta ao sistema COPOM revelou que havia um mandado de pris\u00e3o em aberto contra o homem.<\/p>\n\n\n\n<p>O indiv\u00edduo foi preso e apresentado na Central de Pol\u00edcia Judici\u00e1ria de Ourinhos, onde permaneceu preso \u00e0 disposi\u00e7\u00e3o da Justi\u00e7a.<\/p>\n\n\n\n<p>A pris\u00e3o de um indiv\u00edduo procurado da justi\u00e7a \u00e9 sempre uma not\u00edcia positiva, pois contribui para a seguran\u00e7a p\u00fablica. A atua\u00e7\u00e3o da For\u00e7a T\u00e1tica, que \u00e9 uma unidade especializada da Pol\u00edcia Militar, \u00e9 fundamental para o combate \u00e0 criminalidade.<\/p>\n<input type=\"hidden\" id=\"baseurl\" value=\"https:\/\/noticiasregionais.com.br\"><input type=\"hidden\" id=\"audio_nonce\" value=\"533fbb67b1\">","protected":false},"excerpt":{"rendered":"<p>Uma equipe de For\u00e7a T\u00e1tica do 31\u00ba Batalh\u00e3o de Pol\u00edcia Militar do Interior prendeu, na noite desta ter\u00e7a-feira (23), um&hellip;<\/p>\n","protected":false},"author":1,"featured_media":955,"comment_status":"closed","ping_status":"open","sticky":false,"template":"","format":"standard","meta":{"sfsi_plus_gutenberg_text_before_share":"","sfsi_plus_gutenberg_show_text_before_share":"","sfsi_plus_gutenberg_icon_type":"","sfsi_plus_gutenberg_icon_alignemt":"","sfsi_plus_gutenburg_max_per_row":"","footnotes":""},"categories":[5,10,1],"tags":[],"class_list":["post-954","post","type-post","status-publish","format-standard","has-post-thumbnail","hentry","category-ourinhos","category-destaques","category-noticias"],"_links":{"self":[{"href":"https:\/\/noticiasregionais.com.br\/index.php?rest_route=\/wp\/v2\/posts\/954","targetHints":{"allow":["GET"]}}],"collection":[{"href":"https:\/\/noticiasregionais.com.br\/index.php?rest_route=\/wp\/v2\/posts"}],"about":[{"href":"https:\/\/noticiasregionais.com.br\/index.php?rest_route=\/wp\/v2\/types\/post"}],"author":[{"embeddable":true,"href":"https:\/\/noticiasregionais.com.br\/index.php?rest_route=\/wp\/v2\/users\/1"}],"replies":[{"embeddable":true,"href":"https:\/\/noticiasregionais.com.br\/index.php?rest_route=%2Fwp%2Fv2%2Fcomments&post=954"}],"version-history":[{"count":1,"href":"https:\/\/noticiasregionais.com.br\/index.php?rest_route=\/wp\/v2\/posts\/954\/revisions"}],"predecessor-version":[{"id":956,"href":"https:\/\/noticiasregionais.com.br\/index.php?rest_route=\/wp\/v2\/posts\/954\/revisions\/956"}],"wp:featuredmedia":[{"embeddable":true,"href":"https:\/\/noticiasregionais.com.br\/index.php?rest_route=\/wp\/v2\/media\/955"}],"wp:attachment":[{"href":"https:\/\/noticiasregionais.com.br\/index.php?rest_route=%2Fwp%2Fv2%2Fmedia&parent=954"}],"wp:term":[{"taxonomy":"category","embeddable":true,"href":"https:\/\/noticiasregionais.com.br\/index.php?rest_route=%2Fwp%2Fv2%2Fcategories&post=954"},{"taxonomy":"post_tag","embeddable":true,"href":"https:\/\/noticiasregionais.com.br\/index.php?rest_route=%2Fwp%2Fv2%2Ftags&post=954"}],"curies":[{"name":"wp","href":"https:\/\/api.w.org\/{rel}","templated":true}]}}