{"id":9565,"date":"2025-09-04T04:35:00","date_gmt":"2025-09-04T07:35:00","guid":{"rendered":"https:\/\/noticiasregionais.com.br\/?p=9565"},"modified":"2025-09-04T04:35:00","modified_gmt":"2025-09-04T07:35:00","slug":"boi-gordo-confira-as-projecoes-de-preco-para-quinta-feira-4","status":"publish","type":"post","link":"https:\/\/noticiasregionais.com.br\/?p=9565","title":{"rendered":"Boi gordo: confira as proje\u00e7\u00f5es de pre\u00e7o para quinta-feira (4)"},"content":{"rendered":"<p>\t\t\t\t\t\t\t\t\t\t<audio controls class=\"b61_audio_player\" data-noticia=\"84400\" src=\"https:\/\/brasil61.com\/rails\/active_storage\/blobs\/eyJfcmFpbHMiOnsibWVzc2FnZSI6IkJBaHBBNm1WQXc9PSIsImV4cCI6bnVsbCwicHVyIjoiYmxvYl9pZCJ9fQ==--3835f7aa0cd88a316afb5b50121496733466106f\/PAGR255766A\"><\/audio><\/p>\n<p>O pre\u00e7o do <strong>boi gordo\u00a0inicia <\/strong>quinta-feira (4)\u00a0com <strong>baixa\u00a0de 0,08%.<\/strong>\u00a0A\u00a0arroba abre o dia\u00a0negociada a <strong>R$ 313,40<\/strong>, no estado de S\u00e3o Paulo.<\/p>\n<p><strong>INDICADOR DO BOI GORDO CEPEA\/ESALQ<\/strong><\/p>\n<table>\n<thead>\n<tr>\n<th>Data<\/th>\n<th>Valor R$<\/th>\n<th>Var.\/Dia<\/th>\n<th>Var.\/M\u00eas<\/th>\n<th>Valor US$<\/th>\n<\/tr>\n<\/thead>\n<tbody>\n<tr>\n<td>03\/09\/2025<\/td>\n<td>313,40<\/td>\n<td>-0,08%<\/td>\n<td>0,93%<\/td>\n<td>57,42<\/td>\n<\/tr>\n<tr>\n<td>02\/09\/2025<\/td>\n<td>313,65<\/td>\n<td>1,01%<\/td>\n<td>1,01%<\/td>\n<td>57,29<\/td>\n<\/tr>\n<tr>\n<td>01\/09\/2025<\/td>\n<td>310,50<\/td>\n<td>0,00%<\/td>\n<td>0,00%<\/td>\n<td>57,29<\/td>\n<\/tr>\n<tr>\n<td>29\/08\/2025<\/td>\n<td>310,50<\/td>\n<td>-0,29%<\/td>\n<td>5,49%<\/td>\n<td>57,29<\/td>\n<\/tr>\n<tr>\n<td>28\/08\/2025<\/td>\n<td>311,40<\/td>\n<td>0,02%<\/td>\n<td>5,79%<\/td>\n<td>57,61<\/td>\n<\/tr>\n<\/tbody>\n<\/table>\n<h2>Pre\u00e7o do frango congelado e resfriado<\/h2>\n<p>Nos atacados da Grande S\u00e3o Paulo, S\u00e3o Jos\u00e9 do Rio Preto e Descalvado, o\u00a0pre\u00e7o\u00a0do <strong>frango congelado<\/strong>\u00a0e<strong>\u00a0do\u00a0<\/strong><strong>frango\u00a0resfriado<\/strong>\u00a0registraram <strong>alta de 0,43%<\/strong>. A primeira mercadoria est\u00e1\u00a0cotada a <strong>R$ 7,04<\/strong>, e a segunda \u00e9 comercializada\u00a0a <strong>R$ 7,05.<\/strong><\/p>\n<p><strong>PRE\u00c7OS DO FRANGO CONGELADO CEPEA\/ESALQ &#8211; ESTADO SP\u00a0<\/strong><\/p>\n<table>\n<thead>\n<tr>\n<th>Data<\/th>\n<th>Valor R$<\/th>\n<th>Var.\/Dia<\/th>\n<th>Var.\/M\u00eas<\/th>\n<\/tr>\n<\/thead>\n<tbody>\n<tr>\n<td>03\/09\/2025<\/td>\n<td>7,04<\/td>\n<td>0,43%<\/td>\n<td>-1,95%<\/td>\n<\/tr>\n<tr>\n<td>02\/09\/2025<\/td>\n<td>7,01<\/td>\n<td>-0,71%<\/td>\n<td>-2,37%<\/td>\n<\/tr>\n<tr>\n<td>01\/09\/2025<\/td>\n<td>7,06<\/td>\n<td>-1,67%<\/td>\n<td>-1,67%<\/td>\n<\/tr>\n<tr>\n<td>29\/08\/2025<\/td>\n<td>7,18<\/td>\n<td>0,00%<\/td>\n<td>-0,55%<\/td>\n<\/tr>\n<tr>\n<td>28\/08\/2025<\/td>\n<td>7,18<\/td>\n<td>-0,14%<\/td>\n<td>-0,55%<\/td>\n<\/tr>\n<\/tbody>\n<\/table>\n<p><strong>PRE\u00c7OS DO FRANGO RESFRIADO CEPEA\/ESALQ &#8211; ESTADO SP<\/strong><\/p>\n<table>\n<thead>\n<tr>\n<th>Data<\/th>\n<th>Valor R$<\/th>\n<th>Var.\/Dia<\/th>\n<th>Var.\/M\u00eas<\/th>\n<\/tr>\n<\/thead>\n<tbody>\n<tr>\n<td>03\/09\/2025<\/td>\n<td>7,05<\/td>\n<td>0,43%<\/td>\n<td>-1,95%<\/td>\n<\/tr>\n<tr>\n<td>02\/09\/2025<\/td>\n<td>7,02<\/td>\n<td>-0,85%<\/td>\n<td>-2,36%<\/td>\n<\/tr>\n<tr>\n<td>01\/09\/2025<\/td>\n<td>7,08<\/td>\n<td>-1,53%<\/td>\n<td>-1,53%<\/td>\n<\/tr>\n<tr>\n<td>29\/08\/2025<\/td>\n<td>7,19<\/td>\n<td>0,00%<\/td>\n<td>-0,42%<\/td>\n<\/tr>\n<tr>\n<td>28\/08\/2025<\/td>\n<td>7,19<\/td>\n<td>0,00%<\/td>\n<td>-0,42%<\/td>\n<\/tr>\n<\/tbody>\n<\/table>\n<h2>Pre\u00e7o da carca\u00e7a su\u00edna especial e su\u00edno vivo<\/h2>\n<p>A <strong>carca\u00e7a su\u00edna especial <\/strong>registra <strong>baixa\u00a0de 0,22%\u00a0<\/strong>no pre\u00e7o, sendo negociada a <strong>R$ 13,68\u00a0<\/strong>por quilo nos atacados da Grande S\u00e3o Paulo.\u00a0<\/p>\n<p><strong>PRE\u00c7OS DA CARCA\u00c7A SU\u00cdNA ESPECIAL (R$\/kg)<\/strong><\/p>\n<table>\n<thead>\n<tr>\n<th>Data<\/th>\n<th>M\u00e9dia<\/th>\n<th>Var.\/Dia<\/th>\n<th>Var.\/M\u00eas<\/th>\n<\/tr>\n<\/thead>\n<tbody>\n<tr>\n<td>03\/09\/2025<\/td>\n<td>13,68<\/td>\n<td>-0,22%<\/td>\n<td>0,22%<\/td>\n<\/tr>\n<tr>\n<td>02\/09\/2025<\/td>\n<td>13,71<\/td>\n<td>0,37%<\/td>\n<td>0,44%<\/td>\n<\/tr>\n<tr>\n<td>01\/09\/2025<\/td>\n<td>13,66<\/td>\n<td>0,07%<\/td>\n<td>0,07%<\/td>\n<\/tr>\n<tr>\n<td>29\/08\/2025<\/td>\n<td>13,65<\/td>\n<td>0,00%<\/td>\n<td>17,47%<\/td>\n<\/tr>\n<tr>\n<td>28\/08\/2025<\/td>\n<td>13,65<\/td>\n<td>0,00%<\/td>\n<td>17,47%<\/td>\n<\/tr>\n<\/tbody>\n<\/table>\n<p>O pre\u00e7o do<strong> su\u00edno vivo<\/strong> aponta <strong>estabilidade\u00a0em quase todos os estados<\/strong>, com exce\u00e7\u00e3o para <strong>Santa Catarina, com<\/strong>\u00a0<strong>valoriza\u00e7\u00e3o\u00a0de 0,11%,<\/strong> cotado a <strong>R$ 8,81, e<\/strong>\u00a0<strong>S\u00e3o Paulo<\/strong> com <strong>desvaloriza\u00e7\u00e3o 0,21%, cotado R$9,45<\/strong>.<\/p>\n<p><strong>INDICADOR DO SU\u00cdNO VIVO CEPEA\/ESALQ (R$\/kg)\u00a0<\/strong><\/p>\n<table>\n<thead>\n<tr>\n<th>Data<\/th>\n<th>Estado<\/th>\n<th>Valor R$<\/th>\n<th>Var.\/Dia<\/th>\n<th>Var.\/M\u00eas<\/th>\n<\/tr>\n<\/thead>\n<tbody>\n<tr>\n<td>03\/09\/2025<\/td>\n<td>MG &#8211; posto<\/td>\n<td>9,14<\/td>\n<td>-0,11%<\/td>\n<td>0,00%<\/td>\n<\/tr>\n<tr>\n<td>03\/09\/2025<\/td>\n<td>PR &#8211; a retirar<\/td>\n<td>8,97<\/td>\n<td>0,00%<\/td>\n<td>0,34%<\/td>\n<\/tr>\n<tr>\n<td>03\/09\/2025<\/td>\n<td>RS &#8211; a retirar<\/td>\n<td>8,69<\/td>\n<td>0,00%<\/td>\n<td>0,00%<\/td>\n<\/tr>\n<tr>\n<td>03\/09\/2025<\/td>\n<td>SC &#8211; a retirar<\/td>\n<td>8,81<\/td>\n<td>0,11%<\/td>\n<td>1,03%<\/td>\n<\/tr>\n<tr>\n<td>03\/09\/2025<\/td>\n<td>SP &#8211; posto<\/td>\n<td>9,45<\/td>\n<td>-0,21%<\/td>\n<td>0,75%<\/td>\n<\/tr>\n<\/tbody>\n<\/table>\n<p>Os valores s\u00e3o do <a href=\"http:\/\/www.cepea.org.br\" target=\"_blank\" rel=\"noopener\"><strong>Cepea<\/strong><\/a>.<\/p>\n<h2>O que \u00e9 o boi gordo? Entenda o termo do mercado bovino<\/h2>\n<p>O <strong>boi gordo \u00e9 o bovino macho pronto para o abate, com peso m\u00ednimo de 16 arrobas l\u00edquidas de carca\u00e7a (aproximadamente 240 kg) e at\u00e9 42 meses de idade<\/strong>. Atende aos padr\u00f5es do mercado nacional e internacional, incluindo exporta\u00e7\u00f5es para Europa, China e cota Hilton.<\/p>\n<h2>Diferen\u00e7as entre frango congelado e frango resfriado<\/h2>\n<p>O<strong> frango congelado passa por congelamento r\u00e1pido, com temperaturas abaixo de -12\u00b0C<\/strong>, garantindo maior vida \u00fatil para armazenamento e transporte a longas dist\u00e2ncias. J\u00e1 o<strong> frango resfriado \u00e9 mantido entre 0\u00b0C e 4\u00b0C, com validade de 5 a 7 dias<\/strong>, oferecendo textura e sabor mais pr\u00f3ximos do fresco, ideal para consumidores exigentes e restaurantes.<\/p>\n<p>\t\t\t\t\t\t\t\t\t<img decoding=\"async\" src=\"https:\/\/brasil61.com\/api\/v1\/serve_pixel\/22254\/84400\" alt=\"Pixel Brasil 61\" class=\"b61_pixel\" width=\"0\" height=\"0\"><\/p>\n<div class=\"br61_backlink\">\n<p>\n\t\t\t\tFonte: <a href=\"https:\/\/brasil61.com\/boi-gordo-confira-as-projecoes-de-preco-para-quinta-feira-4-pagr255766\" title=\"Artigo Original: Boi gordo: confira as proje\u00e7\u00f5es de pre\u00e7o para quinta-feira (4) \" target=\"_blank\" rel=\"noopener\">Brasil 61<\/a>\n\t\t\t<\/p>\n<\/p><\/div>\n<input type=\"hidden\" id=\"baseurl\" value=\"https:\/\/noticiasregionais.com.br\"><input type=\"hidden\" id=\"audio_nonce\" value=\"5c13e0637f\">","protected":false},"excerpt":{"rendered":"<p>Cota\u00e7\u00f5es do frango congelado, frango resfriado, carca\u00e7a su\u00edna especial e su\u00edno vivo no mercado<\/p>\n","protected":false},"author":1,"featured_media":9566,"comment_status":"","ping_status":"open","sticky":false,"template":"","format":"standard","meta":{"sfsi_plus_gutenberg_text_before_share":"","sfsi_plus_gutenberg_show_text_before_share":"","sfsi_plus_gutenberg_icon_type":"","sfsi_plus_gutenberg_icon_alignemt":"","sfsi_plus_gutenburg_max_per_row":"","footnotes":""},"categories":[8],"tags":[],"class_list":["post-9565","post","type-post","status-publish","format-standard","has-post-thumbnail","hentry","category-brasil"],"_links":{"self":[{"href":"https:\/\/noticiasregionais.com.br\/index.php?rest_route=\/wp\/v2\/posts\/9565","targetHints":{"allow":["GET"]}}],"collection":[{"href":"https:\/\/noticiasregionais.com.br\/index.php?rest_route=\/wp\/v2\/posts"}],"about":[{"href":"https:\/\/noticiasregionais.com.br\/index.php?rest_route=\/wp\/v2\/types\/post"}],"author":[{"embeddable":true,"href":"https:\/\/noticiasregionais.com.br\/index.php?rest_route=\/wp\/v2\/users\/1"}],"replies":[{"embeddable":true,"href":"https:\/\/noticiasregionais.com.br\/index.php?rest_route=%2Fwp%2Fv2%2Fcomments&post=9565"}],"version-history":[{"count":0,"href":"https:\/\/noticiasregionais.com.br\/index.php?rest_route=\/wp\/v2\/posts\/9565\/revisions"}],"wp:featuredmedia":[{"embeddable":true,"href":"https:\/\/noticiasregionais.com.br\/index.php?rest_route=\/wp\/v2\/media\/9566"}],"wp:attachment":[{"href":"https:\/\/noticiasregionais.com.br\/index.php?rest_route=%2Fwp%2Fv2%2Fmedia&parent=9565"}],"wp:term":[{"taxonomy":"category","embeddable":true,"href":"https:\/\/noticiasregionais.com.br\/index.php?rest_route=%2Fwp%2Fv2%2Fcategories&post=9565"},{"taxonomy":"post_tag","embeddable":true,"href":"https:\/\/noticiasregionais.com.br\/index.php?rest_route=%2Fwp%2Fv2%2Ftags&post=9565"}],"curies":[{"name":"wp","href":"https:\/\/api.w.org\/{rel}","templated":true}]}}