{"id":963,"date":"2023-10-24T20:04:54","date_gmt":"2023-10-24T23:04:54","guid":{"rendered":"https:\/\/noticiasregionais.com.br\/?p=963"},"modified":"2023-10-24T20:04:56","modified_gmt":"2023-10-24T23:04:56","slug":"em-sao-paulo-sp-prf-inicia-operacao-tematica-de-educacao-para-o-transito","status":"publish","type":"post","link":"https:\/\/noticiasregionais.com.br\/?p=963","title":{"rendered":"Em S\u00e3o Paulo\/SP, PRF inicia Opera\u00e7\u00e3o Tem\u00e1tica de Educa\u00e7\u00e3o para o Tr\u00e2nsito"},"content":{"rendered":"\n<p class=\"has-text-align-center\"><strong>Conscientiza\u00e7\u00e3o, Redu\u00e7\u00e3o de Acidentes, Promo\u00e7\u00e3o de Mudan\u00e7as Comportamentais e Valoriza\u00e7\u00e3o da vida s\u00e3o alguns dos objetivos do evento.<\/strong><\/p>\n\n\n\n<p>Na manh\u00e3 desta ter\u00e7a-feira (24), a Pol\u00edcia Rodovi\u00e1ria Federal (PRF) em S\u00e3o Paulo realizou, na Sede da Superintend\u00eancia, o evento alusivo ao in\u00edcio da Opera\u00e7\u00e3o Tem\u00e1tica de Educa\u00e7\u00e3o para o Tr\u00e2nsito (OTED).<\/p>\n\n\n\n<p>A cerim\u00f4nia foi assistida presencialmente por cerca de 50 pessoas e tamb\u00e9m p\u00f4de ser acompanhada em todo o Pa\u00eds, por meio de transmiss\u00e3o em ambiente virtual. A mesa de honra foi composta pelo anfitri\u00e3o, o Superintendente da PRF em S\u00e3o Paulo, Inspetor Almeida J\u00fanior, pelo Coordenador de Preven\u00e7\u00e3o e Atendimento de Acidentes, Inspetor Paulo Guedes; pela Chefe Nacional do Setor de Educa\u00e7\u00e3o para o Tr\u00e2nsito, Inspetora Samia; pela Chefe do Setor de Seguran\u00e7a Vi\u00e1ria, Inspetora Daniela Ferrete e pelo Inspetor Oliveira, PRF com mais tempo de servi\u00e7o dentre os participantes.<\/p>\n\n\n\n<p>Na oportunidade em que fez uso da palavra, o Superintendente discursou sobre a import\u00e2ncia da educa\u00e7\u00e3o para o tr\u00e2nsito como ferramenta de conscientiza\u00e7\u00e3o dos atores sociais do tr\u00e2nsito. Consoante aos ensinamentos citados, o Coordenador Nacional de Seguran\u00e7a Vi\u00e1ria, Inspetor Jefferson, que fez participa\u00e7\u00e3o virtual na cerim\u00f4nia, parabenizou os presentes e refletiu sobre a import\u00e2ncia das a\u00e7\u00f5es de educa\u00e7\u00e3o e conscientiza\u00e7\u00e3o nas atividades di\u00e1rias conduzidas pela PRF em todo o Brasil.<\/p>\n\n\n\n<p>A solenidade durou cerca de 60 minutos e ao t\u00e9rmino, foram iniciadas as instru\u00e7\u00f5es te\u00f3ricas e pr\u00e1ticas. Est\u00e3o previstas 40 horas de atividades, entre atualiza\u00e7\u00f5es pedag\u00f3gicas, comandos de fiscaliza\u00e7\u00e3o dirigida, palestras em escolas e empresas, cinema rodovi\u00e1rio e demais atividades pertinentes.<\/p>\n\n\n\n<p>Encerramos esse conte\u00fado informativo propondo a reflex\u00e3o de que a educa\u00e7\u00e3o para o tr\u00e2nsito \u00e9 responsabilidade de cada um de n\u00f3s, seja como condutores, pedestres, ciclistas ou passageiros, assim, convidamos voc\u00eas para construirmos, juntos, um tr\u00e2nsito mais seguro e humano.<\/p>\n\n\n\n<p><sub><strong>fonte: N\u00facleo de comunica\u00e7\u00e3o social da PRF-SP<\/strong><\/sub><\/p>\n<input type=\"hidden\" id=\"baseurl\" value=\"https:\/\/noticiasregionais.com.br\"><input type=\"hidden\" id=\"audio_nonce\" value=\"533fbb67b1\">","protected":false},"excerpt":{"rendered":"<p>Conscientiza\u00e7\u00e3o, Redu\u00e7\u00e3o de Acidentes, Promo\u00e7\u00e3o de Mudan\u00e7as Comportamentais e Valoriza\u00e7\u00e3o da vida s\u00e3o alguns dos objetivos do evento. Na manh\u00e3&hellip;<\/p>\n","protected":false},"author":1,"featured_media":964,"comment_status":"closed","ping_status":"open","sticky":false,"template":"","format":"standard","meta":{"sfsi_plus_gutenberg_text_before_share":"","sfsi_plus_gutenberg_show_text_before_share":"","sfsi_plus_gutenberg_icon_type":"","sfsi_plus_gutenberg_icon_alignemt":"","sfsi_plus_gutenburg_max_per_row":"","footnotes":""},"categories":[6,10,1],"tags":[],"class_list":["post-963","post","type-post","status-publish","format-standard","has-post-thumbnail","hentry","category-sao_paulo","category-destaques","category-noticias"],"_links":{"self":[{"href":"https:\/\/noticiasregionais.com.br\/index.php?rest_route=\/wp\/v2\/posts\/963","targetHints":{"allow":["GET"]}}],"collection":[{"href":"https:\/\/noticiasregionais.com.br\/index.php?rest_route=\/wp\/v2\/posts"}],"about":[{"href":"https:\/\/noticiasregionais.com.br\/index.php?rest_route=\/wp\/v2\/types\/post"}],"author":[{"embeddable":true,"href":"https:\/\/noticiasregionais.com.br\/index.php?rest_route=\/wp\/v2\/users\/1"}],"replies":[{"embeddable":true,"href":"https:\/\/noticiasregionais.com.br\/index.php?rest_route=%2Fwp%2Fv2%2Fcomments&post=963"}],"version-history":[{"count":1,"href":"https:\/\/noticiasregionais.com.br\/index.php?rest_route=\/wp\/v2\/posts\/963\/revisions"}],"predecessor-version":[{"id":965,"href":"https:\/\/noticiasregionais.com.br\/index.php?rest_route=\/wp\/v2\/posts\/963\/revisions\/965"}],"wp:featuredmedia":[{"embeddable":true,"href":"https:\/\/noticiasregionais.com.br\/index.php?rest_route=\/wp\/v2\/media\/964"}],"wp:attachment":[{"href":"https:\/\/noticiasregionais.com.br\/index.php?rest_route=%2Fwp%2Fv2%2Fmedia&parent=963"}],"wp:term":[{"taxonomy":"category","embeddable":true,"href":"https:\/\/noticiasregionais.com.br\/index.php?rest_route=%2Fwp%2Fv2%2Fcategories&post=963"},{"taxonomy":"post_tag","embeddable":true,"href":"https:\/\/noticiasregionais.com.br\/index.php?rest_route=%2Fwp%2Fv2%2Ftags&post=963"}],"curies":[{"name":"wp","href":"https:\/\/api.w.org\/{rel}","templated":true}]}}