{"id":966,"date":"2023-10-24T20:20:21","date_gmt":"2023-10-24T23:20:21","guid":{"rendered":"https:\/\/noticiasregionais.com.br\/?p=966"},"modified":"2023-10-24T20:20:33","modified_gmt":"2023-10-24T23:20:33","slug":"filho-matou-os-pais-de-sao-jose-por-nao-poder-fazer-tatuagens-e-usar-brinco-diz-policia","status":"publish","type":"post","link":"https:\/\/noticiasregionais.com.br\/?p=966","title":{"rendered":"Filho matou os pais de S\u00e3o Jos\u00e9 por n\u00e3o poder fazer tatuagens e usar brinco, diz pol\u00edcia"},"content":{"rendered":"\n<p class=\"has-text-align-center\"><strong>Jos\u00e9 Calixto, de 70 anos, e sua esposa, Euzi Calixto, 63, tiveram seus corpos encontrados dentro de uma represa, em Paraibuna, no fim de setembro<\/strong><\/p>\n\n\n\n<p>O filho preso em S\u00e3o Jos\u00e9 dos Campos pela morte dos pais &#8212; Jos\u00e9 Calixto e Euzi Calixto, de 70 e 63 anos &#8212; teria cometido o crime brutal porque o casal, muito religioso e conservador, n\u00e3o permitia que ele usasse brincos ou fizesse tatuagens. \u00c9 o que aponta a investiga\u00e7\u00e3o da Pol\u00edcia Civil.<\/p>\n\n\n\n<p>O casal foi encontrado morto no final do m\u00eas de setembro, com os corpos sendo localizados pela pol\u00edcia na represa em Paraibuna. Inicialmente, suspeitou-se de afogamento. No entanto, o rumo das investiga\u00e7\u00f5es mudou repentinamente e o filho das v\u00edtimas foi apontado como o principal suspeito, sendo preso na manh\u00e3 desta ter\u00e7a-feira (24).<\/p>\n\n\n\n<p><strong>Relembre o caso:&nbsp;<a href=\"https:\/\/sampi.net.br\/ovale\/noticias\/2790223\/vale-do-paraiba\/2023\/09\/corpo-de-homem-desaparecido-em-represa-no-vale-e-encontrado-diz-familia\" target=\"_blank\" rel=\"noopener\">Corpo de homem desaparecido em represa no Vale \u00e9 encontrado, diz fam\u00edlia<\/a><\/strong><\/p>\n\n\n\n<p>Jos\u00e9 e Euzi, de fato, eram muito ligados \u00e0 Igreja Cat\u00f3lica. Fieis praticantes, os idosos foram&nbsp; homenageados com diversas postagens nas redes sociais pela par\u00f3quia da qual faziam parte. O relato do delegado \u00e9 que, justamente por conta da f\u00e9 que tinham, n\u00e3o aceitavam o fato do filho querer usar brinco e fazer tatuagens.<\/p>\n\n\n\n<p>A reviravolta da hist\u00f3ria, segundo informa\u00e7\u00f5es, pegou de surpresa at\u00e9 mesmo familiares das v\u00edtimas. Todos, inclusive o n\u00facleo familiar do casal, j\u00e1 davam como certa a hip\u00f3tese de fatalidade ap\u00f3s um momento de lazer na represa.<\/p>\n\n\n\n<p>A reportagem de\u00a0<strong>OVALE<\/strong>\u00a0entrou em contato com equipes da Pol\u00edcia Civil e com a SSP (Secretaria de Seguran\u00e7a P\u00fablica) de S\u00e3o Paulo para mais informa\u00e7\u00f5es, mas n\u00e3o obteve retorno at\u00e9 a conclus\u00e3o desta mat\u00e9ria.<\/p>\n\n\n\n<p><strong><sub>fonte: Sampi \/ Folhapress<\/sub><\/strong><\/p>\n<input type=\"hidden\" id=\"baseurl\" value=\"https:\/\/noticiasregionais.com.br\"><input type=\"hidden\" id=\"audio_nonce\" value=\"d83e465ad3\">","protected":false},"excerpt":{"rendered":"<p>Jos\u00e9 Calixto, de 70 anos, e sua esposa, Euzi Calixto, 63, tiveram seus corpos encontrados dentro de uma represa, em&hellip;<\/p>\n","protected":false},"author":1,"featured_media":967,"comment_status":"closed","ping_status":"open","sticky":false,"template":"","format":"standard","meta":{"sfsi_plus_gutenberg_text_before_share":"","sfsi_plus_gutenberg_show_text_before_share":"","sfsi_plus_gutenberg_icon_type":"","sfsi_plus_gutenberg_icon_alignemt":"","sfsi_plus_gutenburg_max_per_row":"","footnotes":""},"categories":[6,10,1],"tags":[],"class_list":["post-966","post","type-post","status-publish","format-standard","has-post-thumbnail","hentry","category-sao_paulo","category-destaques","category-noticias"],"_links":{"self":[{"href":"https:\/\/noticiasregionais.com.br\/index.php?rest_route=\/wp\/v2\/posts\/966","targetHints":{"allow":["GET"]}}],"collection":[{"href":"https:\/\/noticiasregionais.com.br\/index.php?rest_route=\/wp\/v2\/posts"}],"about":[{"href":"https:\/\/noticiasregionais.com.br\/index.php?rest_route=\/wp\/v2\/types\/post"}],"author":[{"embeddable":true,"href":"https:\/\/noticiasregionais.com.br\/index.php?rest_route=\/wp\/v2\/users\/1"}],"replies":[{"embeddable":true,"href":"https:\/\/noticiasregionais.com.br\/index.php?rest_route=%2Fwp%2Fv2%2Fcomments&post=966"}],"version-history":[{"count":1,"href":"https:\/\/noticiasregionais.com.br\/index.php?rest_route=\/wp\/v2\/posts\/966\/revisions"}],"predecessor-version":[{"id":968,"href":"https:\/\/noticiasregionais.com.br\/index.php?rest_route=\/wp\/v2\/posts\/966\/revisions\/968"}],"wp:featuredmedia":[{"embeddable":true,"href":"https:\/\/noticiasregionais.com.br\/index.php?rest_route=\/wp\/v2\/media\/967"}],"wp:attachment":[{"href":"https:\/\/noticiasregionais.com.br\/index.php?rest_route=%2Fwp%2Fv2%2Fmedia&parent=966"}],"wp:term":[{"taxonomy":"category","embeddable":true,"href":"https:\/\/noticiasregionais.com.br\/index.php?rest_route=%2Fwp%2Fv2%2Fcategories&post=966"},{"taxonomy":"post_tag","embeddable":true,"href":"https:\/\/noticiasregionais.com.br\/index.php?rest_route=%2Fwp%2Fv2%2Ftags&post=966"}],"curies":[{"name":"wp","href":"https:\/\/api.w.org\/{rel}","templated":true}]}}