{"id":969,"date":"2023-10-24T20:30:33","date_gmt":"2023-10-24T23:30:33","guid":{"rendered":"https:\/\/noticiasregionais.com.br\/?p=969"},"modified":"2023-10-24T20:30:44","modified_gmt":"2023-10-24T23:30:44","slug":"6a-edicao-do-festival-de-rolima-resgata-a-nostalgia-e-entusiasma-competidores-e-familias","status":"publish","type":"post","link":"https:\/\/noticiasregionais.com.br\/?p=969","title":{"rendered":"6\u00aa edi\u00e7\u00e3o do Festival de Rolim\u00e3 resgata a nostalgia e entusiasma competidores e fam\u00edlias"},"content":{"rendered":"\n<p>No \u00faltimo domingo, 15 de outubro, Ourinhos celebrou a sexta edi\u00e7\u00e3o do Festival de Rolim\u00e3, que mistura nostalgia e competitividade. Realizado na Avenida Lu\u00eds Saldanha Rodrigues, em frente ao Hotel Ibis, o evento reuniu competidores e fam\u00edlias para celebrar uma tradi\u00e7\u00e3o que remonta a d\u00e9cadas e que continua a encantar gera\u00e7\u00f5es.<\/p>\n\n\n\n<p>As corridas foram verdadeiros espet\u00e1culos de destreza e ousadia, com os participantes descendo a avenida com velocidade e habilidade. O evento, neste ano, acrescentou um toque especial de inclus\u00e3o, disponibilizando carrinhos adaptados para pessoas com defici\u00eancia e uma novidade: uma locomotiva destinada a crian\u00e7as autistas. <\/p>\n\n\n\n<p>O evento premiou os vencedores de cada categoria, que contou com a participa\u00e7\u00e3o de diversas crian\u00e7as e adultos.<\/p>\n\n\n\n<p>\u00c2ngela Cristina Bazan Miglioli, uma das espectadoras, compartilhou sua alegria em reviver a inf\u00e2ncia por meio do festival. Ela enfatizou a import\u00e2ncia de passar essa tradi\u00e7\u00e3o para as pr\u00f3ximas gera\u00e7\u00f5es e parabenizou a Prefeitura pela iniciativa.<\/p>\n\n\n\n<p>Participante h\u00e1 quatro anos, Itamar Biroli, da cidade de Bauru, elogiou o evento, destacando a qualidade da pista e enfatizando o valor da divers\u00e3o e do entretenimento. Tato, outro competidor, compartilhou a alegria de reviver os tempos antigos e elogiou a organiza\u00e7\u00e3o do evento. \u201c\u00c9 uma delicia participar deste evento e voltar aos velhos tempos. A organiza\u00e7\u00e3o est\u00e1 \u00f3tima e melhorando a cada ano\u201d<\/p>\n\n\n\n<p>O Festival de Rolim\u00e3 \u00e9 uma iniciativa da Prefeitura de Ourinhos, com o apoio das Secretarias Municipais de Cultura, Comunica\u00e7\u00e3o e Inclus\u00e3o, bem como do Fundo Social de Solidariedade.<\/p>\n\n\n\n<figure class=\"wp-block-gallery has-nested-images columns-default is-cropped wp-block-gallery-1 is-layout-flex wp-block-gallery-is-layout-flex\">\n<figure class=\"wp-block-image size-large\"><a href=\"https:\/\/noticiasregionais.com.br\/wp-content\/uploads\/2023\/10\/WhatsApp-Image-2023-10-23-at-13.05.34-2.jpeg\"><img decoding=\"async\" width=\"1024\" height=\"683\" data-id=\"971\" src=\"https:\/\/noticiasregionais.com.br\/wp-content\/uploads\/2023\/10\/WhatsApp-Image-2023-10-23-at-13.05.34-2-1024x683.jpeg\" alt=\"\" class=\"wp-image-971\" srcset=\"https:\/\/noticiasregionais.com.br\/wp-content\/uploads\/2023\/10\/WhatsApp-Image-2023-10-23-at-13.05.34-2-1024x683.jpeg 1024w, https:\/\/noticiasregionais.com.br\/wp-content\/uploads\/2023\/10\/WhatsApp-Image-2023-10-23-at-13.05.34-2-300x200.jpeg 300w, https:\/\/noticiasregionais.com.br\/wp-content\/uploads\/2023\/10\/WhatsApp-Image-2023-10-23-at-13.05.34-2-768x512.jpeg 768w, https:\/\/noticiasregionais.com.br\/wp-content\/uploads\/2023\/10\/WhatsApp-Image-2023-10-23-at-13.05.34-2-1536x1024.jpeg 1536w, https:\/\/noticiasregionais.com.br\/wp-content\/uploads\/2023\/10\/WhatsApp-Image-2023-10-23-at-13.05.34-2.jpeg 1600w\" sizes=\"(max-width: 1024px) 100vw, 1024px\" \/><\/a><\/figure>\n\n\n\n<figure class=\"wp-block-image size-large\"><a href=\"https:\/\/noticiasregionais.com.br\/wp-content\/uploads\/2023\/10\/WhatsApp-Image-2023-10-23-at-13.05.34-1.jpeg\"><img decoding=\"async\" width=\"1024\" height=\"684\" data-id=\"970\" src=\"https:\/\/noticiasregionais.com.br\/wp-content\/uploads\/2023\/10\/WhatsApp-Image-2023-10-23-at-13.05.34-1-1024x684.jpeg\" alt=\"\" class=\"wp-image-970\" srcset=\"https:\/\/noticiasregionais.com.br\/wp-content\/uploads\/2023\/10\/WhatsApp-Image-2023-10-23-at-13.05.34-1-1024x684.jpeg 1024w, https:\/\/noticiasregionais.com.br\/wp-content\/uploads\/2023\/10\/WhatsApp-Image-2023-10-23-at-13.05.34-1-300x200.jpeg 300w, https:\/\/noticiasregionais.com.br\/wp-content\/uploads\/2023\/10\/WhatsApp-Image-2023-10-23-at-13.05.34-1-768x513.jpeg 768w, https:\/\/noticiasregionais.com.br\/wp-content\/uploads\/2023\/10\/WhatsApp-Image-2023-10-23-at-13.05.34-1-1536x1026.jpeg 1536w, https:\/\/noticiasregionais.com.br\/wp-content\/uploads\/2023\/10\/WhatsApp-Image-2023-10-23-at-13.05.34-1.jpeg 1600w\" sizes=\"(max-width: 1024px) 100vw, 1024px\" \/><\/a><\/figure>\n<\/figure>\n<input type=\"hidden\" id=\"baseurl\" value=\"https:\/\/noticiasregionais.com.br\"><input type=\"hidden\" id=\"audio_nonce\" value=\"533fbb67b1\">","protected":false},"excerpt":{"rendered":"<p>No \u00faltimo domingo, 15 de outubro, Ourinhos celebrou a sexta edi\u00e7\u00e3o do Festival de Rolim\u00e3, que mistura nostalgia e competitividade.&hellip;<\/p>\n","protected":false},"author":1,"featured_media":972,"comment_status":"closed","ping_status":"open","sticky":false,"template":"","format":"standard","meta":{"sfsi_plus_gutenberg_text_before_share":"","sfsi_plus_gutenberg_show_text_before_share":"","sfsi_plus_gutenberg_icon_type":"","sfsi_plus_gutenberg_icon_alignemt":"","sfsi_plus_gutenburg_max_per_row":"","footnotes":""},"categories":[5,10,1],"tags":[],"class_list":["post-969","post","type-post","status-publish","format-standard","has-post-thumbnail","hentry","category-ourinhos","category-destaques","category-noticias"],"_links":{"self":[{"href":"https:\/\/noticiasregionais.com.br\/index.php?rest_route=\/wp\/v2\/posts\/969","targetHints":{"allow":["GET"]}}],"collection":[{"href":"https:\/\/noticiasregionais.com.br\/index.php?rest_route=\/wp\/v2\/posts"}],"about":[{"href":"https:\/\/noticiasregionais.com.br\/index.php?rest_route=\/wp\/v2\/types\/post"}],"author":[{"embeddable":true,"href":"https:\/\/noticiasregionais.com.br\/index.php?rest_route=\/wp\/v2\/users\/1"}],"replies":[{"embeddable":true,"href":"https:\/\/noticiasregionais.com.br\/index.php?rest_route=%2Fwp%2Fv2%2Fcomments&post=969"}],"version-history":[{"count":1,"href":"https:\/\/noticiasregionais.com.br\/index.php?rest_route=\/wp\/v2\/posts\/969\/revisions"}],"predecessor-version":[{"id":973,"href":"https:\/\/noticiasregionais.com.br\/index.php?rest_route=\/wp\/v2\/posts\/969\/revisions\/973"}],"wp:featuredmedia":[{"embeddable":true,"href":"https:\/\/noticiasregionais.com.br\/index.php?rest_route=\/wp\/v2\/media\/972"}],"wp:attachment":[{"href":"https:\/\/noticiasregionais.com.br\/index.php?rest_route=%2Fwp%2Fv2%2Fmedia&parent=969"}],"wp:term":[{"taxonomy":"category","embeddable":true,"href":"https:\/\/noticiasregionais.com.br\/index.php?rest_route=%2Fwp%2Fv2%2Fcategories&post=969"},{"taxonomy":"post_tag","embeddable":true,"href":"https:\/\/noticiasregionais.com.br\/index.php?rest_route=%2Fwp%2Fv2%2Ftags&post=969"}],"curies":[{"name":"wp","href":"https:\/\/api.w.org\/{rel}","templated":true}]}}