{"id":974,"date":"2023-10-25T11:53:40","date_gmt":"2023-10-25T14:53:40","guid":{"rendered":"https:\/\/noticiasregionais.com.br\/?p=974"},"modified":"2023-10-25T11:54:21","modified_gmt":"2023-10-25T14:54:21","slug":"frente-fria-ainda-causa-nebulosidade-nessa-quinta-em-todo-o-estado-de-sp","status":"publish","type":"post","link":"https:\/\/noticiasregionais.com.br\/?p=974","title":{"rendered":"Frente Fria ainda causa nebulosidade nessa Quinta em todo o estado de SP"},"content":{"rendered":"\n<p>Nesta quinta-feira (26), o dia deve amanhecer com forte presen\u00e7a de nebulosidade em todo Estado de S\u00e3o Paulo. Ainda sob influ\u00eancia da frente fria que atua sobre a regi\u00e3o, no per\u00edodo da manh\u00e3, s\u00e3o esperadas pancadas de chuva em todas as \u00e1reas monitoradas. Com a chegada do per\u00edodo vespertino, o aumento gradativo das temperaturas deve contribuir para a ocorr\u00eancia de pancadas de chuva forte em todo Estado, principalmente no corredor norte e leste. Essas pancadas devem estar acompanhadas de rajadas de vento, descargas el\u00e9tricas e at\u00e9 mesmo granizo em alguns pontos. A m\u00e1xima para a quinta-feira \u00e9 de 22\u00b0C, e m\u00ednima de 16\u00b0C na Capital, em Ourinhos, a m\u00e1xima ser\u00e1 de 27\u00b0C e a m\u00ednima de 17\u00b0C, em Franca, m\u00e1xima de 27\u00b0C e m\u00ednima de 20\u00b0C, j\u00e1 para regi\u00e3o da Baixada Santista, m\u00e1xima de 25\u00b0C e m\u00ednima de 20\u00b0C.<\/p>\n\n\n\n<p><strong><sub>fonte: Defesa Civil do Estado de S\u00e3o Paulo<\/sub><\/strong><\/p>\n<input type=\"hidden\" id=\"baseurl\" value=\"https:\/\/noticiasregionais.com.br\"><input type=\"hidden\" id=\"audio_nonce\" value=\"533fbb67b1\">","protected":false},"excerpt":{"rendered":"<p>Nesta quinta-feira (26), o dia deve amanhecer com forte presen\u00e7a de nebulosidade em todo Estado de S\u00e3o Paulo. Ainda sob&hellip;<\/p>\n","protected":false},"author":1,"featured_media":975,"comment_status":"closed","ping_status":"open","sticky":false,"template":"","format":"standard","meta":{"sfsi_plus_gutenberg_text_before_share":"","sfsi_plus_gutenberg_show_text_before_share":"","sfsi_plus_gutenberg_icon_type":"","sfsi_plus_gutenberg_icon_alignemt":"","sfsi_plus_gutenburg_max_per_row":"","footnotes":""},"categories":[6,10,1],"tags":[],"class_list":["post-974","post","type-post","status-publish","format-standard","has-post-thumbnail","hentry","category-sao_paulo","category-destaques","category-noticias"],"_links":{"self":[{"href":"https:\/\/noticiasregionais.com.br\/index.php?rest_route=\/wp\/v2\/posts\/974","targetHints":{"allow":["GET"]}}],"collection":[{"href":"https:\/\/noticiasregionais.com.br\/index.php?rest_route=\/wp\/v2\/posts"}],"about":[{"href":"https:\/\/noticiasregionais.com.br\/index.php?rest_route=\/wp\/v2\/types\/post"}],"author":[{"embeddable":true,"href":"https:\/\/noticiasregionais.com.br\/index.php?rest_route=\/wp\/v2\/users\/1"}],"replies":[{"embeddable":true,"href":"https:\/\/noticiasregionais.com.br\/index.php?rest_route=%2Fwp%2Fv2%2Fcomments&post=974"}],"version-history":[{"count":2,"href":"https:\/\/noticiasregionais.com.br\/index.php?rest_route=\/wp\/v2\/posts\/974\/revisions"}],"predecessor-version":[{"id":977,"href":"https:\/\/noticiasregionais.com.br\/index.php?rest_route=\/wp\/v2\/posts\/974\/revisions\/977"}],"wp:featuredmedia":[{"embeddable":true,"href":"https:\/\/noticiasregionais.com.br\/index.php?rest_route=\/wp\/v2\/media\/975"}],"wp:attachment":[{"href":"https:\/\/noticiasregionais.com.br\/index.php?rest_route=%2Fwp%2Fv2%2Fmedia&parent=974"}],"wp:term":[{"taxonomy":"category","embeddable":true,"href":"https:\/\/noticiasregionais.com.br\/index.php?rest_route=%2Fwp%2Fv2%2Fcategories&post=974"},{"taxonomy":"post_tag","embeddable":true,"href":"https:\/\/noticiasregionais.com.br\/index.php?rest_route=%2Fwp%2Fv2%2Ftags&post=974"}],"curies":[{"name":"wp","href":"https:\/\/api.w.org\/{rel}","templated":true}]}}