{"id":978,"date":"2023-10-25T12:06:09","date_gmt":"2023-10-25T15:06:09","guid":{"rendered":"https:\/\/noticiasregionais.com.br\/?p=978"},"modified":"2023-10-25T12:06:21","modified_gmt":"2023-10-25T15:06:21","slug":"pre-prende-individuo-por-porte-ilegal-de-arma-de-fogo-em-santa-cruz-do-rio-pardo","status":"publish","type":"post","link":"https:\/\/noticiasregionais.com.br\/?p=978","title":{"rendered":"PRE prende indiv\u00edduo por porte ilegal de arma de fogo em Santa Cruz do Rio Pardo"},"content":{"rendered":"\n<p>Policiais Militares do 2\u00ba Batalh\u00e3o de Pol\u00edcia Rodovi\u00e1ria (BPRv) prenderam um indiv\u00edduo por porte ilegal de arma de fogo na manh\u00e3 desta quarta-feira (25), na rodovia SP-225, km 301, em Santa Cruz do Rio Pardo.<\/p>\n\n\n\n<p>Durante o Desencadeamento da Opera\u00e7\u00e3o Fronteira\/Impacto, os policiais deram sinal regulamentar de parada a um ve\u00edculo GM Chevette na cor prata, placas do Mercosul, ocupado por dois indiv\u00edduos. Realizada uma busca minuciosa no ve\u00edculo, foi localizado sob o banco traseiro, um rev\u00f3lver calibre 38, desmuniciado.<\/p>\n\n\n\n<p>O indiv\u00edduo que portava a arma, um homem de 35 anos, foi preso em flagrante e encaminhado \u00e0 Central de Pol\u00edcia Judici\u00e1ria (CPJ) de Santa Cruz do Rio Pardo, onde foi autuado em flagrante por porte ilegal de arma de fogo.<\/p>\n\n\n\n<p>A arma apreendida ser\u00e1 encaminhada ao Instituto de Criminal\u00edstica (IC) para realiza\u00e7\u00e3o de exames periciais.<\/p>\n\n\n\n<p><strong>Policia Militar: vamos todos juntos, ningu\u00e9m fica para tr\u00e1s!<\/strong><\/p>\n\n\n\n<p>A Pol\u00edcia Militar refor\u00e7a o seu compromisso em combater a criminalidade e garantir a seguran\u00e7a da popula\u00e7\u00e3o. A Opera\u00e7\u00e3o Fronteira\/Impacto \u00e9 uma a\u00e7\u00e3o conjunta da Pol\u00edcia Militar e da Pol\u00edcia Rodovi\u00e1ria Federal (PRF) que visa intensificar a fiscaliza\u00e7\u00e3o nas rodovias estaduais e federais do Estado de S\u00e3o Paulo.<\/p>\n\n\n\n<figure class=\"wp-block-embed is-type-video is-provider-youtube wp-block-embed-youtube wp-embed-aspect-16-9 wp-has-aspect-ratio\"><div class=\"wp-block-embed__wrapper\">\n<iframe loading=\"lazy\" title=\"PRE prende indiv\u00edduo por porte ilegal de arma de fogo em Santa Cruz do Rio Pardo\" width=\"640\" height=\"360\" src=\"https:\/\/www.youtube.com\/embed\/ioZHvHq77e8?feature=oembed\" frameborder=\"0\" allow=\"accelerometer; autoplay; clipboard-write; encrypted-media; gyroscope; picture-in-picture; web-share\" referrerpolicy=\"strict-origin-when-cross-origin\" allowfullscreen><\/iframe>\n<\/div><\/figure>\n<input type=\"hidden\" id=\"baseurl\" value=\"https:\/\/noticiasregionais.com.br\"><input type=\"hidden\" id=\"audio_nonce\" value=\"533fbb67b1\">","protected":false},"excerpt":{"rendered":"<p>Policiais Militares do 2\u00ba Batalh\u00e3o de Pol\u00edcia Rodovi\u00e1ria (BPRv) prenderam um indiv\u00edduo por porte ilegal de arma de fogo na&hellip;<\/p>\n","protected":false},"author":1,"featured_media":979,"comment_status":"closed","ping_status":"open","sticky":false,"template":"","format":"standard","meta":{"sfsi_plus_gutenberg_text_before_share":"","sfsi_plus_gutenberg_show_text_before_share":"","sfsi_plus_gutenberg_icon_type":"","sfsi_plus_gutenberg_icon_alignemt":"","sfsi_plus_gutenburg_max_per_row":"","footnotes":""},"categories":[6,12,1],"tags":[],"class_list":["post-978","post","type-post","status-publish","format-standard","has-post-thumbnail","hentry","category-sao_paulo","category-capa","category-noticias"],"_links":{"self":[{"href":"https:\/\/noticiasregionais.com.br\/index.php?rest_route=\/wp\/v2\/posts\/978","targetHints":{"allow":["GET"]}}],"collection":[{"href":"https:\/\/noticiasregionais.com.br\/index.php?rest_route=\/wp\/v2\/posts"}],"about":[{"href":"https:\/\/noticiasregionais.com.br\/index.php?rest_route=\/wp\/v2\/types\/post"}],"author":[{"embeddable":true,"href":"https:\/\/noticiasregionais.com.br\/index.php?rest_route=\/wp\/v2\/users\/1"}],"replies":[{"embeddable":true,"href":"https:\/\/noticiasregionais.com.br\/index.php?rest_route=%2Fwp%2Fv2%2Fcomments&post=978"}],"version-history":[{"count":1,"href":"https:\/\/noticiasregionais.com.br\/index.php?rest_route=\/wp\/v2\/posts\/978\/revisions"}],"predecessor-version":[{"id":980,"href":"https:\/\/noticiasregionais.com.br\/index.php?rest_route=\/wp\/v2\/posts\/978\/revisions\/980"}],"wp:featuredmedia":[{"embeddable":true,"href":"https:\/\/noticiasregionais.com.br\/index.php?rest_route=\/wp\/v2\/media\/979"}],"wp:attachment":[{"href":"https:\/\/noticiasregionais.com.br\/index.php?rest_route=%2Fwp%2Fv2%2Fmedia&parent=978"}],"wp:term":[{"taxonomy":"category","embeddable":true,"href":"https:\/\/noticiasregionais.com.br\/index.php?rest_route=%2Fwp%2Fv2%2Fcategories&post=978"},{"taxonomy":"post_tag","embeddable":true,"href":"https:\/\/noticiasregionais.com.br\/index.php?rest_route=%2Fwp%2Fv2%2Ftags&post=978"}],"curies":[{"name":"wp","href":"https:\/\/api.w.org\/{rel}","templated":true}]}}