{"id":9792,"date":"2025-09-16T04:15:00","date_gmt":"2025-09-16T07:15:00","guid":{"rendered":"https:\/\/noticiasregionais.com.br\/?p=9792"},"modified":"2025-09-16T04:15:00","modified_gmt":"2025-09-16T07:15:00","slug":"mais-da-metade-dos-municipios-ainda-nao-respondeu-ao-levantamento-da-educacao-infantil-2025","status":"publish","type":"post","link":"https:\/\/noticiasregionais.com.br\/?p=9792","title":{"rendered":"Mais da metade dos munic\u00edpios ainda n\u00e3o respondeu ao Levantamento da Educa\u00e7\u00e3o Infantil 2025"},"content":{"rendered":"<p>\t\t\t\t\t\t\t\t\t\t<audio controls class=\"b61_audio_player\" data-noticia=\"84606\" src=\"https:\/\/brasil61.com\/rails\/active_storage\/blobs\/eyJfcmFpbHMiOnsibWVzc2FnZSI6IkJBaHBBKythQXc9PSIsImV4cCI6bnVsbCwicHVyIjoiYmxvYl9pZCJ9fQ==--4de0015e235f432d0c6609b296f0f3304adaebbb\/BRAS2514716A\"><\/audio><\/p>\n<p><strong data-end=\"360\" data-start=\"244\">Mais da metade dos munic\u00edpios brasileiros ainda n\u00e3o respondeu ao <a href=\"https:\/\/www.gov.br\/mec\/pt-br\/assuntos\/noticias\/2025\/setembro\/prorrogado-prazo-para-levantamento-da-educacao-infantil-2025\" target=\"_blank\" rel=\"noopener\">Levantamento Retrato da Educa\u00e7\u00e3o Infantil 2025<\/a>.<\/strong> At\u00e9 agora, <strong data-end=\"389\" data-start=\"372\">3,2 mil\u00a0cidades<\/strong> n\u00e3o conclu\u00edram o envio das informa\u00e7\u00f5es ao <a href=\"https:\/\/www.gov.br\/mec\/pt-br\" target=\"_blank\" rel=\"noopener\"><strong data-end=\"464\" data-start=\"432\">Minist\u00e9rio da Educa\u00e7\u00e3o (MEC)<\/strong><\/a>, que prorrogou o prazo de participa\u00e7\u00e3o at\u00e9 <strong data-end=\"526\" data-start=\"508\">22 de setembro<\/strong>.<\/p>\n<\/p>\n<p dir=\"ltr\" style=\"text-align: justify\">O levantamento tem car\u00e1ter diagn\u00f3stico e \u00e9 considerado essencial para <strong data-end=\"679\" data-start=\"601\">subsidiar pol\u00edticas p\u00fablicas voltadas \u00e0 educa\u00e7\u00e3o de crian\u00e7as de 0 a 5 anos<\/strong>. Munic\u00edpios que n\u00e3o enviarem as respostas dentro do prazo ter\u00e3o sua realidade <strong data-end=\"780\" data-start=\"758\">exclu\u00edda do estudo<\/strong>, o que pode comprometer a participa\u00e7\u00e3o em futuras iniciativas de <strong data-end=\"885\" data-start=\"846\">apoio t\u00e9cnico e financeiro da Uni\u00e3o<\/strong>.<\/p>\n<p><strong>VEJA MAIS:<\/strong><\/p>\n<ul>\n<li><a href=\"https:\/\/brasil61.com\/n\/educacao-infantil-35-dos-municipios-com-filas-de-espera-em-creches-nao-adotam-criterios-de-priorizacao-bras2513671\" target=\"_blank\" rel=\"noopener\">Educa\u00e7\u00e3o infantil: 35% dos munic\u00edpios com filas de espera em creches n\u00e3o adotam crit\u00e9rios de prioriza\u00e7\u00e3o<\/a><\/li>\n<\/ul>\n<p data-end=\"1219\" data-start=\"890\">A pesquisa est\u00e1 dividida em <strong data-end=\"944\" data-start=\"918\">cinco blocos tem\u00e1ticos<\/strong> e leva, em m\u00e9dia, <strong data-end=\"996\" data-start=\"963\">30 minutos para ser conclu\u00edda<\/strong>. O question\u00e1rio deve ser respondido por todos os <strong data-end=\"1074\" data-start=\"1046\">5,5 mil\u00a0munic\u00edpios do pa\u00eds<\/strong>, inclusive por aqueles que n\u00e3o registram crian\u00e7as fora da escola, j\u00e1 que esses dados tamb\u00e9m s\u00e3o relevantes para compor o diagn\u00f3stico nacional.<\/p>\n<p dir=\"ltr\" style=\"text-align: justify\">A coleta de dados \u00e9 feita por meio do <strong>Sistema Integrado de Monitoramento, Execu\u00e7\u00e3o e Controle<\/strong> (<a href=\"https:\/\/simec.mec.gov.br\/login.php\" target=\"_blank\" rel=\"noopener\">Simec<\/a>), onde o question\u00e1rio deve ser preenchido pelo <strong>secret\u00e1rio municipal de educa\u00e7\u00e3o <\/strong>ou por pessoa formalmente designada. A prorroga\u00e7\u00e3o ocorreu ap\u00f3s relatos de instabilidade no sistema, para evitar preju\u00edzos na participa\u00e7\u00e3o dos entes federados.<\/p>\n<p dir=\"ltr\" style=\"text-align: justify\">A iniciativa integra o <strong>Compromisso Nacional pela Qualidade e Equidade na Educa\u00e7\u00e3o Infantil<\/strong> (Conaquei), que busca fortalecer a colabora\u00e7\u00e3o entre estados e munic\u00edpios, garantindo o direito de aprendizagem e o desenvolvimento integral de beb\u00eas e crian\u00e7as matriculadas nessa etapa da educa\u00e7\u00e3o b\u00e1sica.<\/p>\n<p>\t\t\t\t\t\t\t\t\t<img decoding=\"async\" src=\"https:\/\/brasil61.com\/api\/v1\/serve_pixel\/22254\/84606\" alt=\"Pixel Brasil 61\" class=\"b61_pixel\" width=\"0\" height=\"0\"><\/p>\n<div class=\"br61_backlink\">\n<p>\n\t\t\t\tFonte: <a href=\"https:\/\/brasil61.com\/mais-da-metade-dos-municipios-ainda-nao-respondeu-ao-levantamento-da-educacao-infantil-2025-bras2514716\" title=\"Artigo Original: Mais da metade dos munic\u00edpios ainda n\u00e3o respondeu ao Levantamento da Educa\u00e7\u00e3o Infantil 2025\" target=\"_blank\" rel=\"noopener\">Brasil 61<\/a>\n\t\t\t<\/p>\n<\/p><\/div>\n<input type=\"hidden\" id=\"baseurl\" value=\"https:\/\/noticiasregionais.com.br\"><input type=\"hidden\" id=\"audio_nonce\" value=\"533fbb67b1\">","protected":false},"excerpt":{"rendered":"<p>MEC alerta que munic\u00edpios que n\u00e3o enviarem dados at\u00e9 22 de setembro ficar\u00e3o de fora do diagn\u00f3stico e poder\u00e3o perder espa\u00e7o em futuras a\u00e7\u00f5es de apoio<\/p>\n","protected":false},"author":1,"featured_media":9793,"comment_status":"","ping_status":"open","sticky":false,"template":"","format":"standard","meta":{"sfsi_plus_gutenberg_text_before_share":"","sfsi_plus_gutenberg_show_text_before_share":"","sfsi_plus_gutenberg_icon_type":"","sfsi_plus_gutenberg_icon_alignemt":"","sfsi_plus_gutenburg_max_per_row":"","footnotes":""},"categories":[8],"tags":[],"class_list":["post-9792","post","type-post","status-publish","format-standard","has-post-thumbnail","hentry","category-brasil"],"_links":{"self":[{"href":"https:\/\/noticiasregionais.com.br\/index.php?rest_route=\/wp\/v2\/posts\/9792","targetHints":{"allow":["GET"]}}],"collection":[{"href":"https:\/\/noticiasregionais.com.br\/index.php?rest_route=\/wp\/v2\/posts"}],"about":[{"href":"https:\/\/noticiasregionais.com.br\/index.php?rest_route=\/wp\/v2\/types\/post"}],"author":[{"embeddable":true,"href":"https:\/\/noticiasregionais.com.br\/index.php?rest_route=\/wp\/v2\/users\/1"}],"replies":[{"embeddable":true,"href":"https:\/\/noticiasregionais.com.br\/index.php?rest_route=%2Fwp%2Fv2%2Fcomments&post=9792"}],"version-history":[{"count":0,"href":"https:\/\/noticiasregionais.com.br\/index.php?rest_route=\/wp\/v2\/posts\/9792\/revisions"}],"wp:featuredmedia":[{"embeddable":true,"href":"https:\/\/noticiasregionais.com.br\/index.php?rest_route=\/wp\/v2\/media\/9793"}],"wp:attachment":[{"href":"https:\/\/noticiasregionais.com.br\/index.php?rest_route=%2Fwp%2Fv2%2Fmedia&parent=9792"}],"wp:term":[{"taxonomy":"category","embeddable":true,"href":"https:\/\/noticiasregionais.com.br\/index.php?rest_route=%2Fwp%2Fv2%2Fcategories&post=9792"},{"taxonomy":"post_tag","embeddable":true,"href":"https:\/\/noticiasregionais.com.br\/index.php?rest_route=%2Fwp%2Fv2%2Ftags&post=9792"}],"curies":[{"name":"wp","href":"https:\/\/api.w.org\/{rel}","templated":true}]}}