{"id":9796,"date":"2025-09-16T04:25:00","date_gmt":"2025-09-16T07:25:00","guid":{"rendered":"https:\/\/noticiasregionais.com.br\/?p=9796"},"modified":"2025-09-16T04:25:00","modified_gmt":"2025-09-16T07:25:00","slug":"preco-da-soja-e-do-trigo-hoje-confira-as-cotacoes-para-terca-feira-16","status":"publish","type":"post","link":"https:\/\/noticiasregionais.com.br\/?p=9796","title":{"rendered":"Pre\u00e7o da soja e do trigo hoje: confira as cota\u00e7\u00f5es para ter\u00e7a-feira (16)"},"content":{"rendered":"<p>\t\t\t\t\t\t\t\t\t\t<audio controls class=\"b61_audio_player\" data-noticia=\"84611\" src=\"https:\/\/brasil61.com\/rails\/active_storage\/blobs\/eyJfcmFpbHMiOnsibWVzc2FnZSI6IkJBaHBBL3VhQXc9PSIsImV4cCI6bnVsbCwicHVyIjoiYmxvYl9pZCJ9fQ==--9dae6e5062e920f85f2ebb176e5487318e20d45d\/PAGR255792A\"><\/audio><\/p>\n<p>O valor da saca de 60 kg da <strong>soja<\/strong>\u00a0abre ter\u00e7a-feira (16) com\u00a0<strong>varia\u00e7\u00f5es,\u00a0<\/strong>no interior do Paran\u00e1 e\u00a0no litoral do estado, em Paranagu\u00e1.\u00a0<\/p>\n<p>Na primeira regi\u00e3o, o gr\u00e3o teve <strong>alta\u00a0de 0,11%<\/strong> e \u00e9 negociado a <strong>R$ 135,13<\/strong>; na segunda, a <strong>alta\u00a0<\/strong>foi <strong>de 0,40%<\/strong>, com a mercadoria cotada a <strong>R$ 140,67<\/strong>.<\/p>\n<p><strong>INDICADOR DA SOJA CEPEA\/ESALQ &#8211; PARAN\u00c1<\/strong><\/p>\n<table>\n<thead>\n<tr>\n<th>Data<\/th>\n<th>Valor R$*<\/th>\n<th>Var.\/Dia<\/th>\n<th>Var.\/M\u00eas<\/th>\n<th>Valor US$*<\/th>\n<\/tr>\n<\/thead>\n<tbody>\n<tr>\n<td>15\/09\/2025<\/td>\n<td>135,13<\/td>\n<td>0,11%<\/td>\n<td>0,66%<\/td>\n<td>25,41<\/td>\n<\/tr>\n<tr>\n<td>12\/09\/2025<\/td>\n<td>134,98<\/td>\n<td>-0,29%<\/td>\n<td>0,54%<\/td>\n<td>25,21<\/td>\n<\/tr>\n<tr>\n<td>11\/09\/2025<\/td>\n<td>135,37<\/td>\n<td>-0,01%<\/td>\n<td>0,83%<\/td>\n<td>25,10<\/td>\n<\/tr>\n<tr>\n<td>10\/09\/2025<\/td>\n<td>135,38<\/td>\n<td>-0,23%<\/td>\n<td>0,84%<\/td>\n<td>25,03<\/td>\n<\/tr>\n<tr>\n<td>09\/09\/2025<\/td>\n<td>135,69<\/td>\n<td>0,25%<\/td>\n<td>1,07%<\/td>\n<td>24,97<\/td>\n<\/tr>\n<\/tbody>\n<\/table>\n<p><strong>INDICADOR DA SOJA CEPEA\/ESALQ &#8211; PARANAGU\u00c1<\/strong><\/p>\n<table>\n<thead>\n<tr>\n<th>Data<\/th>\n<th>Valor R$*<\/th>\n<th>Var.\/Dia<\/th>\n<th>Var.\/M\u00eas<\/th>\n<th>Valor US$*<\/th>\n<\/tr>\n<\/thead>\n<tbody>\n<tr>\n<td>15\/09\/2025<\/td>\n<td>140,67<\/td>\n<td>-0,40%<\/td>\n<td>0,80%<\/td>\n<td>26,45<\/td>\n<\/tr>\n<tr>\n<td>12\/09\/2025<\/td>\n<td>141,24<\/td>\n<td>0,14%<\/td>\n<td>1,20%<\/td>\n<td>26,37<\/td>\n<\/tr>\n<tr>\n<td>11\/09\/2025<\/td>\n<td>141,04<\/td>\n<td>-0,30%<\/td>\n<td>1,06%<\/td>\n<td>26,15<\/td>\n<\/tr>\n<tr>\n<td>10\/09\/2025<\/td>\n<td>141,46<\/td>\n<td>-0,20%<\/td>\n<td>1,36%<\/td>\n<td>26,16<\/td>\n<\/tr>\n<tr>\n<td>09\/09\/2025<\/td>\n<td>141,74<\/td>\n<td>0,70%<\/td>\n<td>1,56%<\/td>\n<td>26,08<\/td>\n<\/tr>\n<\/tbody>\n<\/table>\n<h2>Trigo<\/h2>\n<p>O pre\u00e7o do <strong>trigo<\/strong>, por sua vez, registra <strong>alta\u00a0de 0,12%, no Paran\u00e1, e redu\u00e7\u00e3o de 0,03%\u00a0no Rio Grande do Sul<\/strong>.<strong>\u00a0<\/strong>No estado paranaense, a tonelada\u00a0\u00e9 vendida a<strong> R$ 1.383,70<\/strong>, enquanto no ga\u00facho \u00e9 comercializada a<strong> R$ 1.267,31<\/strong>.<\/p>\n<p><strong>PRE\u00c7O M\u00c9DIO DO TRIGO CEPEA\/ESALQ &#8211; PARAN\u00c1<\/strong><\/p>\n<table>\n<thead>\n<tr>\n<th>Data<\/th>\n<th>Valor R$\/t*<\/th>\n<th>Var.\/Dia<\/th>\n<th>Var.\/M\u00eas<\/th>\n<th>Valor US$\/t*<\/th>\n<\/tr>\n<\/thead>\n<tbody>\n<tr>\n<td>15\/09\/2025<\/td>\n<td>1.383,70<\/td>\n<td>0,12%<\/td>\n<td>-1,75%<\/td>\n<td>260,19<\/td>\n<\/tr>\n<tr>\n<td>12\/09\/2025<\/td>\n<td>1.382,00<\/td>\n<td>-0,41%<\/td>\n<td>-1,87%<\/td>\n<td>258,08<\/td>\n<\/tr>\n<tr>\n<td>11\/09\/2025<\/td>\n<td>1.387,67<\/td>\n<td>0,37%<\/td>\n<td>-1,46%<\/td>\n<td>257,26<\/td>\n<\/tr>\n<tr>\n<td>10\/09\/2025<\/td>\n<td>1.382,53<\/td>\n<td>-0,38%<\/td>\n<td>-1,83%<\/td>\n<td>255,65<\/td>\n<\/tr>\n<tr>\n<td>09\/09\/2025<\/td>\n<td>1.387,86<\/td>\n<td>-0,78%<\/td>\n<td>-1,45%<\/td>\n<td>255,40<\/td>\n<\/tr>\n<\/tbody>\n<\/table>\n<p><strong>PRE\u00c7O M\u00c9DIO DO TRIGO CEPEA\/ESALQ &#8211; RIO GRANDE DO SUL<\/strong><\/p>\n<table>\n<thead>\n<tr>\n<th>Data<\/th>\n<th>Valor R$\/t*<\/th>\n<th>Var.\/Dia<\/th>\n<th>Var.\/M\u00eas<\/th>\n<th>Valor US$\/t*<\/th>\n<\/tr>\n<\/thead>\n<tbody>\n<tr>\n<td>15\/09\/2025<\/td>\n<td>1.267,31<\/td>\n<td>-0,03%<\/td>\n<td>-1,29%<\/td>\n<td>238,30<\/td>\n<\/tr>\n<tr>\n<td>12\/09\/2025<\/td>\n<td>1.267,68<\/td>\n<td>-0,16%<\/td>\n<td>-1,26%<\/td>\n<td>236,73<\/td>\n<\/tr>\n<tr>\n<td>11\/09\/2025<\/td>\n<td>1.269,72<\/td>\n<td>0,00%<\/td>\n<td>-1,10%<\/td>\n<td>235,40<\/td>\n<\/tr>\n<tr>\n<td>10\/09\/2025<\/td>\n<td>1.269,72<\/td>\n<td>-0,08%<\/td>\n<td>-1,10%<\/td>\n<td>234,79<\/td>\n<\/tr>\n<tr>\n<td>09\/09\/2025<\/td>\n<td>1.270,79<\/td>\n<td>-0,26%<\/td>\n<td>-1,02%<\/td>\n<td>233,86<\/td>\n<\/tr>\n<\/tbody>\n<\/table>\n<h2>O que \u00e9 uma saca de soja ou de trigo? Entenda a unidade de medida no mercado de gr\u00e3os<\/h2>\n<p>A saca de soja e a saca de trigo s\u00e3o as principais unidades de comercializa\u00e7\u00e3o de gr\u00e3os no Brasil. Cada saca equivale a 60 quilos, padr\u00e3o adotado por \u00f3rg\u00e3os oficiais como a <strong>Companhia Nacional de Abastecimento (<a href=\"https:\/\/www.gov.br\/conab\/pt-br\" target=\"_blank\" rel=\"noopener\">Conab<\/a>)<\/strong>, o<strong> Minist\u00e9rio da Agricultura (<a href=\"http:\/\/www.gov.br\/agricultura\/pt-br\" target=\"_blank\" rel=\"noopener\">MAPA<\/a>)<\/strong> e o<strong> Centro de Estudos Avan\u00e7ados em Economia Aplicada (<a href=\"http:\/\/www.cepea.org.br\" target=\"_blank\" rel=\"noopener\">Cepea<\/a>)<\/strong>.<\/p>\n<p>Esse formato padronizado facilita o com\u00e9rcio da soja e do trigo, al\u00e9m de permitir um acompanhamento mais preciso das cota\u00e7\u00f5es e varia\u00e7\u00f5es de pre\u00e7os no mercado nacional.<\/p>\n<p>\t\t\t\t\t\t\t\t\t<img decoding=\"async\" src=\"https:\/\/brasil61.com\/api\/v1\/serve_pixel\/22254\/84611\" alt=\"Pixel Brasil 61\" class=\"b61_pixel\" width=\"0\" height=\"0\"><\/p>\n<div class=\"br61_backlink\">\n<p>\n\t\t\t\tFonte: <a href=\"https:\/\/brasil61.com\/preco-da-soja-e-do-trigo-hoje-confira-as-cotacoes-para-terca-feira-16-pagr255792\" title=\"Artigo Original: Pre\u00e7o da soja e do trigo hoje: confira as cota\u00e7\u00f5es para ter\u00e7a-feira (16)\" target=\"_blank\" rel=\"noopener\">Brasil 61<\/a>\n\t\t\t<\/p>\n<\/p><\/div>\n<input type=\"hidden\" id=\"baseurl\" value=\"https:\/\/noticiasregionais.com.br\"><input type=\"hidden\" id=\"audio_nonce\" value=\"533fbb67b1\">","protected":false},"excerpt":{"rendered":"<p>A soja apresenta alta no Paran\u00e1 e em Paranagu\u00e1; o trigo, por sua vez, aponta queda no Rio Grande do Sul e alta no Paran\u00e1<\/p>\n","protected":false},"author":1,"featured_media":9797,"comment_status":"","ping_status":"open","sticky":false,"template":"","format":"standard","meta":{"sfsi_plus_gutenberg_text_before_share":"","sfsi_plus_gutenberg_show_text_before_share":"","sfsi_plus_gutenberg_icon_type":"","sfsi_plus_gutenberg_icon_alignemt":"","sfsi_plus_gutenburg_max_per_row":"","footnotes":""},"categories":[8],"tags":[],"class_list":["post-9796","post","type-post","status-publish","format-standard","has-post-thumbnail","hentry","category-brasil"],"_links":{"self":[{"href":"https:\/\/noticiasregionais.com.br\/index.php?rest_route=\/wp\/v2\/posts\/9796","targetHints":{"allow":["GET"]}}],"collection":[{"href":"https:\/\/noticiasregionais.com.br\/index.php?rest_route=\/wp\/v2\/posts"}],"about":[{"href":"https:\/\/noticiasregionais.com.br\/index.php?rest_route=\/wp\/v2\/types\/post"}],"author":[{"embeddable":true,"href":"https:\/\/noticiasregionais.com.br\/index.php?rest_route=\/wp\/v2\/users\/1"}],"replies":[{"embeddable":true,"href":"https:\/\/noticiasregionais.com.br\/index.php?rest_route=%2Fwp%2Fv2%2Fcomments&post=9796"}],"version-history":[{"count":0,"href":"https:\/\/noticiasregionais.com.br\/index.php?rest_route=\/wp\/v2\/posts\/9796\/revisions"}],"wp:featuredmedia":[{"embeddable":true,"href":"https:\/\/noticiasregionais.com.br\/index.php?rest_route=\/wp\/v2\/media\/9797"}],"wp:attachment":[{"href":"https:\/\/noticiasregionais.com.br\/index.php?rest_route=%2Fwp%2Fv2%2Fmedia&parent=9796"}],"wp:term":[{"taxonomy":"category","embeddable":true,"href":"https:\/\/noticiasregionais.com.br\/index.php?rest_route=%2Fwp%2Fv2%2Fcategories&post=9796"},{"taxonomy":"post_tag","embeddable":true,"href":"https:\/\/noticiasregionais.com.br\/index.php?rest_route=%2Fwp%2Fv2%2Ftags&post=9796"}],"curies":[{"name":"wp","href":"https:\/\/api.w.org\/{rel}","templated":true}]}}