{"id":9802,"date":"2025-09-16T04:50:00","date_gmt":"2025-09-16T07:50:00","guid":{"rendered":"https:\/\/noticiasregionais.com.br\/?p=9802"},"modified":"2025-09-16T04:50:00","modified_gmt":"2025-09-16T07:50:00","slug":"anapolis-recebe-jornada-nacional-de-inovacao-da-industria-com-experiencias-praticas-do-setor-industrial-goiano","status":"publish","type":"post","link":"https:\/\/noticiasregionais.com.br\/?p=9802","title":{"rendered":"An\u00e1polis recebe Jornada Nacional de Inova\u00e7\u00e3o da Ind\u00fastria com experi\u00eancias pr\u00e1ticas do setor industrial goiano"},"content":{"rendered":"<p>\t\t\t\t\t\t\t\t\t\t<audio controls class=\"b61_audio_player\" data-noticia=\"84615\" src=\"https:\/\/brasil61.com\/rails\/active_storage\/blobs\/eyJfcmFpbHMiOnsibWVzc2FnZSI6IkJBaHBBL0NhQXc9PSIsImV4cCI6bnVsbCwicHVyIjoiYmxvYl9pZCJ9fQ==--34bedae1abbbfff02cbe825a5c1d8c3835be6a86\/PIND254622A\"><\/audio><\/p>\n<p><!--StartFragment -->A cidade de An\u00e1polis (GO) ser\u00e1 palco, no dia 18 de setembro, da <a href=\"https:\/\/jornadanacionaldeinovacao.com.br\/\" target=\"_blank\" rel=\"noopener\"><strong>Jornada Nacional de Inova\u00e7\u00e3o da Ind\u00fastria<\/strong><\/a>, movimento coordenado pela Confedera\u00e7\u00e3o Nacional da Ind\u00fastria (<strong><a href=\"https:\/\/cni.portaldaindustria.com.br\/\" target=\"_blank\" rel=\"noopener\">CNI<\/a><\/strong>), em parceria com o Servi\u00e7o Brasileiro de Apoio \u00e0s Micro e Pequenas Empresas (<a href=\"https:\/\/sebrae.com.br\/sites\/PortalSebrae\" target=\"_blank\" rel=\"noopener\"><strong>Sebrae<\/strong><\/a>) e a Federa\u00e7\u00e3o das Ind\u00fastrias do Estado de Goi\u00e1s (<a href=\"https:\/\/www.fieg.com.br\/\" target=\"_blank\" rel=\"noopener\"><strong>Fieg<\/strong><\/a>). O encontro, que acontece na Faculdade de Tecnologia Senai Roberto Mange, vai reunir empres\u00e1rios, especialistas e representantes do ecossistema de inova\u00e7\u00e3o para discutir os rumos da ind\u00fastria diante dos desafios da <strong>transi\u00e7\u00e3o ecol\u00f3gica e digital<\/strong>.<\/p>\n<p>\u201cA jornada \u00e9 muito mais que um evento, \u00e9 uma oportunidade de fazer network, trocar experi\u00eancias, conhecer solu\u00e7\u00f5es de ponta e construir parcerias estrat\u00e9gicas. As empresas presentes v\u00e3o compartilhar caminhos para crescer com sustentabilidade, competitividade e tecnologia, e os participantes ter\u00e3o acesso a conhecimento aplicado e oportunidades reais de inova\u00e7\u00e3o\u201d, afirma a especialista de Inova\u00e7\u00e3o da CNI, Marilene Castro.<\/p>\n<h2>Jornada Nacional de Inova\u00e7\u00e3o da Ind\u00fastria: etapa de An\u00e1polis (GO)<\/h2>\n<p>A edi\u00e7\u00e3o de An\u00e1polis \u00e9 realizada em parceria com o <a href=\"https:\/\/senaigoias.com.br\/faculdade-rm\" target=\"_blank\" rel=\"noopener\">Senai<\/a>, <a href=\"https:\/\/www.sebraego.com.br\/inovacao\/\" target=\"_blank\" rel=\"noopener\">Sebrae Startups<\/a> e o <a href=\"https:\/\/www.goiaspelainovacao.org.br\/\" target=\"_blank\" rel=\"noopener\">Pacto Goi\u00e1s Pela Inova\u00e7\u00e3o<\/a>, reunindo empresas, institui\u00e7\u00f5es, empreendedores e lideran\u00e7as que est\u00e3o impulsionando o <strong>futuro da ind\u00fastria<\/strong>. O encontro promove <strong>visibilidade, networking estrat\u00e9gico e novas oportunidades de neg\u00f3cios<\/strong>.<\/p>\n<p>Na abertura, a CEO do <strong><a href=\"https:\/\/sabin.com.br\/\" target=\"_blank\" rel=\"noopener\">Grupo Sabin<\/a><\/strong>, L\u00eddia Abdalla, apresentar\u00e1 a experi\u00eancia da jornada de inova\u00e7\u00e3o dentro da empresa. A programa\u00e7\u00e3o contar\u00e1 ainda com dois pain\u00e9is: o primeiro sobre transi\u00e7\u00e3o ecol\u00f3gica, com a participa\u00e7\u00e3o das empresas <a href=\"https:\/\/www.predictai.com.br\/\" target=\"_blank\" rel=\"noopener\">Predict AI<\/a>, <a href=\"https:\/\/www.bious.com.br\/quem-somos\" target=\"_blank\" rel=\"noopener\">BioUS<\/a> e <a href=\"https:\/\/nanoterra.co\/pt-br\/\" target=\"_blank\" rel=\"noopener\">Nanoterra<\/a>; e o segundo sobre transforma\u00e7\u00e3o digital, com representantes da <a href=\"https:\/\/dectra.ai\/home\" target=\"_blank\" rel=\"noopener\">Dectra<\/a>, <a href=\"https:\/\/industrycare.com.br\/\" target=\"_blank\" rel=\"noopener\">Industry Care<\/a>, <a href=\"https:\/\/www.teuto.com.br\/\" target=\"_blank\" rel=\"noopener\">Teuto<\/a> e <a href=\"https:\/\/everestdigital.com.br\/\" target=\"_blank\" rel=\"noopener\">Everest Digital<\/a>.<\/p>\n<p>Os inscritos poder\u00e3o participar tamb\u00e9m de workshops pr\u00e1ticos, que acontecer\u00e3o no per\u00edodo da tarde, simultaneamente, com limite de 30 participantes por turma, e cada inscrito dever\u00e1 optar por apenas um deles. A primeira op\u00e7\u00e3o \u00e9 sobre <strong>acesso ao fomento \u00e0 inova\u00e7\u00e3o<\/strong>, que abordar\u00e1 o panorama do fomento no Brasil, oportunidades dispon\u00edveis, etapas para acessar recursos e uma din\u00e2mica pr\u00e1tica de formula\u00e7\u00e3o de pleitos. J\u00e1 a segunda \u00e9 sobre <strong>gest\u00e3o da inova\u00e7\u00e3o<\/strong>, com foco em jornada de inova\u00e7\u00e3o, processos, uso estrat\u00e9gico de intelig\u00eancia de dados e propriedade intelectual, al\u00e9m de formas de integrar a inova\u00e7\u00e3o \u00e0 estrat\u00e9gia empresarial.<\/p>\n<p>As inscri\u00e7\u00f5es s\u00e3o gratuitas e as vagas limitadas. Os interessados podem escolher entre participar da programa\u00e7\u00e3o completa (manh\u00e3 e tarde), apenas do turno da manh\u00e3 (palestras e pain\u00e9is) ou de um dos workshops da tarde. Inscreva-se aqui.<\/p>\n<p>A Jornada Nacional de Inova\u00e7\u00e3o est\u00e1 percorrendo o Brasil em busca das melhores pr\u00e1ticas em solu\u00e7\u00f5es tecnol\u00f3gicas e sustent\u00e1veis, que ser\u00e3o apresentadas no <strong>Congresso Nacional de Inova\u00e7\u00e3o<\/strong>, em mar\u00e7o de 2026, em S\u00e3o Paulo.<\/p>\n<p><!--EndFragment --><\/p>\n<p>\t\t\t\t\t\t\t\t\t<img decoding=\"async\" src=\"https:\/\/brasil61.com\/api\/v1\/serve_pixel\/22254\/84615\" alt=\"Pixel Brasil 61\" class=\"b61_pixel\" width=\"0\" height=\"0\"><\/p>\n<div class=\"br61_backlink\">\n<p>\n\t\t\t\tFonte: <a href=\"https:\/\/brasil61.com\/anapolis-recebe-jornada-nacional-de-inovacao-da-industria-com-experiencias-praticas-do-setor-industrial-goiano-pind254622\" title=\"Artigo Original: An\u00e1polis recebe Jornada Nacional de Inova\u00e7\u00e3o da Ind\u00fastria com experi\u00eancias pr\u00e1ticas do setor industrial goiano\" target=\"_blank\" rel=\"noopener\">Brasil 61<\/a>\n\t\t\t<\/p>\n<\/p><\/div>\n<input type=\"hidden\" id=\"baseurl\" value=\"https:\/\/noticiasregionais.com.br\"><input type=\"hidden\" id=\"audio_nonce\" value=\"296231ceac\">","protected":false},"excerpt":{"rendered":"<p>Esta edi\u00e7\u00e3o reunir\u00e1 empresas de todos os portes e representantes do ecossistema de inova\u00e7\u00e3o goiano para debater desafios e oportunidades da transi\u00e7\u00e3o ecol\u00f3gica e digital, apontada como vetor de competitividade da ind\u00fastria brasileira<\/p>\n","protected":false},"author":1,"featured_media":9803,"comment_status":"","ping_status":"open","sticky":false,"template":"","format":"standard","meta":{"sfsi_plus_gutenberg_text_before_share":"","sfsi_plus_gutenberg_show_text_before_share":"","sfsi_plus_gutenberg_icon_type":"","sfsi_plus_gutenberg_icon_alignemt":"","sfsi_plus_gutenburg_max_per_row":"","footnotes":""},"categories":[8],"tags":[],"class_list":["post-9802","post","type-post","status-publish","format-standard","has-post-thumbnail","hentry","category-brasil"],"_links":{"self":[{"href":"https:\/\/noticiasregionais.com.br\/index.php?rest_route=\/wp\/v2\/posts\/9802","targetHints":{"allow":["GET"]}}],"collection":[{"href":"https:\/\/noticiasregionais.com.br\/index.php?rest_route=\/wp\/v2\/posts"}],"about":[{"href":"https:\/\/noticiasregionais.com.br\/index.php?rest_route=\/wp\/v2\/types\/post"}],"author":[{"embeddable":true,"href":"https:\/\/noticiasregionais.com.br\/index.php?rest_route=\/wp\/v2\/users\/1"}],"replies":[{"embeddable":true,"href":"https:\/\/noticiasregionais.com.br\/index.php?rest_route=%2Fwp%2Fv2%2Fcomments&post=9802"}],"version-history":[{"count":0,"href":"https:\/\/noticiasregionais.com.br\/index.php?rest_route=\/wp\/v2\/posts\/9802\/revisions"}],"wp:featuredmedia":[{"embeddable":true,"href":"https:\/\/noticiasregionais.com.br\/index.php?rest_route=\/wp\/v2\/media\/9803"}],"wp:attachment":[{"href":"https:\/\/noticiasregionais.com.br\/index.php?rest_route=%2Fwp%2Fv2%2Fmedia&parent=9802"}],"wp:term":[{"taxonomy":"category","embeddable":true,"href":"https:\/\/noticiasregionais.com.br\/index.php?rest_route=%2Fwp%2Fv2%2Fcategories&post=9802"},{"taxonomy":"post_tag","embeddable":true,"href":"https:\/\/noticiasregionais.com.br\/index.php?rest_route=%2Fwp%2Fv2%2Ftags&post=9802"}],"curies":[{"name":"wp","href":"https:\/\/api.w.org\/{rel}","templated":true}]}}