{"id":9807,"date":"2025-09-17T04:10:00","date_gmt":"2025-09-17T07:10:00","guid":{"rendered":"https:\/\/noticiasregionais.com.br\/?p=9807"},"modified":"2025-09-17T04:10:00","modified_gmt":"2025-09-17T07:10:00","slug":"preco-do-boi-gordo-hoje-confira-as-cotacoes-para-quarta-feira-17","status":"publish","type":"post","link":"https:\/\/noticiasregionais.com.br\/?p=9807","title":{"rendered":"Pre\u00e7o do boi gordo hoje: confira as cota\u00e7\u00f5es para quarta-feira (17)"},"content":{"rendered":"<p>\t\t\t\t\t\t\t\t\t\t<audio controls class=\"b61_audio_player\" data-noticia=\"84645\" src=\"https:\/\/brasil61.com\/rails\/active_storage\/blobs\/eyJfcmFpbHMiOnsibWVzc2FnZSI6IkJBaHBBK1diQXc9PSIsImV4cCI6bnVsbCwicHVyIjoiYmxvYl9pZCJ9fQ==--baa9f1ccc520f4f5ebc81cd87c553cc431f144fd\/PAGR255793A\"><\/audio><\/p>\n<p>O pre\u00e7o do <strong>boi gordo\u00a0inicia <\/strong>quarta-feira (17) em baixa<strong>.<\/strong>\u00a0A\u00a0arroba abre o dia\u00a0negociada a <strong>R$ 307,05<\/strong>, no estado de S\u00e3o Paulo.<\/p>\n<p><strong>INDICADOR DO BOI GORDO CEPEA\/ESALQ<\/strong><\/p>\n<table>\n<thead>\n<tr>\n<th>Data<\/th>\n<th>Valor R$<\/th>\n<th>Var.\/Dia<\/th>\n<th>Var.\/M\u00eas<\/th>\n<th>Valor US$<\/th>\n<\/tr>\n<\/thead>\n<tbody>\n<tr>\n<td>16\/09\/2025<\/td>\n<td>307,05<\/td>\n<td>-0,28%<\/td>\n<td>-1,11%<\/td>\n<td>57,96<\/td>\n<\/tr>\n<tr>\n<td>15\/09\/2025<\/td>\n<td>307,90<\/td>\n<td>-0,92%<\/td>\n<td>-0,84%<\/td>\n<td>57,90<\/td>\n<\/tr>\n<tr>\n<td>12\/09\/2025<\/td>\n<td>310,75<\/td>\n<td>0,00%<\/td>\n<td>0,08%<\/td>\n<td>57,61<\/td>\n<\/tr>\n<tr>\n<td>11\/09\/2025<\/td>\n<td>310,75<\/td>\n<td>-0,29%<\/td>\n<td>0,08%<\/td>\n<td>57,61<\/td>\n<\/tr>\n<tr>\n<td>10\/09\/2025<\/td>\n<td>311,65<\/td>\n<td>-0,02%<\/td>\n<td>0,37%<\/td>\n<td>57,63<\/td>\n<\/tr>\n<\/tbody>\n<\/table>\n<h2>Pre\u00e7o do frango congelado e resfriado<\/h2>\n<p>Nos atacados da Grande S\u00e3o Paulo, S\u00e3o Jos\u00e9 do Rio Preto e Descalvado, o\u00a0pre\u00e7o\u00a0do <strong>frango congelado<\/strong>\u00a0e<strong>\u00a0do\u00a0<\/strong><strong>frango\u00a0resfriado<\/strong>\u00a0registraram <b>alta de 2,98% e 2,84%, <\/b>respectivamente. A primeira mercadoria est\u00e1\u00a0cotada a <strong>R$ 7,96<\/strong>, e a segunda \u00e9 comercializada\u00a0a <strong>R$ 7,98.<\/strong><\/p>\n<p><strong>PRE\u00c7OS DO FRANGO CONGELADO CEPEA\/ESALQ &#8211; ESTADO SP\u00a0<\/strong><\/p>\n<table>\n<thead>\n<tr>\n<th>Data<\/th>\n<th>Valor R$<\/th>\n<th>Var.\/Dia<\/th>\n<th>Var.\/M\u00eas<\/th>\n<\/tr>\n<\/thead>\n<tbody>\n<tr>\n<td>16\/09\/2025<\/td>\n<td>7,96<\/td>\n<td>2,98%<\/td>\n<td>10,86%<\/td>\n<\/tr>\n<tr>\n<td>15\/09\/2025<\/td>\n<td>7,73<\/td>\n<td>3,07%<\/td>\n<td>7,66%<\/td>\n<\/tr>\n<tr>\n<td>12\/09\/2025<\/td>\n<td>7,50<\/td>\n<td>0,00%<\/td>\n<td>4,46%<\/td>\n<\/tr>\n<tr>\n<td>11\/09\/2025<\/td>\n<td>7,50<\/td>\n<td>0,00%<\/td>\n<td>4,46%<\/td>\n<\/tr>\n<tr>\n<td>10\/09\/2025<\/td>\n<td>7,50<\/td>\n<td>1,35%<\/td>\n<td>4,46%<\/td>\n<\/tr>\n<\/tbody>\n<\/table>\n<p><strong>PRE\u00c7OS DO FRANGO RESFRIADO CEPEA\/ESALQ &#8211; ESTADO SP<\/strong><\/p>\n<table>\n<thead>\n<tr>\n<th>Data<\/th>\n<th>Valor R$<\/th>\n<th>Var.\/Dia<\/th>\n<th>Var.\/M\u00eas<\/th>\n<\/tr>\n<\/thead>\n<tbody>\n<tr>\n<td>16\/09\/2025<\/td>\n<td>7,98<\/td>\n<td>2,84%<\/td>\n<td>10,99%<\/td>\n<\/tr>\n<tr>\n<td>15\/09\/2025<\/td>\n<td>7,76<\/td>\n<td>3,33%<\/td>\n<td>7,93%<\/td>\n<\/tr>\n<tr>\n<td>12\/09\/2025<\/td>\n<td>7,51<\/td>\n<td>0,00%<\/td>\n<td>4,45%<\/td>\n<\/tr>\n<tr>\n<td>11\/09\/2025<\/td>\n<td>7,51<\/td>\n<td>0,00%<\/td>\n<td>4,45%<\/td>\n<\/tr>\n<tr>\n<td>10\/09\/2025<\/td>\n<td>7,51<\/td>\n<td>1,35%<\/td>\n<td>4,45%<\/td>\n<\/tr>\n<\/tbody>\n<\/table>\n<h2>Pre\u00e7o da carca\u00e7a su\u00edna especial e su\u00edno vivo<\/h2>\n<p>A <strong>carca\u00e7a su\u00edna especial <\/strong>registra <strong>baixa de 1,33%\u00a0<\/strong>no pre\u00e7o, sendo negociada a <strong>R$ 13,39\u00a0<\/strong>por quilo nos atacados da Grande S\u00e3o Paulo.\u00a0<\/p>\n<p><strong>PRE\u00c7OS DA CARCA\u00c7A SU\u00cdNA ESPECIAL (R$\/kg)<\/strong><\/p>\n<table>\n<thead>\n<tr>\n<th>Data<\/th>\n<th>M\u00e9dia<\/th>\n<th>Var.\/Dia<\/th>\n<th>Var.\/M\u00eas<\/th>\n<\/tr>\n<\/thead>\n<tbody>\n<tr>\n<td>16\/09\/2025<\/td>\n<td>13,39<\/td>\n<td>-1,33%<\/td>\n<td>-1,90%<\/td>\n<\/tr>\n<tr>\n<td>15\/09\/2025<\/td>\n<td>13,57<\/td>\n<td>-0,80%<\/td>\n<td>-0,59%<\/td>\n<\/tr>\n<tr>\n<td>12\/09\/2025<\/td>\n<td>13,68<\/td>\n<td>-0,07%<\/td>\n<td>0,22%<\/td>\n<\/tr>\n<tr>\n<td>11\/09\/2025<\/td>\n<td>13,69<\/td>\n<td>0,00%<\/td>\n<td>0,29%<\/td>\n<\/tr>\n<tr>\n<td>10\/09\/2025<\/td>\n<td>13,69<\/td>\n<td>0,00%<\/td>\n<td>0,29%<\/td>\n<\/tr>\n<\/tbody>\n<\/table>\n<p>O pre\u00e7o do<strong> su\u00edno vivo<\/strong> aponta <strong>baixa\u00a0em todos os estados. <\/strong>Com destaque para Santa Catarina\u00a0com queda de 1,03%, cotado R$8,68.\u00a0<\/p>\n<p><strong>INDICADOR DO SU\u00cdNO VIVO CEPEA\/ESALQ (R$\/kg)\u00a0<\/strong><\/p>\n<table>\n<thead>\n<tr>\n<th>Data<\/th>\n<th>Estado<\/th>\n<th>Valor R$*<\/th>\n<th>Var.\/Dia<\/th>\n<th>Var.\/M\u00eas<\/th>\n<\/tr>\n<\/thead>\n<tbody>\n<tr>\n<td>16\/09\/2025<\/td>\n<td>MG &#8211; posto<\/td>\n<td>8,84<\/td>\n<td>-1,89%<\/td>\n<td>-3,28%<\/td>\n<\/tr>\n<tr>\n<td>16\/09\/2025<\/td>\n<td>PR &#8211; a retirar<\/td>\n<td>8,93<\/td>\n<td>-0,56%<\/td>\n<td>-0,11%<\/td>\n<\/tr>\n<tr>\n<td>16\/09\/2025<\/td>\n<td>RS &#8211; a retirar<\/td>\n<td>8,61<\/td>\n<td>-0,46%<\/td>\n<td>-0,92%<\/td>\n<\/tr>\n<tr>\n<td>16\/09\/2025<\/td>\n<td>SC &#8211; a retirar<\/td>\n<td>8,68<\/td>\n<td>-1,03%<\/td>\n<td>-0,46%<\/td>\n<\/tr>\n<tr>\n<td>16\/09\/2025<\/td>\n<td>SP &#8211; posto<\/td>\n<td>9,29<\/td>\n<td>-0,64%<\/td>\n<td>-0,96%<\/td>\n<\/tr>\n<\/tbody>\n<\/table>\n<p>Os valores s\u00e3o do <a href=\"http:\/\/www.cepea.org.br\" target=\"_blank\" rel=\"noopener\"><strong>Cepea<\/strong><\/a>.<\/p>\n<h2>O que \u00e9 o boi gordo? Entenda o termo do mercado bovino<\/h2>\n<p>O <strong>boi gordo \u00e9 o bovino macho pronto para o abate, com peso m\u00ednimo de 16 arrobas l\u00edquidas de carca\u00e7a (aproximadamente 240 kg) e at\u00e9 42 meses de idade<\/strong>. Atende aos padr\u00f5es do mercado nacional e internacional, incluindo exporta\u00e7\u00f5es para Europa, China e cota Hilton.<\/p>\n<h2>Diferen\u00e7as entre frango congelado e frango resfriado<\/h2>\n<p>O<strong> frango congelado passa por congelamento r\u00e1pido, com temperaturas abaixo de -12\u00b0C<\/strong>, garantindo maior vida \u00fatil para armazenamento e transporte a longas dist\u00e2ncias. J\u00e1 o<strong> frango resfriado \u00e9 mantido entre 0\u00b0C e 4\u00b0C, com validade de 5 a 7 dias<\/strong>, oferecendo textura e sabor mais pr\u00f3ximos do fresco, ideal para consumidores exigentes e restaurantes.<\/p>\n<p>\t\t\t\t\t\t\t\t\t<img decoding=\"async\" src=\"https:\/\/brasil61.com\/api\/v1\/serve_pixel\/22254\/84645\" alt=\"Pixel Brasil 61\" class=\"b61_pixel\" width=\"0\" height=\"0\"><\/p>\n<div class=\"br61_backlink\">\n<p>\n\t\t\t\tFonte: <a href=\"https:\/\/brasil61.com\/preco-do-boi-gordo-hoje-confira-as-cotacoes-para-quarta-feira-17-pagr255793\" title=\"Artigo Original: Pre\u00e7o do boi gordo hoje: confira as cota\u00e7\u00f5es para quarta-feira (17)\" target=\"_blank\" rel=\"noopener\">Brasil 61<\/a>\n\t\t\t<\/p>\n<\/p><\/div>\n<input type=\"hidden\" id=\"baseurl\" value=\"https:\/\/noticiasregionais.com.br\"><input type=\"hidden\" id=\"audio_nonce\" value=\"5c13e0637f\">","protected":false},"excerpt":{"rendered":"<p>Cota\u00e7\u00f5es do frango congelado, frango resfriado, carca\u00e7a su\u00edna especial e su\u00edno vivo no mercado<\/p>\n","protected":false},"author":1,"featured_media":9808,"comment_status":"","ping_status":"open","sticky":false,"template":"","format":"standard","meta":{"sfsi_plus_gutenberg_text_before_share":"","sfsi_plus_gutenberg_show_text_before_share":"","sfsi_plus_gutenberg_icon_type":"","sfsi_plus_gutenberg_icon_alignemt":"","sfsi_plus_gutenburg_max_per_row":"","footnotes":""},"categories":[8],"tags":[],"class_list":["post-9807","post","type-post","status-publish","format-standard","has-post-thumbnail","hentry","category-brasil"],"_links":{"self":[{"href":"https:\/\/noticiasregionais.com.br\/index.php?rest_route=\/wp\/v2\/posts\/9807","targetHints":{"allow":["GET"]}}],"collection":[{"href":"https:\/\/noticiasregionais.com.br\/index.php?rest_route=\/wp\/v2\/posts"}],"about":[{"href":"https:\/\/noticiasregionais.com.br\/index.php?rest_route=\/wp\/v2\/types\/post"}],"author":[{"embeddable":true,"href":"https:\/\/noticiasregionais.com.br\/index.php?rest_route=\/wp\/v2\/users\/1"}],"replies":[{"embeddable":true,"href":"https:\/\/noticiasregionais.com.br\/index.php?rest_route=%2Fwp%2Fv2%2Fcomments&post=9807"}],"version-history":[{"count":0,"href":"https:\/\/noticiasregionais.com.br\/index.php?rest_route=\/wp\/v2\/posts\/9807\/revisions"}],"wp:featuredmedia":[{"embeddable":true,"href":"https:\/\/noticiasregionais.com.br\/index.php?rest_route=\/wp\/v2\/media\/9808"}],"wp:attachment":[{"href":"https:\/\/noticiasregionais.com.br\/index.php?rest_route=%2Fwp%2Fv2%2Fmedia&parent=9807"}],"wp:term":[{"taxonomy":"category","embeddable":true,"href":"https:\/\/noticiasregionais.com.br\/index.php?rest_route=%2Fwp%2Fv2%2Fcategories&post=9807"},{"taxonomy":"post_tag","embeddable":true,"href":"https:\/\/noticiasregionais.com.br\/index.php?rest_route=%2Fwp%2Fv2%2Ftags&post=9807"}],"curies":[{"name":"wp","href":"https:\/\/api.w.org\/{rel}","templated":true}]}}