{"id":9811,"date":"2025-09-17T04:05:00","date_gmt":"2025-09-17T07:05:00","guid":{"rendered":"https:\/\/noticiasregionais.com.br\/?p=9811"},"modified":"2025-09-17T04:05:00","modified_gmt":"2025-09-17T07:05:00","slug":"inss-entenda-decisao-do-stf-sobre-fim-automatico-de-auxilio-doenca","status":"publish","type":"post","link":"https:\/\/noticiasregionais.com.br\/?p=9811","title":{"rendered":"INSS: entenda decis\u00e3o do STF sobre fim autom\u00e1tico de aux\u00edlio-doen\u00e7a"},"content":{"rendered":"<p>\t\t\t\t\t\t\t\t\t\t<audio controls class=\"b61_audio_player\" data-noticia=\"84639\" src=\"https:\/\/brasil61.com\/rails\/active_storage\/blobs\/eyJfcmFpbHMiOnsibWVzc2FnZSI6IkJBaHBBOTZiQXc9PSIsImV4cCI6bnVsbCwicHVyIjoiYmxvYl9pZCJ9fQ==--1c8a1d3ca739208d103dfb8c9a044d6e2ed0b416\/BRAS2514728A\"><\/audio><\/p>\n<p>O <strong><a href=\"https:\/\/portal.stf.jus.br\/\" target=\"_blank\" rel=\"noopener\">Supremo Tribunal Federal (STF)<\/a> validou a regra que autoriza o fim autom\u00e1tico do aux\u00edlio-doen\u00e7a concedido pelo <a href=\"https:\/\/www.gov.br\/inss\/pt-br\" target=\"_blank\" rel=\"noopener\">Instituto Nacional do Seguro Social (INSS)<\/a> em at\u00e9 120 dias<\/strong>, <strong>sem a necessidade de nova per\u00edcia m\u00e9dica<\/strong>. A decis\u00e3o tamb\u00e9m permite que o INSS estabele\u00e7a uma data anterior para a cessa\u00e7\u00e3o do benef\u00edcio, determinando o retorno programado do segurado ao trabalho.<\/p>\n<p>A medida, <strong>conhecida como alta programada ou cessa\u00e7\u00e3o autom\u00e1tica do benef\u00edcio, foi institu\u00edda em 2017<\/strong>, por meio de medidas provis\u00f3rias posteriormente convertidas em lei. Em decis\u00e3o anterior, a Turma Recursal dos Juizados Especiais Federais de Sergipe havia afastado a regra, ao entender que o fim autom\u00e1tico n\u00e3o poderia ocorrer sem nova avalia\u00e7\u00e3o m\u00e9dica.<\/p>\n<ul>\n<\/ul>\n<p>O INSS recorreu ao Supremo, argumentando que o procedimento n\u00e3o restringe direitos, j\u00e1 que o trabalhador pode solicitar a prorroga\u00e7\u00e3o do benef\u00edcio antes do t\u00e9rmino do prazo.<\/p>\n<p><u><strong>VEJA MAIS:<\/strong><\/u><\/p>\n<ul>\n<li><a href=\"https:\/\/brasil61.com\/n\/inss-saiba-como-calcular-o-valor-da-sua-aposentadoria-bras2412599\" target=\"_blank\" rel=\"noopener\">INSS: saiba como calcular o valor da sua aposentadoria<\/a><\/li>\n<\/ul>\n<h2>INSS: como funciona o afastamento por incapacidade<\/h2>\n<p><strong>O procedimento para concess\u00e3o do aux\u00edlio exige comprova\u00e7\u00e3o m\u00e9dica<\/strong>. Washington Barbosa, especialista em Direito Previdenci\u00e1rio, explica que \u00e9 necess\u00e1rio apresentar laudos e exames que demonstrem a incapacidade para o trabalho. Em seguida, o segurado deve solicitar o benef\u00edcio e se submeter \u00e0 per\u00edcia m\u00e9dica. &#8220;Nessa per\u00edcia m\u00e9dica, o perito vai analisar a documenta\u00e7\u00e3o, vai analisar voc\u00ea [o segurado] e vai estabelecer o que a gente chama de data do in\u00edcio da incapacidade e data da cessa\u00e7\u00e3o do benef\u00edcio\u201d, explica .\u00a0<\/p>\n<h2>Fim autom\u00e1tico do aux\u00edlio-doen\u00e7a<\/h2>\n<p><strong>Com a decis\u00e3o do STF, o INSS pode definir, j\u00e1 na concess\u00e3o, o prazo de encerramento \u2014 em regra, de at\u00e9 120 dias<\/strong>. Se a recupera\u00e7\u00e3o for mais demorada, o trabalhador deve pedir prorroga\u00e7\u00e3o dentro desse per\u00edodo. <strong>O benef\u00edcio s\u00f3 ser\u00e1 reavaliado mediante solicita\u00e7\u00e3o do segurado, que precisa apresentar novos laudos m\u00e9dicos que comprovem a incapacidade<\/strong>.<\/p>\n<p>Barbosa ressalta que a decis\u00e3o n\u00e3o fragiliza direitos. \u201cO STF apenas confirmou as instru\u00e7\u00f5es internas do INSS e da Per\u00edcia M\u00e9dica Federal. A cessa\u00e7\u00e3o autom\u00e1tica \u00e9 v\u00e1lida, constitucional e n\u00e3o compromete a dignidade nem a seguran\u00e7a do segurado\u201d, afirmou.<\/p>\n<h2>Como foi a vota\u00e7\u00e3o<\/h2>\n<p>O caso foi analisado em plen\u00e1rio virtual, encerrado na sexta-feira (12). O relator, ministro Cristiano Zanin, destacou que n\u00e3o houve mudan\u00e7a no n\u00facleo de prote\u00e7\u00e3o previsto na Constitui\u00e7\u00e3o, mas apenas uma forma de organizar a concess\u00e3o. Todos os ministros acompanharam o voto, resultando em decis\u00e3o un\u00e2nime.<\/p>\n<p>Por ter repercuss\u00e3o geral, o entendimento passa a ser obrigat\u00f3rio para todos os processos semelhantes em andamento no Judici\u00e1rio.<\/p>\n<p><em>Com informa\u00e7\u00f5es da Ag\u00eancia Brasil<\/em><\/p>\n<p>\t\t\t\t\t\t\t\t\t<img decoding=\"async\" src=\"https:\/\/brasil61.com\/api\/v1\/serve_pixel\/22254\/84639\" alt=\"Pixel Brasil 61\" class=\"b61_pixel\" width=\"0\" height=\"0\"><\/p>\n<div class=\"br61_backlink\">\n<p>\n\t\t\t\tFonte: <a href=\"https:\/\/brasil61.com\/inss-entenda-decisao-do-stf-sobre-fim-automatico-de-auxilio-doenca-bras2514728\" title=\"Artigo Original: INSS: entenda decis\u00e3o do STF sobre fim autom\u00e1tico de aux\u00edlio-doen\u00e7a\" target=\"_blank\" rel=\"noopener\">Brasil 61<\/a>\n\t\t\t<\/p>\n<\/p><\/div>\n<input type=\"hidden\" id=\"baseurl\" value=\"https:\/\/noticiasregionais.com.br\"><input type=\"hidden\" id=\"audio_nonce\" value=\"296231ceac\">","protected":false},"excerpt":{"rendered":"<p>Com decis\u00e3o un\u00e2nime, STF confirma que o aux\u00edlio-doen\u00e7a pode ter data de t\u00e9rmino definida j\u00e1 na concess\u00e3o, dispensando per\u00edcia final<\/p>\n","protected":false},"author":1,"featured_media":9812,"comment_status":"","ping_status":"open","sticky":false,"template":"","format":"standard","meta":{"sfsi_plus_gutenberg_text_before_share":"","sfsi_plus_gutenberg_show_text_before_share":"","sfsi_plus_gutenberg_icon_type":"","sfsi_plus_gutenberg_icon_alignemt":"","sfsi_plus_gutenburg_max_per_row":"","footnotes":""},"categories":[8],"tags":[],"class_list":["post-9811","post","type-post","status-publish","format-standard","has-post-thumbnail","hentry","category-brasil"],"_links":{"self":[{"href":"https:\/\/noticiasregionais.com.br\/index.php?rest_route=\/wp\/v2\/posts\/9811","targetHints":{"allow":["GET"]}}],"collection":[{"href":"https:\/\/noticiasregionais.com.br\/index.php?rest_route=\/wp\/v2\/posts"}],"about":[{"href":"https:\/\/noticiasregionais.com.br\/index.php?rest_route=\/wp\/v2\/types\/post"}],"author":[{"embeddable":true,"href":"https:\/\/noticiasregionais.com.br\/index.php?rest_route=\/wp\/v2\/users\/1"}],"replies":[{"embeddable":true,"href":"https:\/\/noticiasregionais.com.br\/index.php?rest_route=%2Fwp%2Fv2%2Fcomments&post=9811"}],"version-history":[{"count":0,"href":"https:\/\/noticiasregionais.com.br\/index.php?rest_route=\/wp\/v2\/posts\/9811\/revisions"}],"wp:featuredmedia":[{"embeddable":true,"href":"https:\/\/noticiasregionais.com.br\/index.php?rest_route=\/wp\/v2\/media\/9812"}],"wp:attachment":[{"href":"https:\/\/noticiasregionais.com.br\/index.php?rest_route=%2Fwp%2Fv2%2Fmedia&parent=9811"}],"wp:term":[{"taxonomy":"category","embeddable":true,"href":"https:\/\/noticiasregionais.com.br\/index.php?rest_route=%2Fwp%2Fv2%2Fcategories&post=9811"},{"taxonomy":"post_tag","embeddable":true,"href":"https:\/\/noticiasregionais.com.br\/index.php?rest_route=%2Fwp%2Fv2%2Ftags&post=9811"}],"curies":[{"name":"wp","href":"https:\/\/api.w.org\/{rel}","templated":true}]}}