{"id":9815,"date":"2025-09-17T04:45:00","date_gmt":"2025-09-17T07:45:00","guid":{"rendered":"https:\/\/noticiasregionais.com.br\/?p=9815"},"modified":"2025-09-17T04:45:00","modified_gmt":"2025-09-17T07:45:00","slug":"banco-da-amazonia-participa-do-coopera-mais-brasil-com-meta-de-destinar-r-23-bi-para-agricultura-familiar","status":"publish","type":"post","link":"https:\/\/noticiasregionais.com.br\/?p=9815","title":{"rendered":"Banco da Amaz\u00f4nia participa do Coopera Mais Brasil, com meta de destinar R$ 2,3 bi para Agricultura Familiar"},"content":{"rendered":"<p>\t\t\t\t\t\t\t\t\t\t<audio controls class=\"b61_audio_player\" data-noticia=\"84644\" src=\"https:\/\/brasil61.com\/rails\/active_storage\/blobs\/eyJfcmFpbHMiOnsibWVzc2FnZSI6IkJBaHBBOXliQXc9PSIsImV4cCI6bnVsbCwicHVyIjoiYmxvYl9pZCJ9fQ==--189c141f08506d71a2f13e18d2318b811fb95a79\/BASA250092A\"><\/audio><\/p>\n<p>O <a href=\"https:\/\/www.bancoamazonia.com.br\/\" target=\"_blank\" rel=\"noopener\">Banco da Amaz\u00f4nia<\/a> marcou presen\u00e7a no<strong> maior encontro de cooperativismo do pa\u00eds<\/strong>, o <a href=\"https:\/\/www.gov.br\/mda\/pt-br\/noticias\/2025\/09\/credito-cooperativismo-e-novos-mercados-marcam-a-programacao-do-coopera-mais-brasil\" target=\"_blank\" rel=\"noopener\">Coopera Mais Brasil<\/a>, promovido pelo <a href=\"https:\/\/www.gov.br\/mda\/pt-br\" target=\"_blank\" rel=\"noopener\">Minist\u00e9rio do Desenvolvimento Agr\u00e1rio e Agricultura Familiar (MDA)<\/a>, com a meta de destinar <strong>R$ 2,3 bilh\u00f5es em cr\u00e9ditos para os agricultores da regi\u00e3o amaz\u00f4nica.<\/strong><\/p>\n<p>O gerente executivo de Agricultura Familiar do Banco da Amaz\u00f4nia, Daniel Moura, <strong>representou a institui\u00e7\u00e3o no evento e destacou que mais de 64% do cr\u00e9dito nos \u00faltimos anos foi destinado a micro e pequenos neg\u00f3cios, fomentando a gera\u00e7\u00e3o de empregos e renda.<\/strong><\/p>\n<p>\u201cO Banco da Amaz\u00f4nia est\u00e1 presente no grande evento de cooperativa da agricultura familiar para refor\u00e7ar o compromisso com os pequenos produtores da regi\u00e3o amaz\u00f4nica\u201d, disse.<\/p>\n<p>Moura ressaltou que 95% das opera\u00e7\u00f5es de cr\u00e9dito contratadas pelo banco t\u00eam como foco os pequenos neg\u00f3cios. \u201cRefor\u00e7ando o compromisso do Banco da Amaz\u00f4nia e no fomento aos pequenos empreendedores rurais e urbanos com a distribui\u00e7\u00e3o de renda e equil\u00edbrio de desenvolvimento socioecon\u00f4mico da nossa regi\u00e3o.\u201d<br \/>\nPara o novo Plano Safra, a institui\u00e7\u00e3o pretende beneficiar 100 mil fam\u00edlias com recursos que fortale\u00e7am cadeias produtivas, como a da castanha-do-Brasil.<\/p>\n<h2>Coopera Mais Brasil<\/h2>\n<p>O Coopera Mais Brasil ocorreu de 8 a 11 de setembro, em Bras\u00edlia, e<strong> reuniu 400 participantes na abertura, incluindo representantes do governo, bancos p\u00fablicos, cooperativas, universidades e lideran\u00e7as ligadas \u00e0 agricultura familiar.\u00a0<\/strong><\/p>\n<p>Durante o evento, <strong>o Banco da Amaz\u00f4nia promoveu pain\u00e9is, contou com estande e participa\u00e7\u00e3o ativa de gestores, refor\u00e7ando seu compromisso com inova\u00e7\u00e3o, capacita\u00e7\u00e3o e desenvolvimento das cooperativas na Amaz\u00f4nia.<\/strong><\/p>\n<h2>An\u00fancios\u00a0<\/h2>\n<p>Durante o encontro, o ministro do Desenvolvimento Agr\u00e1rio e Agricultura Familiar, Paulo Teixeira, anunciou a <strong>destina\u00e7\u00e3o de R$ 600 milh\u00f5es em cr\u00e9dito voltado \u00e0 inova\u00e7\u00e3o para fortalecer a agricultura familiar em todo o pa\u00eds.\u00a0<\/strong><\/p>\n<p>Tamb\u00e9m foram lan\u00e7ados o Edital Coopera Mais, o edital do CEAGESP para sele\u00e7\u00e3o de 100 organiza\u00e7\u00f5es da agricultura familiar para o Entreposto Terminal S\u00e3o Paulo (ETSP) e editais do FNDCT\/FINEP, que destinam R$ 150 milh\u00f5es \u00e0s cooperativas.<\/p>\n<p>\t\t\t\t\t\t\t\t\t<img decoding=\"async\" src=\"https:\/\/brasil61.com\/api\/v1\/serve_pixel\/22254\/84644\" alt=\"Pixel Brasil 61\" class=\"b61_pixel\" width=\"0\" height=\"0\"><\/p>\n<div class=\"br61_backlink\">\n<p>\n\t\t\t\tFonte: <a href=\"https:\/\/brasil61.com\/banco-da-amazonia-participa-do-coopera-mais-brasil-com-meta-de-destinar-r-2-3-bi-para-agricultura-familiar-basa250092\" title=\"Artigo Original: Banco da Amaz\u00f4nia participa do Coopera Mais Brasil, com meta de destinar R$ 2,3 bi para Agricultura Familiar\" target=\"_blank\" rel=\"noopener\">Brasil 61<\/a>\n\t\t\t<\/p>\n<\/p><\/div>\n<input type=\"hidden\" id=\"baseurl\" value=\"https:\/\/noticiasregionais.com.br\"><input type=\"hidden\" id=\"audio_nonce\" value=\"5c13e0637f\">","protected":false},"excerpt":{"rendered":"<p>Presen\u00e7a no Coopera Mais Brasi refor\u00e7a compromisso da institui\u00e7\u00e3o com pequenos produtores da regi\u00e3o amaz\u00f4nica, afirma gerente; durante o evento, ministro do Desenvolvimento Agr\u00e1rio anunciou R$ 600 milh\u00f5es em cr\u00e9dito<\/p>\n","protected":false},"author":1,"featured_media":9816,"comment_status":"","ping_status":"open","sticky":false,"template":"","format":"standard","meta":{"sfsi_plus_gutenberg_text_before_share":"","sfsi_plus_gutenberg_show_text_before_share":"","sfsi_plus_gutenberg_icon_type":"","sfsi_plus_gutenberg_icon_alignemt":"","sfsi_plus_gutenburg_max_per_row":"","footnotes":""},"categories":[8],"tags":[],"class_list":["post-9815","post","type-post","status-publish","format-standard","has-post-thumbnail","hentry","category-brasil"],"_links":{"self":[{"href":"https:\/\/noticiasregionais.com.br\/index.php?rest_route=\/wp\/v2\/posts\/9815","targetHints":{"allow":["GET"]}}],"collection":[{"href":"https:\/\/noticiasregionais.com.br\/index.php?rest_route=\/wp\/v2\/posts"}],"about":[{"href":"https:\/\/noticiasregionais.com.br\/index.php?rest_route=\/wp\/v2\/types\/post"}],"author":[{"embeddable":true,"href":"https:\/\/noticiasregionais.com.br\/index.php?rest_route=\/wp\/v2\/users\/1"}],"replies":[{"embeddable":true,"href":"https:\/\/noticiasregionais.com.br\/index.php?rest_route=%2Fwp%2Fv2%2Fcomments&post=9815"}],"version-history":[{"count":0,"href":"https:\/\/noticiasregionais.com.br\/index.php?rest_route=\/wp\/v2\/posts\/9815\/revisions"}],"wp:featuredmedia":[{"embeddable":true,"href":"https:\/\/noticiasregionais.com.br\/index.php?rest_route=\/wp\/v2\/media\/9816"}],"wp:attachment":[{"href":"https:\/\/noticiasregionais.com.br\/index.php?rest_route=%2Fwp%2Fv2%2Fmedia&parent=9815"}],"wp:term":[{"taxonomy":"category","embeddable":true,"href":"https:\/\/noticiasregionais.com.br\/index.php?rest_route=%2Fwp%2Fv2%2Fcategories&post=9815"},{"taxonomy":"post_tag","embeddable":true,"href":"https:\/\/noticiasregionais.com.br\/index.php?rest_route=%2Fwp%2Fv2%2Ftags&post=9815"}],"curies":[{"name":"wp","href":"https:\/\/api.w.org\/{rel}","templated":true}]}}