{"id":9819,"date":"2025-09-17T04:55:00","date_gmt":"2025-09-17T07:55:00","guid":{"rendered":"https:\/\/noticiasregionais.com.br\/?p=9819"},"modified":"2025-09-17T04:55:00","modified_gmt":"2025-09-17T07:55:00","slug":"brasil-perde-duas-posicoes-e-fica-em-52o-no-ranking-global-de-inovacao","status":"publish","type":"post","link":"https:\/\/noticiasregionais.com.br\/?p=9819","title":{"rendered":"Brasil perde duas posi\u00e7\u00f5es e fica em 52\u00ba no ranking global de inova\u00e7\u00e3o"},"content":{"rendered":"<p>\t\t\t\t\t\t\t\t\t\t<audio controls class=\"b61_audio_player\" data-noticia=\"84641\" src=\"https:\/\/brasil61.com\/rails\/active_storage\/blobs\/eyJfcmFpbHMiOnsibWVzc2FnZSI6IkJBaHBBOWViQXc9PSIsImV4cCI6bnVsbCwicHVyIjoiYmxvYl9pZCJ9fQ==--fc0c6874eecaa4c93f3e821c8b96d16686da0b02\/PIND254624B\"><\/audio><\/p>\n<p>O <strong>Brasil caiu pelo segundo ano consecutivo<\/strong> no <a href=\"https:\/\/www-wipo-int.translate.goog\/web-publications\/global-innovation-index-2025\/en\/gii-2025-at-a-glance.html?_x_tr_sl=en&amp;_x_tr_tl=pt&amp;_x_tr_hl=pt&amp;_x_tr_pto=tc\" target=\"_blank\" rel=\"noopener\">\u00cdndice Global de Inova\u00e7\u00e3o (IGI)<\/a> e est\u00e1 em<strong> 52\u00ba entre 139 pa\u00edses<\/strong>. O ranking anual \u00e9 elaborado pela Organiza\u00e7\u00e3o Mundial da Propriedade Intelectual (<a href=\"https:\/\/www.wipo.int\/portal\/en\/index.html\" target=\"_blank\" rel=\"noopener\">OMPI<\/a>) e conta com a colabora\u00e7\u00e3o da <a href=\"https:\/\/www.portaldaindustria.com.br\/cni\/?utm_source=jor&amp;utm_medium=agn&amp;utm_campaign=noticia&amp;utm_content=textoevideo-fixo\" target=\"_blank\" rel=\"noopener\">Confedera\u00e7\u00e3o Nacional da Ind\u00fastria<\/a> (CNI). A pesquisa analisou<strong> 80 indicadores<\/strong>, divididos entre insumos de inova\u00e7\u00e3o (inputs) e resultados de inova\u00e7\u00e3o (outputs).<\/p>\n<p>Os resultados dos \u00faltimos dois anos interrompem uma trajet\u00f3ria de crescimento brasileiro, entre 2020 e 2023. O <strong>pa\u00eds tamb\u00e9m perdeu a lideran\u00e7a<\/strong> entre as 21 economias da <strong>Am\u00e9rica Latina e Caribe<\/strong>, <strong>ultrapassado pelo Chile<\/strong>.<\/p>\n<p>De acordo com o especialista em Inova\u00e7\u00e3o da CNI, Andr\u00e9 Fran\u00e7a, \u00e9 importante compreender as <strong>diferen\u00e7as econ\u00f4micas entre Brasil e Chile<\/strong> para interpretar o ranking. \u201cO Brasil \u00e9 um pa\u00eds de renda m\u00e9dia-alta. O Chile, l\u00edder no ranking, \u00e9 uma economia menor, mas de alta renda \u2013 ou seja, mais rica, que tamb\u00e9m pressup\u00f5e ser mais inovadora. O Chile est\u00e1 performando como esperado e o Brasil est\u00e1 acima dessa performance esperada para outros pa\u00edses de renda m\u00e9dia-alta\u201d, detalha.\u00a0<\/p>\n<p>Entre as <strong>36 economias de renda m\u00e9dia-alta<\/strong>, o Brasil ocupa o <strong>5\u00ba lugar<\/strong>, atr\u00e1s de China, Mal\u00e1sia, Turquia e Tail\u00e2ndia. Andr\u00e9 Fran\u00e7a destaca que essa \u00e9 a <strong>primeira vez<\/strong> que a <strong>China <\/strong>aparece <strong>entre as dez economias mais inovadoras do mundo<\/strong>.\u00a0<\/p>\n<p>O relat\u00f3rio evidencia ainda uma <strong>desacelera\u00e7\u00e3o global nos investimentos em pesquisa, desenvolvimento de tecnologias e novos produtos<\/strong>, ap\u00f3s o crescimento observado no per\u00edodo p\u00f3s-pandemia.<\/p>\n<h2>\u00cdndice Global de Inova\u00e7\u00e3o: destaques do Brasil<\/h2>\n<p>O <strong>Brasil<\/strong> apresentou <strong>melhor desempenho em resultados de inova\u00e7\u00e3o<\/strong> (50\u00ba lugar) <strong>do que em insumos de inova\u00e7\u00e3o<\/strong> (63\u00ba lugar). Isso evidencia a <strong>capacidade de transformar investimentos em produtos e servi\u00e7os<\/strong>, mas tamb\u00e9m revela<strong> limita\u00e7\u00f5es em \u00e1reas como infraestrutura e pesquisa, educa\u00e7\u00e3o e desenvolvimento<\/strong>.<\/p>\n<p>Diante dos dados, Fran\u00e7a refor\u00e7a a <strong>necessidade de aprimorar o ambiente de neg\u00f3cios no pa\u00eds<\/strong>: \u201cGoverno mais eficaz, ag\u00eancias reguladoras mais qualificadas, alinhadas com pr\u00e1ticas internacionais. A\u00ed sim, teremos uma performance de inova\u00e7\u00e3o, de desenvolvimento de novos servi\u00e7os e produtos inovadores, que vai, inclusive, nos al\u00e7ar a melhores posi\u00e7\u00f5es\u201d, ressalta.\u00a0<\/p>\n<h2>Destaques positivos:\u00a0<\/h2>\n<ul>\n<li>7\u00ba lugar mundial em mercado consumidor;<\/li>\n<li>9\u00ba lugar em alto volume de marcas registradas;\u00a0<\/li>\n<li>16\u00ba em neg\u00f3cios de capital de risco em est\u00e1gio avan\u00e7ado;\u00a0<\/li>\n<li>17\u00ba em importa\u00e7\u00f5es de servi\u00e7os de tecnologia da informa\u00e7\u00e3o e comunica\u00e7\u00e3o;\u00a0<\/li>\n<li>17\u00ba em pagamentos de propriedade intelectual.\u00a0<\/li>\n<\/ul>\n<p><strong>O relat\u00f3rio tamb\u00e9m aponta avan\u00e7os expressivos em:<\/strong><\/p>\n<ul>\n<li>ve\u00edculos el\u00e9tricos (+132,6%, 2023\/24);<\/li>\n<li>5G (+86,9%, 2022\/23);<\/li>\n<li>registro internacional de patentes (+23,9%, 2023\/24);<\/li>\n<li>rob\u00f3tica (+10%, 2022\/23).<\/li>\n<\/ul>\n<h2>Pontos fracos:\u00a0<\/h2>\n<ul>\n<li>128\u00ba em estabilidade regulat\u00f3ria para neg\u00f3cios;<\/li>\n<li>118\u00ba em forma\u00e7\u00e3o bruta de capital;\u00a0<\/li>\n<li>106\u00ba em taxa tarif\u00e1ria aplicada;\u00a0<\/li>\n<li>100\u00ba em graduados em ci\u00eancias e engenharias;\u00a0<\/li>\n<li>78\u00ba em cultura empreendedora.<\/li>\n<\/ul>\n<p>\nA<strong> ind\u00fastria brasileira<\/strong> tem papel central no<strong> ambiente de inova\u00e7\u00e3o<\/strong>, com empresas como<a href=\"https:\/\/petrobras.com.br\/\" target=\"_blank\" rel=\"noopener\"> Petrobras<\/a>, <a href=\"https:\/\/vale.com\/pt\" target=\"_blank\" rel=\"noopener\">Vale<\/a>, <a href=\"https:\/\/www.embraer.com\/pt\/\" target=\"_blank\" rel=\"noopener\">Embraer<\/a> e <a href=\"https:\/\/www.totvs.com\/\" target=\"_blank\" rel=\"noopener\">TOTVS<\/a> <strong>entre as duas mil que mais investem em pesquisa e desenvolvimento no mundo<\/strong>.\u00a0<\/p>\n<p>J\u00e1 entre as <strong>universidades<\/strong>, destacam-se as de S\u00e3o Paulo (<a href=\"https:\/\/www5.usp.br\/\" target=\"_blank\" rel=\"noopener\">USP<\/a>), Campinas (<a href=\"https:\/\/unicamp.br\/\" target=\"_blank\" rel=\"noopener\">Unicamp<\/a>) e Rio de Janeiro (<a href=\"https:\/\/ufrj.br\/\" target=\"_blank\" rel=\"noopener\">UFRJ<\/a>). Tamb\u00e9m ganham espa\u00e7o as <strong>startups<\/strong> <a href=\"https:\/\/www.quintoandar.com.br\/\" target=\"_blank\" rel=\"noopener\">Quinto Andar<\/a>, <a href=\"https:\/\/www.c6bank.com.br\/\" target=\"_blank\" rel=\"noopener\">C6 Bank<\/a> e <a href=\"https:\/\/www.nuvemshop.com.br\/login\" target=\"_blank\" rel=\"noopener\">Nuvemshop<\/a>.<\/p>\n<h2>A\u00e7\u00f5es de fomento \u00e0 pesquisa na ind\u00fastria<\/h2>\n<p>A CNI realiza uma s\u00e9rie de a\u00e7\u00f5es de <strong>fomento ao desenvolvimento industrial<\/strong>. Entre elas, est\u00e1 o <a href=\"https:\/\/noticias.portaldaindustria.com.br\/noticias\/institucional\/sistema-industria-e-cnpq-firmam-acordo-para-aproximar-pesquisadores-e-setor-produtivo\/\" target=\"_blank\" rel=\"noopener\">acordo de coopera\u00e7\u00e3o t\u00e9cnica<\/a> com o Conselho Nacional de Desenvolvimento Cient\u00edfico e Tecnol\u00f3gico (<a href=\"https:\/\/www.gov.br\/cnpq\/pt-br\" target=\"_blank\" rel=\"noopener\">CNPq<\/a>) para ampliar a <strong>inser\u00e7\u00e3o de pesquisadores no setor produtivo<\/strong>. A iniciativa tem como meta refor\u00e7ar a <strong>inova\u00e7\u00e3o<\/strong>, a <strong>competitividade industrial<\/strong> e a i<strong>ntegra\u00e7\u00e3o entre empresas e academia<\/strong>.<\/p>\n<p>O acordo ter\u00e1 vig\u00eancia inicial de<strong> dois anos<\/strong>, at\u00e9 julho de 2027. Entre as a\u00e7\u00f5es previstas est\u00e3o<strong> interc\u00e2mbio de informa\u00e7\u00f5es e produ\u00e7\u00e3o de estudos, monitoramento da empregabilidade de mestres e doutores, avalia\u00e7\u00e3o de programas estrat\u00e9gicos<\/strong>, como o <a href=\"https:\/\/iel.portaldaindustria.com.br\/para-sua-empresa\/desenvolvimento-de-projetos-inovadores\/inova-talentos\" target=\"_blank\" rel=\"noopener\">Inova Talentos<\/a>, <strong>cria\u00e7\u00e3o de um painel nacional<\/strong> para<strong> mapear pesquisadores por \u00e1rea de atua\u00e7\u00e3o, e identifica\u00e7\u00e3o de bolsistas do CNPq j\u00e1 inseridos na ind\u00fastria.<\/strong><\/p>\n<p>\u201cEsse tipo de parceria vai permitir compreender mais essa din\u00e2mica de rela\u00e7\u00e3o entre as universidades, programas de pesquisa, os egressos tamb\u00e9m das universidades, nessa intera\u00e7\u00e3o entre a universidade e a ind\u00fastria, que n\u00f3s sabemos que \u00e9 muito importante para o processo de inova\u00e7\u00e3o do pa\u00eds\u201d, explica o superintendente do Observat\u00f3rio Nacional da Ind\u00fastria, M\u00e1rcio Guerra.\u00a0<\/p>\n<p>Com o acordo, a expectativa \u00e9 ampliar a conex\u00e3o entre empresas e pesquisadores e gerar subs\u00eddios para o aperfei\u00e7oamento de pol\u00edticas p\u00fablicas em ci\u00eancia, tecnologia e inova\u00e7\u00e3o.<\/p>\n<h2>\u00cdndice Global de Inova\u00e7\u00e3o: estrutura<\/h2>\n<p>O \u00edndice pondera os resultados de acordo com sete categorias: cinco de insumos (institui\u00e7\u00f5es, capital humano e pesquisa, infraestrutura, sofistica\u00e7\u00e3o de mercado e sofistica\u00e7\u00e3o de neg\u00f3cios) e duas de resultados (conhecimento e tecnologia e criatividade). O Brasil se sai melhor em sofistica\u00e7\u00e3o empresarial (39\u00ba), capital humano e pesquisa (48\u00ba) e resultados criativos (50\u00ba), mas ainda enfrenta fragilidades em institui\u00e7\u00f5es (107\u00ba) e sofistica\u00e7\u00e3o de mercado (71\u00ba).<br \/>\n\u00a0<\/p>\n<p>\t\t\t\t\t\t\t\t\t<img decoding=\"async\" src=\"https:\/\/brasil61.com\/api\/v1\/serve_pixel\/22254\/84641\" alt=\"Pixel Brasil 61\" class=\"b61_pixel\" width=\"0\" height=\"0\"><\/p>\n<div class=\"br61_backlink\">\n<p>\n\t\t\t\tFonte: <a href=\"https:\/\/brasil61.com\/brasil-perde-duas-posicoes-e-fica-em-52-no-ranking-global-de-inovacao-pind254624\" title=\"Artigo Original: Brasil perde duas posi\u00e7\u00f5es e fica em 52\u00ba no ranking global de inova\u00e7\u00e3o\" target=\"_blank\" rel=\"noopener\">Brasil 61<\/a>\n\t\t\t<\/p>\n<\/p><\/div>\n<input type=\"hidden\" id=\"baseurl\" value=\"https:\/\/noticiasregionais.com.br\"><input type=\"hidden\" id=\"audio_nonce\" value=\"296231ceac\">","protected":false},"excerpt":{"rendered":"<p>Pa\u00eds perde lideran\u00e7a na Am\u00e9rica Latina, mas se destaca em pesquisa, capital humano e sofistica\u00e7\u00e3o empresarial<\/p>\n","protected":false},"author":1,"featured_media":9820,"comment_status":"","ping_status":"open","sticky":false,"template":"","format":"standard","meta":{"sfsi_plus_gutenberg_text_before_share":"","sfsi_plus_gutenberg_show_text_before_share":"","sfsi_plus_gutenberg_icon_type":"","sfsi_plus_gutenberg_icon_alignemt":"","sfsi_plus_gutenburg_max_per_row":"","footnotes":""},"categories":[8],"tags":[],"class_list":["post-9819","post","type-post","status-publish","format-standard","has-post-thumbnail","hentry","category-brasil"],"_links":{"self":[{"href":"https:\/\/noticiasregionais.com.br\/index.php?rest_route=\/wp\/v2\/posts\/9819","targetHints":{"allow":["GET"]}}],"collection":[{"href":"https:\/\/noticiasregionais.com.br\/index.php?rest_route=\/wp\/v2\/posts"}],"about":[{"href":"https:\/\/noticiasregionais.com.br\/index.php?rest_route=\/wp\/v2\/types\/post"}],"author":[{"embeddable":true,"href":"https:\/\/noticiasregionais.com.br\/index.php?rest_route=\/wp\/v2\/users\/1"}],"replies":[{"embeddable":true,"href":"https:\/\/noticiasregionais.com.br\/index.php?rest_route=%2Fwp%2Fv2%2Fcomments&post=9819"}],"version-history":[{"count":0,"href":"https:\/\/noticiasregionais.com.br\/index.php?rest_route=\/wp\/v2\/posts\/9819\/revisions"}],"wp:featuredmedia":[{"embeddable":true,"href":"https:\/\/noticiasregionais.com.br\/index.php?rest_route=\/wp\/v2\/media\/9820"}],"wp:attachment":[{"href":"https:\/\/noticiasregionais.com.br\/index.php?rest_route=%2Fwp%2Fv2%2Fmedia&parent=9819"}],"wp:term":[{"taxonomy":"category","embeddable":true,"href":"https:\/\/noticiasregionais.com.br\/index.php?rest_route=%2Fwp%2Fv2%2Fcategories&post=9819"},{"taxonomy":"post_tag","embeddable":true,"href":"https:\/\/noticiasregionais.com.br\/index.php?rest_route=%2Fwp%2Fv2%2Ftags&post=9819"}],"curies":[{"name":"wp","href":"https:\/\/api.w.org\/{rel}","templated":true}]}}