{"id":9821,"date":"2025-09-17T20:59:00","date_gmt":"2025-09-17T23:59:00","guid":{"rendered":"https:\/\/noticiasregionais.com.br\/?p=9821"},"modified":"2025-09-18T08:32:17","modified_gmt":"2025-09-18T11:32:17","slug":"etec-de-ourinhos-abre-inscricoes-para-vestibulinho-2026-com-ampla-oferta-de-cursos-tecnicos-e-ensino-medio","status":"publish","type":"post","link":"https:\/\/noticiasregionais.com.br\/?p=9821","title":{"rendered":"Etec de Ourinhos abre inscri\u00e7\u00f5es para Vestibulinho 2026 com ampla oferta de cursos t\u00e9cnicos e ensino m\u00e9dio"},"content":{"rendered":"\n<p>A Escola T\u00e9cnica Estadual (Etec) de Ourinhos est\u00e1 com inscri\u00e7\u00f5es abertas para o <strong>Vestibulinho do 1\u00ba semestre de 2026<\/strong>, um dos processos seletivos mais importantes da regi\u00e3o. Os interessados podem se inscrever entre os dias <strong>10 de setembro e 3 de novembro<\/strong>, exclusivamente pelo site <strong>vestibulinho.etec.sp.gov.br<\/strong>. A prova est\u00e1 marcada para o dia <strong>30 de novembro<\/strong>.<\/p>\n\n\n\n<p>A unidade oferece vagas tanto para o <strong>Ensino M\u00e9dio regular e integrado<\/strong> quanto para <strong>Cursos T\u00e9cnicos gratuitos<\/strong>, em diversas \u00e1reas de forma\u00e7\u00e3o, todas com grande demanda no mercado de trabalho. Entre os destaques, est\u00e3o os cursos t\u00e9cnicos em <strong>Administra\u00e7\u00e3o, Finan\u00e7as, A\u00e7\u00facar e \u00c1lcool, Desenvolvimento de Sistemas, Eletrot\u00e9cnica, Mec\u00e2nica, Enfermagem, Desenho de Constru\u00e7\u00e3o Civil, Reg\u00eancia e Higiene Ocupacional<\/strong>.<\/p>\n\n\n\n<p>No Ensino M\u00e9dio, h\u00e1 op\u00e7\u00f5es como <strong>Desenvolvimento de Sistemas, Administra\u00e7\u00e3o, Inform\u00e1tica para Internet, Automa\u00e7\u00e3o Industrial, Edifica\u00e7\u00f5es, Mec\u00e2nica, al\u00e9m das forma\u00e7\u00f5es em Ci\u00eancias Humanas e Sociais Aplicadas (CHSA) e Linguagens e suas Tecnologias (LT)<\/strong>.<\/p>\n\n\n\n<h3 class=\"wp-block-heading\">O papel do Centro Paula Souza<\/h3>\n\n\n\n<p>As Etecs s\u00e3o administradas pelo <strong>Centro Paula Souza (CPS)<\/strong>, autarquia do Governo do Estado de S\u00e3o Paulo vinculada \u00e0 Secretaria de Ci\u00eancia, Tecnologia e Inova\u00e7\u00e3o. Presente em mais de 300 munic\u00edpios paulistas, o CPS mant\u00e9m <strong>224 Etecs e 76 Faculdades de Tecnologia (Fatecs)<\/strong>, oferecendo ensino gratuito de qualidade e voltado para as demandas do mercado.<\/p>\n\n\n\n<h3 class=\"wp-block-heading\">A import\u00e2ncia do ensino t\u00e9cnico<\/h3>\n\n\n\n<p>Em um cen\u00e1rio de constante transforma\u00e7\u00e3o tecnol\u00f3gica e alta competitividade no mercado de trabalho, os cursos t\u00e9cnicos t\u00eam ganhado ainda mais relev\u00e2ncia. Eles possibilitam ao estudante ingressar rapidamente em \u00e1reas espec\u00edficas, com s\u00f3lida forma\u00e7\u00e3o pr\u00e1tica e te\u00f3rica. Segundo dados de mercado, profissionais com forma\u00e7\u00e3o t\u00e9cnica apresentam maior taxa de empregabilidade e sal\u00e1rios acima da m\u00e9dia em compara\u00e7\u00e3o a jovens sem qualifica\u00e7\u00e3o.<\/p>\n\n\n\n<p>Para os estudantes, a Etec representa n\u00e3o apenas uma oportunidade de ensino p\u00fablico de qualidade, mas tamb\u00e9m uma <strong>porta de entrada para carreiras promissoras<\/strong> nas \u00e1reas de tecnologia, sa\u00fade, ind\u00fastria, gest\u00e3o e servi\u00e7os.<\/p>\n\n\n\n<h3 class=\"wp-block-heading\">Servi\u00e7o<\/h3>\n\n\n\n<ul class=\"wp-block-list\">\n<li><strong>Inscri\u00e7\u00f5es<\/strong>: de 10\/09 a 03\/11, no site <a>vestibulinho.etec.sp.gov.br<\/a><\/li>\n\n\n\n<li><strong>Exame<\/strong>: 30\/11\/2025<\/li>\n\n\n\n<li><strong>Cursos oferecidos<\/strong>: Ensino M\u00e9dio e Cursos T\u00e9cnicos em diversas \u00e1reas<\/li>\n\n\n\n<li><strong>Local<\/strong>: Etec Jacinto Ferreira de S\u00e1 \u2013 Ourinhos\/SP<\/li>\n<\/ul>\n\n\n\n<figure class=\"wp-block-gallery has-nested-images columns-default is-cropped wp-block-gallery-1 is-layout-flex wp-block-gallery-is-layout-flex\">\n<figure class=\"wp-block-image size-large\"><a href=\"https:\/\/noticiasregionais.com.br\/wp-content\/uploads\/2025\/09\/WhatsApp-Image-2025-09-04-at-09.51.52.jpeg\"><img decoding=\"async\" width=\"1024\" height=\"1024\" data-id=\"9823\" src=\"https:\/\/noticiasregionais.com.br\/wp-content\/uploads\/2025\/09\/WhatsApp-Image-2025-09-04-at-09.51.52-1024x1024.jpeg\" alt=\"\" class=\"wp-image-9823\" srcset=\"https:\/\/noticiasregionais.com.br\/wp-content\/uploads\/2025\/09\/WhatsApp-Image-2025-09-04-at-09.51.52-1024x1024.jpeg 1024w, https:\/\/noticiasregionais.com.br\/wp-content\/uploads\/2025\/09\/WhatsApp-Image-2025-09-04-at-09.51.52-300x300.jpeg 300w, https:\/\/noticiasregionais.com.br\/wp-content\/uploads\/2025\/09\/WhatsApp-Image-2025-09-04-at-09.51.52-150x150.jpeg 150w, https:\/\/noticiasregionais.com.br\/wp-content\/uploads\/2025\/09\/WhatsApp-Image-2025-09-04-at-09.51.52-768x768.jpeg 768w, https:\/\/noticiasregionais.com.br\/wp-content\/uploads\/2025\/09\/WhatsApp-Image-2025-09-04-at-09.51.52-1536x1536.jpeg 1536w, https:\/\/noticiasregionais.com.br\/wp-content\/uploads\/2025\/09\/WhatsApp-Image-2025-09-04-at-09.51.52.jpeg 1600w\" sizes=\"(max-width: 1024px) 100vw, 1024px\" \/><\/a><\/figure>\n\n\n\n<figure class=\"wp-block-image size-full\"><a href=\"https:\/\/noticiasregionais.com.br\/wp-content\/uploads\/2025\/09\/WhatsApp-Image-2025-09-17-at-09.07.07.jpeg\"><img decoding=\"async\" width=\"880\" height=\"880\" data-id=\"9826\" src=\"https:\/\/noticiasregionais.com.br\/wp-content\/uploads\/2025\/09\/WhatsApp-Image-2025-09-17-at-09.07.07.jpeg\" alt=\"\" class=\"wp-image-9826\" srcset=\"https:\/\/noticiasregionais.com.br\/wp-content\/uploads\/2025\/09\/WhatsApp-Image-2025-09-17-at-09.07.07.jpeg 880w, https:\/\/noticiasregionais.com.br\/wp-content\/uploads\/2025\/09\/WhatsApp-Image-2025-09-17-at-09.07.07-300x300.jpeg 300w, https:\/\/noticiasregionais.com.br\/wp-content\/uploads\/2025\/09\/WhatsApp-Image-2025-09-17-at-09.07.07-150x150.jpeg 150w, https:\/\/noticiasregionais.com.br\/wp-content\/uploads\/2025\/09\/WhatsApp-Image-2025-09-17-at-09.07.07-768x768.jpeg 768w\" sizes=\"(max-width: 880px) 100vw, 880px\" \/><\/a><\/figure>\n<\/figure>\n<input type=\"hidden\" id=\"baseurl\" value=\"https:\/\/noticiasregionais.com.br\"><input type=\"hidden\" id=\"audio_nonce\" value=\"533fbb67b1\">","protected":false},"excerpt":{"rendered":"<p>A Escola T\u00e9cnica Estadual (Etec) de Ourinhos est\u00e1 com inscri\u00e7\u00f5es abertas para o Vestibulinho do 1\u00ba semestre de 2026, um&hellip;<\/p>\n","protected":false},"author":1,"featured_media":1159,"comment_status":"closed","ping_status":"open","sticky":false,"template":"","format":"standard","meta":{"sfsi_plus_gutenberg_text_before_share":"","sfsi_plus_gutenberg_show_text_before_share":"","sfsi_plus_gutenberg_icon_type":"","sfsi_plus_gutenberg_icon_alignemt":"","sfsi_plus_gutenburg_max_per_row":"","footnotes":""},"categories":[10,1,5],"tags":[16],"class_list":["post-9821","post","type-post","status-publish","format-standard","has-post-thumbnail","hentry","category-destaques","category-noticias","category-ourinhos","tag-ourinhos"],"_links":{"self":[{"href":"https:\/\/noticiasregionais.com.br\/index.php?rest_route=\/wp\/v2\/posts\/9821","targetHints":{"allow":["GET"]}}],"collection":[{"href":"https:\/\/noticiasregionais.com.br\/index.php?rest_route=\/wp\/v2\/posts"}],"about":[{"href":"https:\/\/noticiasregionais.com.br\/index.php?rest_route=\/wp\/v2\/types\/post"}],"author":[{"embeddable":true,"href":"https:\/\/noticiasregionais.com.br\/index.php?rest_route=\/wp\/v2\/users\/1"}],"replies":[{"embeddable":true,"href":"https:\/\/noticiasregionais.com.br\/index.php?rest_route=%2Fwp%2Fv2%2Fcomments&post=9821"}],"version-history":[{"count":3,"href":"https:\/\/noticiasregionais.com.br\/index.php?rest_route=\/wp\/v2\/posts\/9821\/revisions"}],"predecessor-version":[{"id":9828,"href":"https:\/\/noticiasregionais.com.br\/index.php?rest_route=\/wp\/v2\/posts\/9821\/revisions\/9828"}],"wp:featuredmedia":[{"embeddable":true,"href":"https:\/\/noticiasregionais.com.br\/index.php?rest_route=\/wp\/v2\/media\/1159"}],"wp:attachment":[{"href":"https:\/\/noticiasregionais.com.br\/index.php?rest_route=%2Fwp%2Fv2%2Fmedia&parent=9821"}],"wp:term":[{"taxonomy":"category","embeddable":true,"href":"https:\/\/noticiasregionais.com.br\/index.php?rest_route=%2Fwp%2Fv2%2Fcategories&post=9821"},{"taxonomy":"post_tag","embeddable":true,"href":"https:\/\/noticiasregionais.com.br\/index.php?rest_route=%2Fwp%2Fv2%2Ftags&post=9821"}],"curies":[{"name":"wp","href":"https:\/\/api.w.org\/{rel}","templated":true}]}}