{"id":9832,"date":"2025-09-17T09:13:55","date_gmt":"2025-09-17T12:13:55","guid":{"rendered":"https:\/\/noticiasregionais.com.br\/?p=9832"},"modified":"2025-09-17T09:21:20","modified_gmt":"2025-09-17T12:21:20","slug":"operacao-conjunta-resulta-em-prisao-por-trafico-de-drogas-em-ourinhos","status":"publish","type":"post","link":"https:\/\/noticiasregionais.com.br\/?p=9832","title":{"rendered":"Opera\u00e7\u00e3o conjunta resulta em pris\u00e3o por tr\u00e1fico de drogas em Ourinhos"},"content":{"rendered":"\n<p>Na tarde da \u00faltima ter\u00e7a-feira (16), uma a\u00e7\u00e3o integrada entre a Pol\u00edcia Militar e a Pol\u00edcia Civil resultou na pris\u00e3o de um homem por tr\u00e1fico de drogas em Ourinhos. A opera\u00e7\u00e3o contou com o apoio do 31\u00ba Batalh\u00e3o de Pol\u00edcia Militar do Interior (BPM\/I) e do 13\u00ba Batalh\u00e3o de A\u00e7\u00f5es Especiais de Pol\u00edcia (BAEP).<\/p>\n\n\n\n<p>Durante o cumprimento de um mandado de busca e apreens\u00e3o em um im\u00f3vel da cidade, os policiais localizaram 67 por\u00e7\u00f5es de coca\u00edna, 36 por\u00e7\u00f5es de crack do tipo tran\u00e7a j\u00e1 embaladas e prontas para a venda, al\u00e9m de duas pedras brutas da mesma droga, que seriam fracionadas para comercializa\u00e7\u00e3o. Tamb\u00e9m foram apreendidos cinco aparelhos celulares, que podem auxiliar nas investiga\u00e7\u00f5es.<\/p>\n\n\n\n<p>O suspeito foi preso em flagrante e conduzido \u00e0 delegacia, onde teve a ocorr\u00eancia registrada. Ele permanece \u00e0 disposi\u00e7\u00e3o da Justi\u00e7a.<\/p>\n\n\n\n<p>A opera\u00e7\u00e3o faz parte do trabalho integrado das for\u00e7as de seguran\u00e7a no combate ao tr\u00e1fico de drogas e na repress\u00e3o \u00e0 criminalidade na regi\u00e3o.<\/p>\n<input type=\"hidden\" id=\"baseurl\" value=\"https:\/\/noticiasregionais.com.br\"><input type=\"hidden\" id=\"audio_nonce\" value=\"533fbb67b1\">","protected":false},"excerpt":{"rendered":"<p>Na tarde da \u00faltima ter\u00e7a-feira (16), uma a\u00e7\u00e3o integrada entre a Pol\u00edcia Militar e a Pol\u00edcia Civil resultou na pris\u00e3o&hellip;<\/p>\n","protected":false},"author":1,"featured_media":9833,"comment_status":"closed","ping_status":"open","sticky":false,"template":"","format":"standard","meta":{"sfsi_plus_gutenberg_text_before_share":"","sfsi_plus_gutenberg_show_text_before_share":"","sfsi_plus_gutenberg_icon_type":"","sfsi_plus_gutenberg_icon_alignemt":"","sfsi_plus_gutenburg_max_per_row":"","footnotes":""},"categories":[10,1,5],"tags":[16],"class_list":["post-9832","post","type-post","status-publish","format-standard","has-post-thumbnail","hentry","category-destaques","category-noticias","category-ourinhos","tag-ourinhos"],"_links":{"self":[{"href":"https:\/\/noticiasregionais.com.br\/index.php?rest_route=\/wp\/v2\/posts\/9832","targetHints":{"allow":["GET"]}}],"collection":[{"href":"https:\/\/noticiasregionais.com.br\/index.php?rest_route=\/wp\/v2\/posts"}],"about":[{"href":"https:\/\/noticiasregionais.com.br\/index.php?rest_route=\/wp\/v2\/types\/post"}],"author":[{"embeddable":true,"href":"https:\/\/noticiasregionais.com.br\/index.php?rest_route=\/wp\/v2\/users\/1"}],"replies":[{"embeddable":true,"href":"https:\/\/noticiasregionais.com.br\/index.php?rest_route=%2Fwp%2Fv2%2Fcomments&post=9832"}],"version-history":[{"count":1,"href":"https:\/\/noticiasregionais.com.br\/index.php?rest_route=\/wp\/v2\/posts\/9832\/revisions"}],"predecessor-version":[{"id":9834,"href":"https:\/\/noticiasregionais.com.br\/index.php?rest_route=\/wp\/v2\/posts\/9832\/revisions\/9834"}],"wp:featuredmedia":[{"embeddable":true,"href":"https:\/\/noticiasregionais.com.br\/index.php?rest_route=\/wp\/v2\/media\/9833"}],"wp:attachment":[{"href":"https:\/\/noticiasregionais.com.br\/index.php?rest_route=%2Fwp%2Fv2%2Fmedia&parent=9832"}],"wp:term":[{"taxonomy":"category","embeddable":true,"href":"https:\/\/noticiasregionais.com.br\/index.php?rest_route=%2Fwp%2Fv2%2Fcategories&post=9832"},{"taxonomy":"post_tag","embeddable":true,"href":"https:\/\/noticiasregionais.com.br\/index.php?rest_route=%2Fwp%2Fv2%2Ftags&post=9832"}],"curies":[{"name":"wp","href":"https:\/\/api.w.org\/{rel}","templated":true}]}}