{"id":984,"date":"2023-10-25T12:19:25","date_gmt":"2023-10-25T15:19:25","guid":{"rendered":"https:\/\/noticiasregionais.com.br\/?p=984"},"modified":"2023-10-25T12:19:37","modified_gmt":"2023-10-25T15:19:37","slug":"prf-flagra-motorista-de-caminhao-com-anfetaminas-e-maconhaflagrante-ocorreu-em-guaicara-sp","status":"publish","type":"post","link":"https:\/\/noticiasregionais.com.br\/?p=984","title":{"rendered":"PRF flagra motorista de caminh\u00e3o com anfetaminas e maconhaFlagrante ocorreu em Guai\u00e7ara\/SP"},"content":{"rendered":"\n<p class=\"has-text-align-center\"><strong>A Pol\u00edcia Rodovi\u00e1ria Federal (PRF) prendeu, no final da tarde dessa ter\u00e7a-feira (24), um motorista de caminh\u00e3o que dirigia portando anfetamina e maconha para consumo durante a dire\u00e7\u00e3o. Ele foi detido durante fiscaliza\u00e7\u00e3o de descanso de motoristas profissionais em Guai\u00e7ara\/SP.<\/strong><\/p>\n\n\n\n<p>O flagrante ocorreu no km 173 da rodovia Transbrasiliana (BR-153), por volta das 18h45, quando policiais rodovi\u00e1rios federais param um caminh\u00e3o que transitava no sentido Guai\u00e7ara-Mar\u00edlia. Os PRFs notaram nervosismo do motorista e, apesar de verificarem que os descansos estavam dentro do exigido, decidiram realizar uma fiscaliza\u00e7\u00e3o minuciosa, encontrando 13 comprimidos N\u00f3besio, anfetamina usada para o motorista acordada por mmais tempo, e uma por\u00e7\u00e3o de maconha de cerca de 15 gramas, al\u00e9m de apetrechos para uso da maconha e restos de cigarros consumidos.<\/p>\n\n\n\n<p>O condutor era um homem de 21 anos informou aos policiais que havia consumido um cigarro de maconha h\u00e1 cerca de uma hora, mas n\u00e3o de comprimidos durante aquela viagem. Contra ele foi lavrado um Termo Circunstanciado de Ocorr\u00eancia (TCO), respondendo em liberdade pela conduta criminal, incurso no art. 28 da Lei 11.343\/2006.<\/p>\n\n\n\n<p><strong><sub>fonte: Base Descentralizada de Comunica\u00e7\u00e3o Social em Mar\u00edlia<\/sub><\/strong><\/p>\n<input type=\"hidden\" id=\"baseurl\" value=\"https:\/\/noticiasregionais.com.br\"><input type=\"hidden\" id=\"audio_nonce\" value=\"533fbb67b1\">","protected":false},"excerpt":{"rendered":"<p>A Pol\u00edcia Rodovi\u00e1ria Federal (PRF) prendeu, no final da tarde dessa ter\u00e7a-feira (24), um motorista de caminh\u00e3o que dirigia portando&hellip;<\/p>\n","protected":false},"author":1,"featured_media":985,"comment_status":"closed","ping_status":"open","sticky":false,"template":"","format":"standard","meta":{"sfsi_plus_gutenberg_text_before_share":"","sfsi_plus_gutenberg_show_text_before_share":"","sfsi_plus_gutenberg_icon_type":"","sfsi_plus_gutenberg_icon_alignemt":"","sfsi_plus_gutenburg_max_per_row":"","footnotes":""},"categories":[6,10,1],"tags":[],"class_list":["post-984","post","type-post","status-publish","format-standard","has-post-thumbnail","hentry","category-sao_paulo","category-destaques","category-noticias"],"_links":{"self":[{"href":"https:\/\/noticiasregionais.com.br\/index.php?rest_route=\/wp\/v2\/posts\/984","targetHints":{"allow":["GET"]}}],"collection":[{"href":"https:\/\/noticiasregionais.com.br\/index.php?rest_route=\/wp\/v2\/posts"}],"about":[{"href":"https:\/\/noticiasregionais.com.br\/index.php?rest_route=\/wp\/v2\/types\/post"}],"author":[{"embeddable":true,"href":"https:\/\/noticiasregionais.com.br\/index.php?rest_route=\/wp\/v2\/users\/1"}],"replies":[{"embeddable":true,"href":"https:\/\/noticiasregionais.com.br\/index.php?rest_route=%2Fwp%2Fv2%2Fcomments&post=984"}],"version-history":[{"count":1,"href":"https:\/\/noticiasregionais.com.br\/index.php?rest_route=\/wp\/v2\/posts\/984\/revisions"}],"predecessor-version":[{"id":986,"href":"https:\/\/noticiasregionais.com.br\/index.php?rest_route=\/wp\/v2\/posts\/984\/revisions\/986"}],"wp:featuredmedia":[{"embeddable":true,"href":"https:\/\/noticiasregionais.com.br\/index.php?rest_route=\/wp\/v2\/media\/985"}],"wp:attachment":[{"href":"https:\/\/noticiasregionais.com.br\/index.php?rest_route=%2Fwp%2Fv2%2Fmedia&parent=984"}],"wp:term":[{"taxonomy":"category","embeddable":true,"href":"https:\/\/noticiasregionais.com.br\/index.php?rest_route=%2Fwp%2Fv2%2Fcategories&post=984"},{"taxonomy":"post_tag","embeddable":true,"href":"https:\/\/noticiasregionais.com.br\/index.php?rest_route=%2Fwp%2Fv2%2Ftags&post=984"}],"curies":[{"name":"wp","href":"https:\/\/api.w.org\/{rel}","templated":true}]}}