{"id":9842,"date":"2025-09-18T04:10:00","date_gmt":"2025-09-18T07:10:00","guid":{"rendered":"https:\/\/noticiasregionais.com.br\/?p=9842"},"modified":"2025-09-18T04:10:00","modified_gmt":"2025-09-18T07:10:00","slug":"minha-casa-minha-vida-mais-de-2-mil-novas-moradias-comecam-a-sair-do-papel","status":"publish","type":"post","link":"https:\/\/noticiasregionais.com.br\/?p=9842","title":{"rendered":"Minha Casa, Minha Vida: mais de 2 mil novas moradias come\u00e7am a sair do papel"},"content":{"rendered":"<p>\t\t\t\t\t\t\t\t\t\t<audio controls class=\"b61_audio_player\" data-noticia=\"84656\" src=\"https:\/\/brasil61.com\/rails\/active_storage\/blobs\/eyJfcmFpbHMiOnsibWVzc2FnZSI6IkJBaHBBMkdjQXc9PSIsImV4cCI6bnVsbCwicHVyIjoiYmxvYl9pZCJ9fQ==--e25dea709af4b37912266c5b673397d2e47b3282\/BRAS2514733A\"><\/audio><\/p>\n<p>O <a href=\"https:\/\/www.gov.br\/cidades\/pt-br\" target=\"_blank\" rel=\"noopener\"><strong>Minist\u00e9rio das Cidades <\/strong><\/a>anunciou o in\u00edcio da constru\u00e7\u00e3o de 2,7 mil novas moradias do programa <a href=\"https:\/\/www.gov.br\/cidades\/pt-br\/acesso-a-informacao\/acoes-e-programas\/habitacao\/programa-minha-casa-minha-vida\" target=\"_blank\" rel=\"noopener\"><strong>Minha Casa, Minha Vida (MCMV)<\/strong><\/a>. entre os dias <strong>9 e 15 de setembro<\/strong>.<\/p>\n<\/p>\n<p><strong>Nesse per\u00edodo, 61 obras foram iniciadas: 52 na modalidade Rural, 5 na modalidade Urbano e 4 na modalidade Entidades.<\/strong><\/p>\n<p>Na \u00e1rea urbana, os projetos fazem parte da Faixa 1, destinada a fam\u00edlias com renda mensal de at\u00e9 R$ 2.850, com recursos do Fundo de Arrendamento Residencial.<\/p>\n<p><strong>Nordeste\u00a0<\/strong><\/p>\n<ul>\n<li><strong>Salvador (BA):<\/strong> 48 unidades do <strong>Residencial Vila Capistrano<\/strong><\/li>\n<li><strong>Jo\u00e3o Pessoa (PB):<\/strong> 200 moradias no <strong>Jardim dos Coqueiros\u00a0<\/strong><\/li>\n<li><strong>Pedro II (PI):<\/strong> 100 resid\u00eancias no <strong>Residencial Margarida<\/strong>.\u00a0<\/li>\n<\/ul>\n<p><strong>Sul\u00a0<\/strong><\/p>\n<ul>\n<li><strong>Itapema (SC):<\/strong> 160 unidades no Empreendimento Habitacional <strong>Moradas Iandui<\/strong>.<\/li>\n<li><strong>S\u00e3o Leopoldo (RS):<\/strong> 90 resid\u00eancias no <strong>Loteamento Popular Campo Verde<\/strong>.<\/li>\n<\/ul>\n<p>\u00a0<\/p>\n<p><u><strong>VEJA MAIS:<\/strong><\/u><\/p>\n<ul>\n<li><a href=\"https:\/\/brasil61.com\/n\/minha-casa-minha-vida-mais-de-5-5-mil-novas-moradias-serao-construidas-em-quatro-regioes-do-pais-bras2514696\" target=\"_blank\" rel=\"noopener\">Minha Casa, Minha Vida: mais de 5,5 mil novas moradias ser\u00e3o constru\u00eddas em quatro regi\u00f5es do pa\u00eds<\/a><\/li>\n<\/ul>\n<p>Minha Casa, Minha Vida<\/p>\n<p>O Programa \u00e9 uma iniciativa habitacional do <strong>governo federal<\/strong>. Gerenciado pelo <a href=\"https:\/\/www.gov.br\/cidades\/pt-br\" target=\"_blank\" rel=\"noopener\"><strong>Minist\u00e9rio das Cidades<\/strong><\/a>, oferece subs\u00eddios e taxas de juros reduzidas para tornar mais acess\u00edvel a aquisi\u00e7\u00e3o de moradias populares, tanto em \u00e1reas urbanas quanto rurais, com o objetivo de combater o d\u00e9ficit habitacional no Pa\u00eds. Desde a sua cria\u00e7\u00e3o, o programa j\u00e1 entregou mais de 6 milh\u00f5es de habita\u00e7\u00f5es.<\/p>\n<p>\t\t\t\t\t\t\t\t\t<img decoding=\"async\" src=\"https:\/\/brasil61.com\/api\/v1\/serve_pixel\/22254\/84656\" alt=\"Pixel Brasil 61\" class=\"b61_pixel\" width=\"0\" height=\"0\"><\/p>\n<div class=\"br61_backlink\">\n<p>\n\t\t\t\tFonte: <a href=\"https:\/\/brasil61.com\/minha-casa-minha-vida-mais-de-2-mil-novas-moradias-comecam-a-sair-do-papel-bras2514733\" title=\"Artigo Original: Minha Casa, Minha Vida: mais de 2 mil novas moradias come\u00e7am a sair do papel\" target=\"_blank\" rel=\"noopener\">Brasil 61<\/a>\n\t\t\t<\/p>\n<\/p><\/div>\n<input type=\"hidden\" id=\"baseurl\" value=\"https:\/\/noticiasregionais.com.br\"><input type=\"hidden\" id=\"audio_nonce\" value=\"533fbb67b1\">","protected":false},"excerpt":{"rendered":"<p>Entre 9 e 15 de setembro, 61 obras foram autorizadas pelo programa, com destaque para projetos em \u00e1reas rurais e urbanas da Faixa 1, voltada a fam\u00edlias de baixa renda<\/p>\n","protected":false},"author":1,"featured_media":9843,"comment_status":"","ping_status":"open","sticky":false,"template":"","format":"standard","meta":{"sfsi_plus_gutenberg_text_before_share":"","sfsi_plus_gutenberg_show_text_before_share":"","sfsi_plus_gutenberg_icon_type":"","sfsi_plus_gutenberg_icon_alignemt":"","sfsi_plus_gutenburg_max_per_row":"","footnotes":""},"categories":[8],"tags":[],"class_list":["post-9842","post","type-post","status-publish","format-standard","has-post-thumbnail","hentry","category-brasil"],"_links":{"self":[{"href":"https:\/\/noticiasregionais.com.br\/index.php?rest_route=\/wp\/v2\/posts\/9842","targetHints":{"allow":["GET"]}}],"collection":[{"href":"https:\/\/noticiasregionais.com.br\/index.php?rest_route=\/wp\/v2\/posts"}],"about":[{"href":"https:\/\/noticiasregionais.com.br\/index.php?rest_route=\/wp\/v2\/types\/post"}],"author":[{"embeddable":true,"href":"https:\/\/noticiasregionais.com.br\/index.php?rest_route=\/wp\/v2\/users\/1"}],"replies":[{"embeddable":true,"href":"https:\/\/noticiasregionais.com.br\/index.php?rest_route=%2Fwp%2Fv2%2Fcomments&post=9842"}],"version-history":[{"count":0,"href":"https:\/\/noticiasregionais.com.br\/index.php?rest_route=\/wp\/v2\/posts\/9842\/revisions"}],"wp:featuredmedia":[{"embeddable":true,"href":"https:\/\/noticiasregionais.com.br\/index.php?rest_route=\/wp\/v2\/media\/9843"}],"wp:attachment":[{"href":"https:\/\/noticiasregionais.com.br\/index.php?rest_route=%2Fwp%2Fv2%2Fmedia&parent=9842"}],"wp:term":[{"taxonomy":"category","embeddable":true,"href":"https:\/\/noticiasregionais.com.br\/index.php?rest_route=%2Fwp%2Fv2%2Fcategories&post=9842"},{"taxonomy":"post_tag","embeddable":true,"href":"https:\/\/noticiasregionais.com.br\/index.php?rest_route=%2Fwp%2Fv2%2Ftags&post=9842"}],"curies":[{"name":"wp","href":"https:\/\/api.w.org\/{rel}","templated":true}]}}