{"id":9850,"date":"2025-09-18T04:40:00","date_gmt":"2025-09-18T07:40:00","guid":{"rendered":"https:\/\/noticiasregionais.com.br\/?p=9850"},"modified":"2025-09-18T04:40:00","modified_gmt":"2025-09-18T07:40:00","slug":"industria-alagoana-se-conecta-ao-futuro-com-jornada-nacional-de-inovacao-em-maceio","status":"publish","type":"post","link":"https:\/\/noticiasregionais.com.br\/?p=9850","title":{"rendered":"Ind\u00fastria alagoana se conecta ao futuro com Jornada Nacional de Inova\u00e7\u00e3o em Macei\u00f3"},"content":{"rendered":"<p>\t\t\t\t\t\t\t\t\t\t<audio controls class=\"b61_audio_player\" data-noticia=\"84666\" src=\"https:\/\/brasil61.com\/rails\/active_storage\/blobs\/eyJfcmFpbHMiOnsibWVzc2FnZSI6IkJBaHBBM09jQXc9PSIsImV4cCI6bnVsbCwicHVyIjoiYmxvYl9pZCJ9fQ==--112c640f78e244c13169495e01285c3572ba76df\/PIND254627B\"><\/audio><\/p>\n<p><!--StartFragment -->A <a href=\"https:\/\/jornadanacionaldeinovacao.com.br\/\" target=\"_blank\" rel=\"noopener\"><strong>Jornada Nacional de Inova\u00e7\u00e3o da Ind\u00fastria<\/strong><\/a>, iniciativa da Confedera\u00e7\u00e3o Nacional da Ind\u00fastria (<strong><a href=\"https:\/\/cni.portaldaindustria.com.br\/\" target=\"_blank\" rel=\"noopener\">CNI<\/a><\/strong>) em parceria com o Servi\u00e7o Brasileiro de Apoio \u00e0s Micro e Pequenas Empresas (<a href=\"https:\/\/sebrae.com.br\/sites\/PortalSebrae\" target=\"_blank\" rel=\"noopener\"><strong>Sebrae<\/strong><\/a>), desembarca em Macei\u00f3 (AL), na pr\u00f3xima ter\u00e7a-feira (23). O evento reunir\u00e1 lideran\u00e7as locais para debater a transi\u00e7\u00e3o ecol\u00f3gica e digital, com foco em solu\u00e7\u00f5es regionais capazes de alcan\u00e7ar escala nacional.<\/p>\n<p>O encontro ser\u00e1 realizado na Casa da Ind\u00fastria Napole\u00e3o Barbosa, no bairro do Farol. At\u00e9 mar\u00e7o de 2026, a Jornada passar\u00e1 pelas 27 Unidades da Federa\u00e7\u00e3o e ser\u00e1 conclu\u00edda no 11\u00ba Congresso de Inova\u00e7\u00e3o da Ind\u00fastria, em S\u00e3o Paulo.<\/p>\n<p>Para o assessor de Sustentabilidade Industrial da Federa\u00e7\u00e3o das Ind\u00fastrias do Estado de Alagoas (<a href=\"https:\/\/fiea.com.br\/\" target=\"_blank\" rel=\"noopener\">Fiea<\/a>), J\u00falio Zorzal, o evento \u00e9 estrat\u00e9gico: \u201cAlagoas ser\u00e1 um dos primeiros estados do Nordeste a receber a Jornada Nacional de Inova\u00e7\u00e3o da Ind\u00fastria. A Jornada conecta empresas, startups, universidades, governos e investidores, fortalecendo o ecossistema de inova\u00e7\u00e3o de Alagoas e preparando o estado para a economia do futuro\u201d, destaca Zorzal.<\/p>\n<h2>Jornada Nacional de Inova\u00e7\u00e3o da Ind\u00fastria: etapa de Macei\u00f3<\/h2>\n<p>A programa\u00e7\u00e3o contar\u00e1 com pain\u00e9is sobre os desafios e oportunidades da ind\u00fastria alagoana, com a participa\u00e7\u00e3o de empresas como <a href=\"https:\/\/www.instagram.com\/nossomangue\/\" target=\"_blank\" rel=\"noopener\">Nosso Mangue<\/a>, <a href=\"https:\/\/www.cooperativapindorama.com.br\/\" target=\"_blank\" rel=\"noopener\">Cooperativa Pindorama<\/a>, <a href=\"https:\/\/www.latinoamerica.veolia.com\/pt\" target=\"_blank\" rel=\"noopener\">Veolia\/Braskem<\/a> (na \u00e1rea de transi\u00e7\u00e3o ecol\u00f3gica) e <a href=\"https:\/\/www.handtalk.me\/br\/\" target=\"_blank\" rel=\"noopener\">Hand Talk<\/a>, <a href=\"https:\/\/telesil.com.br\/\" target=\"_blank\" rel=\"noopener\">Telesil<\/a> e <a href=\"https:\/\/www.solarbr.com.br\/\" target=\"_blank\" rel=\"noopener\">Solar Coca-Cola<\/a> (em transforma\u00e7\u00e3o digital).<\/p>\n<p>Tamb\u00e9m ser\u00e3o realizados workshops sobre acesso a recursos financeiros para inova\u00e7\u00e3o, com orienta\u00e7\u00f5es sobre editais, linhas de financiamento e estrat\u00e9gias para estruturar projetos em empresas de diferentes portes.<\/p>\n<p>As inscri\u00e7\u00f5es s\u00e3o gratuitas e com vagas limitadas. Os interessados podem escolher entre participar da programa\u00e7\u00e3o completa (manh\u00e3 e tarde), apenas do turno da manh\u00e3 (palestras e pain\u00e9is) ou de um dos workshops da tarde. <a href=\"https:\/\/doity.com.br\/jornada-nacional-de-inovao\" target=\"_blank\" rel=\"noopener\">Inscreva-se aqui<\/a>.<\/p>\n<p>A Jornada Nacional de Inova\u00e7\u00e3o est\u00e1 percorrendo o Brasil em busca das melhores pr\u00e1ticas em solu\u00e7\u00f5es tecnol\u00f3gicas e sustent\u00e1veis, que ser\u00e3o apresentadas no Congresso Nacional de Inova\u00e7\u00e3o, em mar\u00e7o de 2026, em S\u00e3o Paulo. A agenda completa dos eventos pode ser conferida no <a href=\"https:\/\/jornadanacionaldeinovacao.com.br\/\" target=\"_blank\" rel=\"noopener\">site oficial<\/a>.<!--EndFragment --><\/p>\n<p>\t\t\t\t\t\t\t\t\t<img decoding=\"async\" src=\"https:\/\/brasil61.com\/api\/v1\/serve_pixel\/22254\/84666\" alt=\"Pixel Brasil 61\" class=\"b61_pixel\" width=\"0\" height=\"0\"><\/p>\n<div class=\"br61_backlink\">\n<p>\n\t\t\t\tFonte: <a href=\"https:\/\/brasil61.com\/industria-alagoana-se-conecta-ao-futuro-com-jornada-nacional-de-inovacao-em-maceio-pind254627\" title=\"Artigo Original: Ind\u00fastria alagoana se conecta ao futuro com Jornada Nacional de Inova\u00e7\u00e3o em Macei\u00f3\" target=\"_blank\" rel=\"noopener\">Brasil 61<\/a>\n\t\t\t<\/p>\n<\/p><\/div>\n<input type=\"hidden\" id=\"baseurl\" value=\"https:\/\/noticiasregionais.com.br\"><input type=\"hidden\" id=\"audio_nonce\" value=\"5c13e0637f\">","protected":false},"excerpt":{"rendered":"<p>Evento reunir\u00e1 lideran\u00e7as para debater transi\u00e7\u00e3o ecol\u00f3gica e digital, com foco em solu\u00e7\u00f5es regionais que podem ganhar escala nacional<\/p>\n","protected":false},"author":1,"featured_media":9851,"comment_status":"","ping_status":"open","sticky":false,"template":"","format":"standard","meta":{"sfsi_plus_gutenberg_text_before_share":"","sfsi_plus_gutenberg_show_text_before_share":"","sfsi_plus_gutenberg_icon_type":"","sfsi_plus_gutenberg_icon_alignemt":"","sfsi_plus_gutenburg_max_per_row":"","footnotes":""},"categories":[8],"tags":[],"class_list":["post-9850","post","type-post","status-publish","format-standard","has-post-thumbnail","hentry","category-brasil"],"_links":{"self":[{"href":"https:\/\/noticiasregionais.com.br\/index.php?rest_route=\/wp\/v2\/posts\/9850","targetHints":{"allow":["GET"]}}],"collection":[{"href":"https:\/\/noticiasregionais.com.br\/index.php?rest_route=\/wp\/v2\/posts"}],"about":[{"href":"https:\/\/noticiasregionais.com.br\/index.php?rest_route=\/wp\/v2\/types\/post"}],"author":[{"embeddable":true,"href":"https:\/\/noticiasregionais.com.br\/index.php?rest_route=\/wp\/v2\/users\/1"}],"replies":[{"embeddable":true,"href":"https:\/\/noticiasregionais.com.br\/index.php?rest_route=%2Fwp%2Fv2%2Fcomments&post=9850"}],"version-history":[{"count":0,"href":"https:\/\/noticiasregionais.com.br\/index.php?rest_route=\/wp\/v2\/posts\/9850\/revisions"}],"wp:featuredmedia":[{"embeddable":true,"href":"https:\/\/noticiasregionais.com.br\/index.php?rest_route=\/wp\/v2\/media\/9851"}],"wp:attachment":[{"href":"https:\/\/noticiasregionais.com.br\/index.php?rest_route=%2Fwp%2Fv2%2Fmedia&parent=9850"}],"wp:term":[{"taxonomy":"category","embeddable":true,"href":"https:\/\/noticiasregionais.com.br\/index.php?rest_route=%2Fwp%2Fv2%2Fcategories&post=9850"},{"taxonomy":"post_tag","embeddable":true,"href":"https:\/\/noticiasregionais.com.br\/index.php?rest_route=%2Fwp%2Fv2%2Ftags&post=9850"}],"curies":[{"name":"wp","href":"https:\/\/api.w.org\/{rel}","templated":true}]}}