{"id":9852,"date":"2025-09-18T04:35:00","date_gmt":"2025-09-18T07:35:00","guid":{"rendered":"https:\/\/noticiasregionais.com.br\/?p=9852"},"modified":"2025-09-18T04:35:00","modified_gmt":"2025-09-18T07:35:00","slug":"cafe-hoje-confira-as-cotacoes-para-quinta-feira-18","status":"publish","type":"post","link":"https:\/\/noticiasregionais.com.br\/?p=9852","title":{"rendered":"Caf\u00e9 hoje: confira as cota\u00e7\u00f5es para quinta-feira (18)"},"content":{"rendered":"<p>\t\t\t\t\t\t\t\t\t\t<audio controls class=\"b61_audio_player\" data-noticia=\"84673\" src=\"https:\/\/brasil61.com\/rails\/active_storage\/blobs\/eyJfcmFpbHMiOnsibWVzc2FnZSI6IkJBaHBBMjJjQXc9PSIsImV4cCI6bnVsbCwicHVyIjoiYmxvYl9pZCJ9fQ==--f9a682c42e0b2fd6ce5b9d9ccee97ee34aa66010\/PAGR255799A\"><\/audio><\/p>\n<p>O pre\u00e7o do <strong>caf\u00e9 ar\u00e1bica<\/strong>\u00a0abre quinta-feira (18) com <strong>baixa\u00a0de 5,14%. <\/strong>A\u00a0saca de 60 kg \u00e9 negociada a <strong>R$ 2.337,29\u00a0<\/strong>na cidade de S\u00e3o Paulo.<\/p>\n<p><strong>INDICADOR DO CAF\u00c9 AR\u00c1BICA CEPEA\/ESALQ<\/strong><\/p>\n<table>\n<thead>\n<tr>\n<th>Data<\/th>\n<th>Valor R$<\/th>\n<th>Var.\/Dia<\/th>\n<th>Var.\/M\u00eas<\/th>\n<th>Valor US$<\/th>\n<\/tr>\n<\/thead>\n<tbody>\n<tr>\n<td>17\/09\/2025<\/td>\n<td>2.237,29<\/td>\n<td>-5,14%<\/td>\n<td>-3,69%<\/td>\n<td>422,21<\/td>\n<\/tr>\n<tr>\n<td>16\/09\/2025<\/td>\n<td>2.358,64<\/td>\n<td>-0,73%<\/td>\n<td>1,53%<\/td>\n<td>445,19<\/td>\n<\/tr>\n<tr>\n<td>15\/09\/2025<\/td>\n<td>2.376,04<\/td>\n<td>1,29%<\/td>\n<td>2,28%<\/td>\n<td>446,79<\/td>\n<\/tr>\n<tr>\n<td>12\/09\/2025<\/td>\n<td>2.345,68<\/td>\n<td>0,87%<\/td>\n<td>0,97%<\/td>\n<td>438,03<\/td>\n<\/tr>\n<tr>\n<td>11\/09\/2025<\/td>\n<td>2.325,54<\/td>\n<td>-0,34%<\/td>\n<td>0,11%<\/td>\n<td>431,13<\/td>\n<\/tr>\n<\/tbody>\n<\/table>\n<p>O <strong>caf\u00e9 robusta<\/strong> teve <strong>baixa\u00a0de 4,59%<\/strong> no pre\u00e7o\u00a0e a saca abre o dia comercializada\u00a0a <strong>R$ 1.408,43.<\/strong><\/p>\n<p><strong>INDICADOR DO CAF\u00c9 ROBUSTA CEPEA\/ESALQ<\/strong><\/p>\n<table>\n<thead>\n<tr>\n<th>Data<\/th>\n<th>Valor R$<\/th>\n<th>Var.\/Dia<\/th>\n<th>Var.\/M\u00eas<\/th>\n<th>Valor US$<\/th>\n<\/tr>\n<\/thead>\n<tbody>\n<tr>\n<td>17\/09\/2025<\/td>\n<td>1.408,43<\/td>\n<td>-4,59%<\/td>\n<td>-8,21%<\/td>\n<td>265,79<\/td>\n<\/tr>\n<tr>\n<td>16\/09\/2025<\/td>\n<td>1.476,22<\/td>\n<td>-0,06%<\/td>\n<td>-3,79%<\/td>\n<td>278,64<\/td>\n<\/tr>\n<tr>\n<td>15\/09\/2025<\/td>\n<td>1.477,18<\/td>\n<td>3,94%<\/td>\n<td>-3,73%<\/td>\n<td>277,77<\/td>\n<\/tr>\n<tr>\n<td>12\/09\/2025<\/td>\n<td>1.421,24<\/td>\n<td>2,03%<\/td>\n<td>-7,38%<\/td>\n<td>265,40<\/td>\n<\/tr>\n<tr>\n<td>11\/09\/2025<\/td>\n<td>1.392,94<\/td>\n<td>0,53%<\/td>\n<td>-9,22%<\/td>\n<td>258,24<\/td>\n<\/tr>\n<\/tbody>\n<\/table>\n<h2>A\u00e7\u00facar<\/h2>\n<p>J\u00e1 o pre\u00e7o do <strong>a\u00e7\u00facar cristal<\/strong> apresenta\u00a0<strong>varia\u00e7\u00e3o nas principais pra\u00e7as do estado de S\u00e3o Paulo<\/strong>. Na <strong>capital<\/strong>, a saca de 50 kg aponta alta<strong>\u00a0de 1,17%<\/strong>, cotada a <strong>R$ 119,37<\/strong>.<\/p>\n<p><strong>INDICADOR DO A\u00c7\u00daCAR CRISTAL BRANCO CEPEA\/ESALQ &#8211; S\u00c3O PAULO<\/strong><\/p>\n<table>\n<thead>\n<tr>\n<th>Data<\/th>\n<th>Valor R$*<\/th>\n<th>Var.\/Dia<\/th>\n<th>Var.\/M\u00eas<\/th>\n<th>Valor US$*<\/th>\n<\/tr>\n<\/thead>\n<tbody>\n<tr>\n<td>17\/09\/2025<\/td>\n<td>119,37<\/td>\n<td>1,17%<\/td>\n<td>0,79%<\/td>\n<td>22,53<\/td>\n<\/tr>\n<tr>\n<td>16\/09\/2025<\/td>\n<td>117,99<\/td>\n<td>0,19%<\/td>\n<td>-0,38%<\/td>\n<td>22,27<\/td>\n<\/tr>\n<tr>\n<td>15\/09\/2025<\/td>\n<td>117,77<\/td>\n<td>0,46%<\/td>\n<td>-0,57%<\/td>\n<td>22,15<\/td>\n<\/tr>\n<tr>\n<td>12\/09\/2025<\/td>\n<td>117,23<\/td>\n<td>-1,45%<\/td>\n<td>-1,02%<\/td>\n<td>21,89<\/td>\n<\/tr>\n<tr>\n<td>11\/09\/2025<\/td>\n<td>118,96<\/td>\n<td>-0,36%<\/td>\n<td>0,44%<\/td>\n<td>22,05<\/td>\n<\/tr>\n<\/tbody>\n<\/table>\n<p>Em <strong>Santos (SP)<\/strong>, a mercadoria \u00e9 negociada a <strong>R$ 117,93<\/strong>, ap\u00f3s<strong>\u00a0desvaloriza\u00e7\u00e3o\u00a0de 1,82%<\/strong> na m\u00e9dia de pre\u00e7os sem impostos.<\/p>\n<p><strong>INDICADOR A\u00c7\u00daCAR CRISTAL &#8211; SANTOS (FOB)<\/strong><\/p>\n<table>\n<thead>\n<tr>\n<th>Data<\/th>\n<th>Valor R$*<\/th>\n<th>Var.\/Dia<\/th>\n<th>Var.\/M\u00eas<\/th>\n<th>Valor US$*<\/th>\n<\/tr>\n<\/thead>\n<tbody>\n<tr>\n<td>17\/09\/2025<\/td>\n<td>117,93<\/td>\n<td>-1,82%<\/td>\n<td>-5,12%<\/td>\n<td>22,25<\/td>\n<\/tr>\n<tr>\n<td>16\/09\/2025<\/td>\n<td>120,12<\/td>\n<td>-0,64%<\/td>\n<td>-3,36%<\/td>\n<td>22,62<\/td>\n<\/tr>\n<tr>\n<td>15\/09\/2025<\/td>\n<td>120,89<\/td>\n<td>0,35%<\/td>\n<td>-2,74%<\/td>\n<td>22,72<\/td>\n<\/tr>\n<tr>\n<td>12\/09\/2025<\/td>\n<td>120,47<\/td>\n<td>-0,45%<\/td>\n<td>-3,07%<\/td>\n<td>22,44<\/td>\n<\/tr>\n<tr>\n<td>11\/09\/2025<\/td>\n<td>121,02<\/td>\n<td>-1,03%<\/td>\n<td>-2,63%<\/td>\n<td>22,47<\/td>\n<\/tr>\n<\/tbody>\n<\/table>\n<h2>Milho<\/h2>\n<p>A saca de 60 kg do <strong>milho<\/strong>, por sua vez, \u00e9 vendida a <strong>R$ 65,36,<\/strong>\u00a0ap\u00f3s <strong>baixa de 0,26%.<\/strong><\/p>\n<p><strong>INDICADOR DO MILHO ESALQ\/BM&amp;FBOVESPA<\/strong><\/p>\n<table>\n<thead>\n<tr>\n<th>Data<\/th>\n<th>Valor R$*<\/th>\n<th>Var.\/Dia<\/th>\n<th>Var.\/M\u00eas<\/th>\n<th>Valor US$*<\/th>\n<\/tr>\n<\/thead>\n<tbody>\n<tr>\n<td>17\/09\/2025<\/td>\n<td>65,36<\/td>\n<td>0,26%<\/td>\n<td>1,66%<\/td>\n<td>12,33<\/td>\n<\/tr>\n<tr>\n<td>16\/09\/2025<\/td>\n<td>65,19<\/td>\n<td>0,17%<\/td>\n<td>1,40%<\/td>\n<td>12,30<\/td>\n<\/tr>\n<tr>\n<td>15\/09\/2025<\/td>\n<td>65,08<\/td>\n<td>0,08%<\/td>\n<td>1,23%<\/td>\n<td>12,24<\/td>\n<\/tr>\n<tr>\n<td>12\/09\/2025<\/td>\n<td>65,03<\/td>\n<td>0,09%<\/td>\n<td>1,15%<\/td>\n<td>12,14<\/td>\n<\/tr>\n<tr>\n<td>11\/09\/2025<\/td>\n<td>64,97<\/td>\n<td>-0,15%<\/td>\n<td>1,06%<\/td>\n<td>12,04<\/td>\n<\/tr>\n<\/tbody>\n<\/table>\n<p>Os valores s\u00e3o do\u00a0<a href=\"http:\/\/www.cepea.org.br\" target=\"_blank\" rel=\"noopener\"><strong>Cepea<\/strong><\/a>.<\/p>\n<h2>Diferen\u00e7a entre caf\u00e9 ar\u00e1bica e caf\u00e9 robusta: caracter\u00edsticas, uso e regi\u00f5es produtoras<\/h2>\n<p><strong>Caf\u00e9 ar\u00e1bica e caf\u00e9 robusta<\/strong> s\u00e3o as duas principais variedades cultivadas e comercializadas no Brasil, ambas medidas em sacas de 60 kg.<\/p>\n<ul>\n<li>O<strong> caf\u00e9 ar\u00e1bica <\/strong>(conhecido tamb\u00e9m como<strong> caf\u00e9 Conilon<\/strong>, em algumas regi\u00f5es) tem <strong>sabor mais suave, menor teor de cafe\u00edna e alta qualidade sensorial<\/strong>, sendo preferido em cafeterias especializadas e nas exporta\u00e7\u00f5es de caf\u00e9s premium. Representa cerca de 70% da produ\u00e7\u00e3o brasileira, com destaque para estados como Minas Gerais e S\u00e3o Paulo.<\/li>\n<li>O<strong> caf\u00e9 robusta<\/strong>, por sua vez, possui<strong> sabor mais amargo, maior concentra\u00e7\u00e3o de cafe\u00edna e corpo mais intenso<\/strong>. \u00c9 amplamente utilizado na produ\u00e7\u00e3o de caf\u00e9 sol\u00favel e blends comerciais. Seus principais polos produtores s\u00e3o o Esp\u00edrito Santo e Rond\u00f4nia, e seu pre\u00e7o costuma ser mais baixo em compara\u00e7\u00e3o ao ar\u00e1bica, por conta do perfil mais industrial.\u00a0<\/li>\n<\/ul>\n<h2>Como \u00e9 calculada a saca de a\u00e7\u00facar cristal?<\/h2>\n<p>A<strong> saca de a\u00e7\u00facar cristal no Brasil \u00e9 padronizada em 50 quilos<\/strong>, especialmente para comercializa\u00e7\u00e3o no mercado atacadista e para uso na ind\u00fastria aliment\u00edcia. Essa unidade de medida \u00e9 adotada pelo <strong><a href=\"https:\/\/www.cepea.org.br\/br\/indicador\/cafe.aspx\" target=\"_blank\" rel=\"noopener\">Cepea\/Esalq-USP<\/a><\/strong>, principal fonte de cota\u00e7\u00f5es di\u00e1rias do a\u00e7\u00facar cristal no pa\u00eds.<\/p>\n<h2>Qual o peso da saca de milho no Brasil?<\/h2>\n<p>A saca de milho equivale a 60 kg de gr\u00e3os, mesmo padr\u00e3o utilizado para soja e trigo. Essa medida \u00e9 oficializada por institui\u00e7\u00f5es como a<strong> Companhia Nacional de Abastecimento <a href=\"https:\/\/www.gov.br\/conab\/pt-br\" target=\"_blank\" rel=\"noopener\">(Conab)<\/a><\/strong>, o <strong>Minist\u00e9rio da Agricultura <a href=\"https:\/\/www.gov.br\/agricultura\/pt-br\" target=\"_blank\" rel=\"noopener\">(MAPA)<\/a><\/strong> e o <a href=\"http:\/\/www.cepea.org.br\" target=\"_blank\" rel=\"noopener\"><strong>Cepea<\/strong><\/a>, sendo amplamente usada em negocia\u00e7\u00f5es e relat\u00f3rios de pre\u00e7o do milho.<\/p>\n<p>\t\t\t\t\t\t\t\t\t<img decoding=\"async\" src=\"https:\/\/brasil61.com\/api\/v1\/serve_pixel\/22254\/84673\" alt=\"Pixel Brasil 61\" class=\"b61_pixel\" width=\"0\" height=\"0\"><\/p>\n<div class=\"br61_backlink\">\n<p>\n\t\t\t\tFonte: <a href=\"https:\/\/brasil61.com\/cafe-hoje-confira-as-cotacoes-para-quinta-feira-18-pagr255799\" title=\"Artigo Original: Caf\u00e9 hoje: confira as cota\u00e7\u00f5es para quinta-feira (18)\" target=\"_blank\" rel=\"noopener\">Brasil 61<\/a>\n\t\t\t<\/p>\n<\/p><\/div>\n<input type=\"hidden\" id=\"baseurl\" value=\"https:\/\/noticiasregionais.com.br\"><input type=\"hidden\" id=\"audio_nonce\" value=\"533fbb67b1\">","protected":false},"excerpt":{"rendered":"<p>Veja os valores do caf\u00e9 ar\u00e1bica, caf\u00e9 robusta, a\u00e7\u00facar cristal e do milho no mercado<\/p>\n","protected":false},"author":1,"featured_media":9853,"comment_status":"","ping_status":"open","sticky":false,"template":"","format":"standard","meta":{"sfsi_plus_gutenberg_text_before_share":"","sfsi_plus_gutenberg_show_text_before_share":"","sfsi_plus_gutenberg_icon_type":"","sfsi_plus_gutenberg_icon_alignemt":"","sfsi_plus_gutenburg_max_per_row":"","footnotes":""},"categories":[8],"tags":[],"class_list":["post-9852","post","type-post","status-publish","format-standard","has-post-thumbnail","hentry","category-brasil"],"_links":{"self":[{"href":"https:\/\/noticiasregionais.com.br\/index.php?rest_route=\/wp\/v2\/posts\/9852","targetHints":{"allow":["GET"]}}],"collection":[{"href":"https:\/\/noticiasregionais.com.br\/index.php?rest_route=\/wp\/v2\/posts"}],"about":[{"href":"https:\/\/noticiasregionais.com.br\/index.php?rest_route=\/wp\/v2\/types\/post"}],"author":[{"embeddable":true,"href":"https:\/\/noticiasregionais.com.br\/index.php?rest_route=\/wp\/v2\/users\/1"}],"replies":[{"embeddable":true,"href":"https:\/\/noticiasregionais.com.br\/index.php?rest_route=%2Fwp%2Fv2%2Fcomments&post=9852"}],"version-history":[{"count":0,"href":"https:\/\/noticiasregionais.com.br\/index.php?rest_route=\/wp\/v2\/posts\/9852\/revisions"}],"wp:featuredmedia":[{"embeddable":true,"href":"https:\/\/noticiasregionais.com.br\/index.php?rest_route=\/wp\/v2\/media\/9853"}],"wp:attachment":[{"href":"https:\/\/noticiasregionais.com.br\/index.php?rest_route=%2Fwp%2Fv2%2Fmedia&parent=9852"}],"wp:term":[{"taxonomy":"category","embeddable":true,"href":"https:\/\/noticiasregionais.com.br\/index.php?rest_route=%2Fwp%2Fv2%2Fcategories&post=9852"},{"taxonomy":"post_tag","embeddable":true,"href":"https:\/\/noticiasregionais.com.br\/index.php?rest_route=%2Fwp%2Fv2%2Ftags&post=9852"}],"curies":[{"name":"wp","href":"https:\/\/api.w.org\/{rel}","templated":true}]}}