{"id":9854,"date":"2025-09-18T04:50:00","date_gmt":"2025-09-18T07:50:00","guid":{"rendered":"https:\/\/noticiasregionais.com.br\/?p=9854"},"modified":"2025-09-18T04:50:00","modified_gmt":"2025-09-18T07:50:00","slug":"setor-de-tic-deve-gerar-147-mil-vagas-ate-o-fim-de-2025-parceria-entre-senai-e-empresas-pretende-ampliar-formacao-na-area","status":"publish","type":"post","link":"https:\/\/noticiasregionais.com.br\/?p=9854","title":{"rendered":"Setor de TIC deve gerar 147 mil vagas at\u00e9 o fim de 2025; parceria entre SENAI e empresas pretende ampliar forma\u00e7\u00e3o na \u00e1rea"},"content":{"rendered":"<p>\t\t\t\t\t\t\t\t\t\t<audio controls class=\"b61_audio_player\" data-noticia=\"84663\" src=\"https:\/\/brasil61.com\/rails\/active_storage\/blobs\/eyJfcmFpbHMiOnsibWVzc2FnZSI6IkJBaHBBMldjQXc9PSIsImV4cCI6bnVsbCwicHVyIjoiYmxvYl9pZCJ9fQ==--17123189fd2018425942a15dd159869ed5f70550\/PIND254626C\"><\/audio><\/p>\n<p>O setor de <strong>Tecnologia, Informa\u00e7\u00e3o e Comunica\u00e7\u00e3o (TIC) <\/strong>segue como um dos mais promissores no Brasil, com perspectiva de gerar at\u00e9 <strong>147 mil vagas <\/strong>formais at\u00e9 o <strong>fim do ano<\/strong>. No entanto, a previs\u00e3o esbarra na <strong>dificuldade <\/strong>de encontrar <strong>m\u00e3o de obra qualificada<\/strong>. O <strong>d\u00e9ficit de profissionais de tecnologia <\/strong>foi de mais de 30% entre 2018 e 2023. Os <a href=\"https:\/\/brasscom.org.br\/macrossetor-de-tic-pode-gerar-ate-147-mil-empregos-formais-no-brasil-em-2025-aponta-estudo\/\" target=\"_blank\" rel=\"noopener\">dados<\/a> s\u00e3o Associa\u00e7\u00e3o das Empresas de Tecnologia da Informa\u00e7\u00e3o e Comunica\u00e7\u00e3o e de Tecnologias Digitais (<a href=\"https:\/\/brasscom.org.br\/\" target=\"_blank\" rel=\"noopener\">Brasscom<\/a>).<\/p>\n<p>Para ajudar a suprir essa lacuna, o Servi\u00e7o Nacional de Aprendizagem Industrial (<a href=\"https:\/\/www.senai.portaldaindustria.com.br\/\" target=\"_blank\" rel=\"noopener\">SENAI<\/a>) e a Brasscom assinaram um <a href=\"https:\/\/noticias.portaldaindustria.com.br\/noticias\/educacao\/senai-e-brasscom-assinam-acordo-para-impulsionar-empregabilidade-no-setor-de-tic\/\" target=\"_blank\" rel=\"noopener\">Acordo de Coopera\u00e7\u00e3o<\/a> para a divulga\u00e7\u00e3o de programas voltados \u00e0 <strong>forma\u00e7\u00e3o t\u00e9cnica <\/strong>no setor de TIC.<\/p>\n<p>O acordo prev\u00ea a produ\u00e7\u00e3o de conte\u00fado sobre o setor e a divulga\u00e7\u00e3o de <strong>oportunidades de emprego <\/strong>para <strong>alunos <\/strong>egressos dos cursos de forma\u00e7\u00e3o do SENAI para as empresas associadas \u00e0 Brasscom.<\/p>\n<p>Segundo o superintendente de Educa\u00e7\u00e3o Profissional e Superior do SENAI, Felipe Morgado, a parceria vai contribuir para que as forma\u00e7\u00f5es atendam \u00e0s reais necessidades das empresas.<br \/>\n\u201cO SENAI, junto com a Brascom, est\u00e1 convidando as empresas para formar profissionais para atender a demanda de m\u00e3o de obra qualificada. \u00c9 uma customiza\u00e7\u00e3o, uma oferta em larga escala e, principalmente, uma forma de atrair a juventude e o trabalhador para o setor\u201d, explica.<\/p>\n<p>Para Morgado, a uni\u00e3o com grandes empresas tornar\u00e1 o pa\u00eds mais produtivo e competitivo em um setor estrat\u00e9gico, em franco crescimento n\u00e3o s\u00f3 no Brasil, mas em todo o mundo. \u201cTemos certeza que, melhorando ainda mais o nosso curr\u00edculo, acertando essa pontaria junto com as empresas, a gente vai conseguir uma <strong>empregabilidade ainda maior e remunera\u00e7\u00f5es ainda maiores <\/strong>para os nossos estudantes.&#8221;<\/p>\n<p>Melissa Rangel, especialista em Qualidade de Software na <a href=\"https:\/\/keeggo.com\/\" target=\"_blank\" rel=\"noopener\">Keeggo<\/a> \u2013 empresa que presta consultoria de tecnologia \u2013, acredita que a uni\u00e3o do SENAI com o setor produtivo vai aumentar a empregabilidade de quem est\u00e1 come\u00e7ando na carreira. \u201cNa nossa \u00e1rea de qualidade de software, por exemplo, isso ajuda muito, porque quanto mais preparados os profissionais estiverem, melhor vai ser a entrega dos projetos de tecnologia. Ent\u00e3o, acredito que as parcerias assim fortalecem todo o setor\u201d, ressalta.<\/p>\n<h2>Cen\u00e1rio promissor<\/h2>\n<p>A parceria ocorre em um momento estrat\u00e9gico para o setor. <a href=\"https:\/\/brasscom.org.br\/pdfs\/prospeccao-de-vaga-de-entrada\/\" target=\"_blank\" rel=\"noopener\">Pesquisa in\u00e9dita <\/a>da Brasscom em parceria com a Funda\u00e7\u00e3o Telef\u00f4nica Vivo aponta que <strong>82% das empresas planejam ampliar suas equipes <\/strong>nos pr\u00f3ximos <strong>dois anos<\/strong>. <strong>Quase metade <\/strong>desse total (46%) pretende direcionar as novas vagas a <strong>profissionais juniores<\/strong>, como <strong>estagi\u00e1rios<\/strong>, <strong>aprendizes <\/strong>e<strong> iniciantes de carreira<\/strong>.<\/p>\n<p>\n\u00a0<\/p>\n<p>\t\t\t\t\t\t\t\t\t<img decoding=\"async\" src=\"https:\/\/brasil61.com\/api\/v1\/serve_pixel\/22254\/84663\" alt=\"Pixel Brasil 61\" class=\"b61_pixel\" width=\"0\" height=\"0\"><\/p>\n<div class=\"br61_backlink\">\n<p>\n\t\t\t\tFonte: <a href=\"https:\/\/brasil61.com\/setor-de-tic-deve-gerar-147-mil-vagas-ate-o-fim-de-2025-parceria-entre-senai-e-empresas-pretende-ampliar-formacao-na-area-pind254626\" title=\"Artigo Original: Setor de TIC deve gerar 147 mil vagas at\u00e9 o fim de 2025; parceria entre SENAI e empresas pretende ampliar forma\u00e7\u00e3o na \u00e1rea \" target=\"_blank\" rel=\"noopener\">Brasil 61<\/a>\n\t\t\t<\/p>\n<\/p><\/div>\n<input type=\"hidden\" id=\"baseurl\" value=\"https:\/\/noticiasregionais.com.br\"><input type=\"hidden\" id=\"audio_nonce\" value=\"5c13e0637f\">","protected":false},"excerpt":{"rendered":"<p>Acordo busca reduzir d\u00e9ficit de profissionais qualificados no setor de Tecnologia da Informa\u00e7\u00e3o e Comunica\u00e7\u00e3o<\/p>\n","protected":false},"author":1,"featured_media":9855,"comment_status":"","ping_status":"open","sticky":false,"template":"","format":"standard","meta":{"sfsi_plus_gutenberg_text_before_share":"","sfsi_plus_gutenberg_show_text_before_share":"","sfsi_plus_gutenberg_icon_type":"","sfsi_plus_gutenberg_icon_alignemt":"","sfsi_plus_gutenburg_max_per_row":"","footnotes":""},"categories":[8],"tags":[],"class_list":["post-9854","post","type-post","status-publish","format-standard","has-post-thumbnail","hentry","category-brasil"],"_links":{"self":[{"href":"https:\/\/noticiasregionais.com.br\/index.php?rest_route=\/wp\/v2\/posts\/9854","targetHints":{"allow":["GET"]}}],"collection":[{"href":"https:\/\/noticiasregionais.com.br\/index.php?rest_route=\/wp\/v2\/posts"}],"about":[{"href":"https:\/\/noticiasregionais.com.br\/index.php?rest_route=\/wp\/v2\/types\/post"}],"author":[{"embeddable":true,"href":"https:\/\/noticiasregionais.com.br\/index.php?rest_route=\/wp\/v2\/users\/1"}],"replies":[{"embeddable":true,"href":"https:\/\/noticiasregionais.com.br\/index.php?rest_route=%2Fwp%2Fv2%2Fcomments&post=9854"}],"version-history":[{"count":0,"href":"https:\/\/noticiasregionais.com.br\/index.php?rest_route=\/wp\/v2\/posts\/9854\/revisions"}],"wp:featuredmedia":[{"embeddable":true,"href":"https:\/\/noticiasregionais.com.br\/index.php?rest_route=\/wp\/v2\/media\/9855"}],"wp:attachment":[{"href":"https:\/\/noticiasregionais.com.br\/index.php?rest_route=%2Fwp%2Fv2%2Fmedia&parent=9854"}],"wp:term":[{"taxonomy":"category","embeddable":true,"href":"https:\/\/noticiasregionais.com.br\/index.php?rest_route=%2Fwp%2Fv2%2Fcategories&post=9854"},{"taxonomy":"post_tag","embeddable":true,"href":"https:\/\/noticiasregionais.com.br\/index.php?rest_route=%2Fwp%2Fv2%2Ftags&post=9854"}],"curies":[{"name":"wp","href":"https:\/\/api.w.org\/{rel}","templated":true}]}}