{"id":9856,"date":"2025-09-18T04:45:00","date_gmt":"2025-09-18T07:45:00","guid":{"rendered":"https:\/\/noticiasregionais.com.br\/?p=9856"},"modified":"2025-09-18T04:45:00","modified_gmt":"2025-09-18T07:45:00","slug":"bahia-recebe-a-jornada-nacional-de-inovacao-da-industria-para-impulsionar-transicao-ecologica-e-digital","status":"publish","type":"post","link":"https:\/\/noticiasregionais.com.br\/?p=9856","title":{"rendered":"Bahia recebe a Jornada Nacional de Inova\u00e7\u00e3o da Ind\u00fastria para impulsionar transi\u00e7\u00e3o ecol\u00f3gica e digital"},"content":{"rendered":"<p>\t\t\t\t\t\t\t\t\t\t<audio controls class=\"b61_audio_player\" data-noticia=\"84670\" src=\"https:\/\/brasil61.com\/rails\/active_storage\/blobs\/eyJfcmFpbHMiOnsibWVzc2FnZSI6IkJBaHBBMTZjQXc9PSIsImV4cCI6bnVsbCwicHVyIjoiYmxvYl9pZCJ9fQ==--1b4e4990519f6672c50f4b112bee2837d0c28828\/PIND254628A\"><\/audio><\/p>\n<p><!--StartFragment -->A <a href=\"https:\/\/jornadanacionaldeinovacao.com.br\/\" target=\"_blank\" rel=\"noopener\"><strong>Jornada Nacional de Inova\u00e7\u00e3o da Ind\u00fastria<\/strong><\/a> chega ao munic\u00edpio de Feira de Santana (BA), no dia 22 de setembro, na Universidade Estadual de Feira de Santana (<strong><a href=\"https:\/\/www.uefs.br\/\" target=\"_blank\" rel=\"noopener\">UEFS<\/a><\/strong>). Realizada pela Confedera\u00e7\u00e3o Nacional da Ind\u00fastria (<a href=\"https:\/\/cni.portaldaindustria.com.br\/\" target=\"_blank\" rel=\"noopener\"><strong>CNI<\/strong><\/a>) e pelo Servi\u00e7o Brasileiro de Apoio \u00e0s Micro e Pequenas Empresas (<strong><a href=\"https:\/\/sebrae.com.br\/sites\/PortalSebrae\" target=\"_blank\" rel=\"noopener\">Sebrae<\/a><\/strong>), a iniciativa tem como foco impulsionar a transi\u00e7\u00e3o ecol\u00f3gica e digital no setor industrial, conectando empresas, startups, universidades e o poder p\u00fablico.<\/p>\n<p>A programa\u00e7\u00e3o inclui palestras, pain\u00e9is e workshops sobre bioeconomia, sustentabilidade, inova\u00e7\u00e3o digital e gest\u00e3o, al\u00e9m da apresenta\u00e7\u00e3o de experi\u00eancias de empresas locais.<\/p>\n<p>Para a gerente de Rela\u00e7\u00f5es Institucionais da Federa\u00e7\u00e3o das Ind\u00fastrias do Estado da Bahia (<a href=\"https:\/\/www.fieb.org.br\/\" target=\"_blank\" rel=\"noopener\"><strong>FIEB<\/strong><\/a>) na regi\u00e3o Central da Bahia, Fernanda Moreira, o encontro ser\u00e1 estrat\u00e9gico para o desenvolvimento regional. \u201cFeira de Santana se destaca como um dos mercados mais fortes do interior da Bahia. Possui ind\u00fastria diversificada, com\u00e9rcio din\u00e2mico e ambiente acad\u00eamico muito ativo. Trazer a pauta da inova\u00e7\u00e3o para o territ\u00f3rio \u00e9 essencial, porque significa abrir espa\u00e7o para que empresas de diferentes portes e segmentos tenham acesso a essas novas tecnologias, a novos modelos de neg\u00f3cio e pr\u00e1ticas sustent\u00e1veis\u201d, afirma.<\/p>\n<p>Segundo Fernanda, o evento fortalecer\u00e1 conex\u00f5es estrat\u00e9gicas entre setor produtivo, academia e governo. \u201cA Jornada contribui para refor\u00e7ar a imagem da cidade como um polo inovador, capaz de atrair investimentos, reter talentos e inspirar novos empreendedores. Ent\u00e3o, o evento consolida Feira de Santana no mapa da inova\u00e7\u00e3o e no desenvolvimento industrial da Bahia\u201d, completa a gerente.<\/p>\n<h2>Jornada Nacional de Inova\u00e7\u00e3o da Ind\u00fastria: etapa de Feira de Santana (BA)<\/h2>\n<p>A etapa de Feira de Santana prev\u00ea:<\/p>\n<ul>\n<li><strong>Palestra<\/strong> sobre bioeconomia e inova\u00e7\u00e3o no Portal do Sert\u00e3o.<\/li>\n<li><strong>Painel<\/strong> sobre transi\u00e7\u00e3o ecol\u00f3gica e digital, com cases e debates entre empresas, startups e academia;<\/li>\n<li><strong>Dois workshops<\/strong>: acesso ao fomento \u00e0 inova\u00e7\u00e3o e gest\u00e3o da inova\u00e7\u00e3o.<\/li>\n<\/ul>\n<p>As inscri\u00e7\u00f5es s\u00e3o gratuitas e t\u00eam vagas limitadas. O participante pode escolher entre tr\u00eas modalidades: acompanhar toda a programa\u00e7\u00e3o (manh\u00e3 e tarde), participar apenas do turno da manh\u00e3, com palestra e painel de discuss\u00e3o, ou se inscrever exclusivamente nos workshops da tarde, escolhendo uma das duas tem\u00e1ticas dispon\u00edveis. <a href=\"https:\/\/www.sympla.com.br\/evento\/jornada-nacional-de-inovacao-da-industria-feira-de-santana-ba\/3108894?referrer=www.google.com\" target=\"_blank\" rel=\"noopener\"><strong>Inscreva-se aqui.<\/strong><\/a><\/p>\n<p>A edi\u00e7\u00e3o de Feira de Santana (BA) conta com a parceria da FIEB e suas casas Servi\u00e7o Social da Ind\u00fastria (<strong><a href=\"https:\/\/www.sesibahia.com.br\/home\" target=\"_blank\" rel=\"noopener\">SESI<\/a><\/strong>), Servi\u00e7o Nacional de Aprendizagem Industrial (<a href=\"https:\/\/www.senaibahia.com.br\/\" target=\"_blank\" rel=\"noopener\"><strong>SENAI<\/strong><\/a>) e Instituto Euvaldo Lodi (<a href=\"https:\/\/www.ielbahia.com.br\/\" target=\"_blank\" rel=\"noopener\"><strong>IEL<\/strong><\/a>), do <a href=\"https:\/\/sebrae.com.br\/sites\/PortalSebrae\/ufs\/ba?codUf=5\" target=\"_blank\" rel=\"noopener\"><strong>Sebrae Bahia<\/strong><\/a> e da Secretaria de Ci\u00eancia, Tecnologia e Inova\u00e7\u00e3o (<a href=\"https:\/\/www.ba.gov.br\/secti\/\" target=\"_blank\" rel=\"noopener\"><strong>Secti<\/strong><\/a>), al\u00e9m do apoio da UEFS e o Ecossistema Inova Feira de Santana de Neg\u00f3cios.<\/p>\n<p>A Jornada Nacional de Inova\u00e7\u00e3o est\u00e1 percorrendo o Brasil em busca das melhores pr\u00e1ticas em solu\u00e7\u00f5es tecnol\u00f3gicas e sustent\u00e1veis, que ser\u00e3o apresentadas no Congresso Nacional de Inova\u00e7\u00e3o, em mar\u00e7o de 2026, em S\u00e3o Paulo. A agenda completa dos eventos pode ser conferida no site: <a href=\"http:\/\/www.jornadanacionaldeinovacao.com.br\" target=\"_blank\" rel=\"noopener\">www.jornadanacionaldeinovacao.com.br<\/a>.<\/p>\n<p><!--EndFragment --><\/p>\n<p>\t\t\t\t\t\t\t\t\t<img decoding=\"async\" src=\"https:\/\/brasil61.com\/api\/v1\/serve_pixel\/22254\/84670\" alt=\"Pixel Brasil 61\" class=\"b61_pixel\" width=\"0\" height=\"0\"><\/p>\n<div class=\"br61_backlink\">\n<p>\n\t\t\t\tFonte: <a href=\"https:\/\/brasil61.com\/bahia-recebe-a-jornada-nacional-de-inovacao-da-industria-para-impulsionar-transicao-ecologica-e-digital-pind254628\" title=\"Artigo Original: Bahia recebe a Jornada Nacional de Inova\u00e7\u00e3o da Ind\u00fastria para impulsionar transi\u00e7\u00e3o ecol\u00f3gica e digital \" target=\"_blank\" rel=\"noopener\">Brasil 61<\/a>\n\t\t\t<\/p>\n<\/p><\/div>\n<input type=\"hidden\" id=\"baseurl\" value=\"https:\/\/noticiasregionais.com.br\"><input type=\"hidden\" id=\"audio_nonce\" value=\"5c13e0637f\">","protected":false},"excerpt":{"rendered":"<p>Evento em Feira de Santana reunir\u00e1 empresas, startups, universidades e governo para discutir solu\u00e7\u00f5es que fortalecem a competitividade regional<\/p>\n","protected":false},"author":1,"featured_media":9857,"comment_status":"","ping_status":"open","sticky":false,"template":"","format":"standard","meta":{"sfsi_plus_gutenberg_text_before_share":"","sfsi_plus_gutenberg_show_text_before_share":"","sfsi_plus_gutenberg_icon_type":"","sfsi_plus_gutenberg_icon_alignemt":"","sfsi_plus_gutenburg_max_per_row":"","footnotes":""},"categories":[8],"tags":[],"class_list":["post-9856","post","type-post","status-publish","format-standard","has-post-thumbnail","hentry","category-brasil"],"_links":{"self":[{"href":"https:\/\/noticiasregionais.com.br\/index.php?rest_route=\/wp\/v2\/posts\/9856","targetHints":{"allow":["GET"]}}],"collection":[{"href":"https:\/\/noticiasregionais.com.br\/index.php?rest_route=\/wp\/v2\/posts"}],"about":[{"href":"https:\/\/noticiasregionais.com.br\/index.php?rest_route=\/wp\/v2\/types\/post"}],"author":[{"embeddable":true,"href":"https:\/\/noticiasregionais.com.br\/index.php?rest_route=\/wp\/v2\/users\/1"}],"replies":[{"embeddable":true,"href":"https:\/\/noticiasregionais.com.br\/index.php?rest_route=%2Fwp%2Fv2%2Fcomments&post=9856"}],"version-history":[{"count":0,"href":"https:\/\/noticiasregionais.com.br\/index.php?rest_route=\/wp\/v2\/posts\/9856\/revisions"}],"wp:featuredmedia":[{"embeddable":true,"href":"https:\/\/noticiasregionais.com.br\/index.php?rest_route=\/wp\/v2\/media\/9857"}],"wp:attachment":[{"href":"https:\/\/noticiasregionais.com.br\/index.php?rest_route=%2Fwp%2Fv2%2Fmedia&parent=9856"}],"wp:term":[{"taxonomy":"category","embeddable":true,"href":"https:\/\/noticiasregionais.com.br\/index.php?rest_route=%2Fwp%2Fv2%2Fcategories&post=9856"},{"taxonomy":"post_tag","embeddable":true,"href":"https:\/\/noticiasregionais.com.br\/index.php?rest_route=%2Fwp%2Fv2%2Ftags&post=9856"}],"curies":[{"name":"wp","href":"https:\/\/api.w.org\/{rel}","templated":true}]}}