{"id":9858,"date":"2025-09-18T08:04:36","date_gmt":"2025-09-18T11:04:36","guid":{"rendered":"https:\/\/noticiasregionais.com.br\/?p=9858"},"modified":"2025-09-18T08:07:02","modified_gmt":"2025-09-18T11:07:02","slug":"prefeitura-de-ourinhos-prorroga-prazo-para-pagamento-da-taxa-de-agua-residual-ate-30-de-setembro","status":"publish","type":"post","link":"https:\/\/noticiasregionais.com.br\/?p=9858","title":{"rendered":"Prefeitura de Ourinhos prorroga prazo para pagamento da taxa de \u00e1gua residual at\u00e9 30 de setembro"},"content":{"rendered":"\n<p>A Prefeitura de Ourinhos anunciou a prorroga\u00e7\u00e3o do prazo para pagamento da conta de \u00e1gua residual referente aos servi\u00e7os prestados pela Administra\u00e7\u00e3o Municipal em <strong>outubro de 2024<\/strong>. O vencimento, que inicialmente havia expirado, agora pode ser quitado at\u00e9 <strong>30 de setembro de 2025<\/strong>.<\/p>\n\n\n\n<h2 class=\"wp-block-heading\">Como emitir a nova fatura<\/h2>\n\n\n\n<p>Os usu\u00e1rios que n\u00e3o efetuaram o pagamento dentro do primeiro prazo dever\u00e3o gerar uma nova via da fatura por meio de:<\/p>\n\n\n\n<ul class=\"wp-block-list\">\n<li><strong>Site<\/strong>: <a href=\"https:\/\/saeourinhos.hydrus.pro\" target=\"_blank\" rel=\"noopener\">saeourinhos.hydrus.pro<\/a><\/li>\n\n\n\n<li><strong>WhatsApp<\/strong>: (14) 99762-8404<\/li>\n\n\n\n<li><strong>Atendimento presencial<\/strong>: setor tribut\u00e1rio municipal, no Poupatempo Ourinhos.<\/li>\n<\/ul>\n\n\n\n<h2 class=\"wp-block-heading\">Cobran\u00e7a residual<\/h2>\n\n\n\n<p>Segundo a administra\u00e7\u00e3o, a cobran\u00e7a se refere exclusivamente ao per\u00edodo anterior \u00e0 transi\u00e7\u00e3o para a concession\u00e1ria <strong>Ourinhos Saneamento<\/strong>. Portanto, n\u00e3o envolve contas ou tributos municipais de outros per\u00edodos, nem os faturamentos da empresa atual.<\/p>\n\n\n\n<h2 class=\"wp-block-heading\">Onde pagar<\/h2>\n\n\n\n<p>A quita\u00e7\u00e3o da fatura deve ser feita nos bancos conveniados: <strong>Caixa Econ\u00f4mica Federal, Bradesco, Santander e Ita\u00fa<\/strong>.<br>Embora alguns bancos digitais aceitem o pagamento via conv\u00eanios, a orienta\u00e7\u00e3o \u00e9 priorizar os canais oficiais para evitar problemas, incluindo lot\u00e9ricas e correspondentes autorizados.<\/p>\n\n\n\n<h2 class=\"wp-block-heading\">D\u00favidas e atendimento<\/h2>\n\n\n\n<p>Reclama\u00e7\u00f5es, recursos ou esclarecimentos devem ser encaminhados ao setor tribut\u00e1rio no <strong>Poupatempo Ourinhos<\/strong>, localizado na rua Cardoso Ribeiro, 970 (entrada do Ourinhos Plaza Shopping). O atendimento funciona de <strong>segunda a sexta-feira, das 9h \u00e0s 17h<\/strong>.<\/p>\n\n\n\n<hr class=\"wp-block-separator has-alpha-channel-opacity\"\/>\n<input type=\"hidden\" id=\"baseurl\" value=\"https:\/\/noticiasregionais.com.br\"><input type=\"hidden\" id=\"audio_nonce\" value=\"533fbb67b1\">","protected":false},"excerpt":{"rendered":"<p>A Prefeitura de Ourinhos anunciou a prorroga\u00e7\u00e3o do prazo para pagamento da conta de \u00e1gua residual referente aos servi\u00e7os prestados&hellip;<\/p>\n","protected":false},"author":1,"featured_media":9859,"comment_status":"closed","ping_status":"open","sticky":false,"template":"","format":"standard","meta":{"sfsi_plus_gutenberg_text_before_share":"","sfsi_plus_gutenberg_show_text_before_share":"","sfsi_plus_gutenberg_icon_type":"","sfsi_plus_gutenberg_icon_alignemt":"","sfsi_plus_gutenburg_max_per_row":"","footnotes":""},"categories":[10,1,5],"tags":[16],"class_list":["post-9858","post","type-post","status-publish","format-standard","has-post-thumbnail","hentry","category-destaques","category-noticias","category-ourinhos","tag-ourinhos"],"_links":{"self":[{"href":"https:\/\/noticiasregionais.com.br\/index.php?rest_route=\/wp\/v2\/posts\/9858","targetHints":{"allow":["GET"]}}],"collection":[{"href":"https:\/\/noticiasregionais.com.br\/index.php?rest_route=\/wp\/v2\/posts"}],"about":[{"href":"https:\/\/noticiasregionais.com.br\/index.php?rest_route=\/wp\/v2\/types\/post"}],"author":[{"embeddable":true,"href":"https:\/\/noticiasregionais.com.br\/index.php?rest_route=\/wp\/v2\/users\/1"}],"replies":[{"embeddable":true,"href":"https:\/\/noticiasregionais.com.br\/index.php?rest_route=%2Fwp%2Fv2%2Fcomments&post=9858"}],"version-history":[{"count":1,"href":"https:\/\/noticiasregionais.com.br\/index.php?rest_route=\/wp\/v2\/posts\/9858\/revisions"}],"predecessor-version":[{"id":9860,"href":"https:\/\/noticiasregionais.com.br\/index.php?rest_route=\/wp\/v2\/posts\/9858\/revisions\/9860"}],"wp:featuredmedia":[{"embeddable":true,"href":"https:\/\/noticiasregionais.com.br\/index.php?rest_route=\/wp\/v2\/media\/9859"}],"wp:attachment":[{"href":"https:\/\/noticiasregionais.com.br\/index.php?rest_route=%2Fwp%2Fv2%2Fmedia&parent=9858"}],"wp:term":[{"taxonomy":"category","embeddable":true,"href":"https:\/\/noticiasregionais.com.br\/index.php?rest_route=%2Fwp%2Fv2%2Fcategories&post=9858"},{"taxonomy":"post_tag","embeddable":true,"href":"https:\/\/noticiasregionais.com.br\/index.php?rest_route=%2Fwp%2Fv2%2Ftags&post=9858"}],"curies":[{"name":"wp","href":"https:\/\/api.w.org\/{rel}","templated":true}]}}