{"id":9862,"date":"2025-09-18T08:09:21","date_gmt":"2025-09-18T11:09:21","guid":{"rendered":"https:\/\/noticiasregionais.com.br\/?p=9862"},"modified":"2025-09-18T08:09:51","modified_gmt":"2025-09-18T11:09:51","slug":"semana-da-arvore-2025-promove-acoes-de-arborizacao-e-educacao-ambiental-em-ourinhos","status":"publish","type":"post","link":"https:\/\/noticiasregionais.com.br\/?p=9862","title":{"rendered":"Semana da \u00c1rvore 2025 promove a\u00e7\u00f5es de arboriza\u00e7\u00e3o e educa\u00e7\u00e3o ambiental em Ourinhos"},"content":{"rendered":"\n<p>A <strong>Semana da \u00c1rvore 2025<\/strong> come\u00e7ou em Ourinhos na \u00faltima segunda-feira (15) com o plantio simb\u00f3lico de mudas na Avenida Altino Arantes, atividade que reuniu alunos, autoridades e parceiros.<\/p>\n\n\n\n<h2 class=\"wp-block-heading\">Programa\u00e7\u00e3o at\u00e9 o dia 21<\/h2>\n\n\n\n<p>Durante toda a semana, a cidade contar\u00e1 com uma s\u00e9rie de a\u00e7\u00f5es voltadas \u00e0 conscientiza\u00e7\u00e3o ambiental, incluindo:<\/p>\n\n\n\n<ul class=\"wp-block-list\">\n<li>Plantios simb\u00f3licos em diferentes pontos da cidade;<\/li>\n\n\n\n<li>Oficinas educativas para crian\u00e7as e jovens;<\/li>\n\n\n\n<li>Mutir\u00f5es no <strong>Viveiro Municipal<\/strong>;<\/li>\n\n\n\n<li>Atividades em escolas e bairros.<\/li>\n<\/ul>\n\n\n\n<p>As iniciativas refor\u00e7am a import\u00e2ncia da arboriza\u00e7\u00e3o urbana para a qualidade de vida e o equil\u00edbrio ambiental.<\/p>\n\n\n\n<h2 class=\"wp-block-heading\">Projetos em destaque<\/h2>\n\n\n\n<p>Entre os programas que fazem parte da edi\u00e7\u00e3o deste ano est\u00e3o:<\/p>\n\n\n\n<ul class=\"wp-block-list\">\n<li><strong>Projeto Arboriza\u00e7\u00e3o Consciente<\/strong>;<\/li>\n\n\n\n<li><strong>Arboriza CIVAP<\/strong>, que garantir\u00e1 o plantio de <strong>1.487 mudas de esp\u00e9cies nativas<\/strong>;<\/li>\n\n\n\n<li>Parceria com a <strong>Ourinhos Saneamento<\/strong>, que levar\u00e1 \u00e1rvores a bairros como Ville de France e Pacaembu.<\/li>\n<\/ul>\n\n\n\n<h2 class=\"wp-block-heading\">Encerramento nacional<\/h2>\n\n\n\n<p>O encerramento da Semana da \u00c1rvore acontece no domingo (21), com o <strong>Plantio Simult\u00e2neo de \u00c1rvores em n\u00edvel nacional<\/strong>, unindo Ourinhos a cidades de todo o Brasil em uma grande mobiliza\u00e7\u00e3o em prol da vida e do meio ambiente.<\/p>\n\n\n\n<figure class=\"wp-block-gallery has-nested-images columns-default is-cropped wp-block-gallery-1 is-layout-flex wp-block-gallery-is-layout-flex\">\n<figure class=\"wp-block-image size-large\"><a href=\"https:\/\/noticiasregionais.com.br\/wp-content\/uploads\/2025\/09\/WhatsApp-Image-2025-09-16-at-14.57.122.jpeg\"><img decoding=\"async\" width=\"1024\" height=\"819\" data-id=\"9865\" src=\"https:\/\/noticiasregionais.com.br\/wp-content\/uploads\/2025\/09\/WhatsApp-Image-2025-09-16-at-14.57.122-1024x819.jpeg\" alt=\"\" class=\"wp-image-9865\" srcset=\"https:\/\/noticiasregionais.com.br\/wp-content\/uploads\/2025\/09\/WhatsApp-Image-2025-09-16-at-14.57.122-1024x819.jpeg 1024w, https:\/\/noticiasregionais.com.br\/wp-content\/uploads\/2025\/09\/WhatsApp-Image-2025-09-16-at-14.57.122-300x240.jpeg 300w, https:\/\/noticiasregionais.com.br\/wp-content\/uploads\/2025\/09\/WhatsApp-Image-2025-09-16-at-14.57.122-768x614.jpeg 768w, https:\/\/noticiasregionais.com.br\/wp-content\/uploads\/2025\/09\/WhatsApp-Image-2025-09-16-at-14.57.122-1536x1228.jpeg 1536w, https:\/\/noticiasregionais.com.br\/wp-content\/uploads\/2025\/09\/WhatsApp-Image-2025-09-16-at-14.57.122.jpeg 1600w\" sizes=\"(max-width: 1024px) 100vw, 1024px\" \/><\/a><\/figure>\n\n\n\n<figure class=\"wp-block-image size-large\"><a href=\"https:\/\/noticiasregionais.com.br\/wp-content\/uploads\/2025\/09\/WhatsApp-Image-2025-09-16-at-14.57.121.jpeg\"><img decoding=\"async\" width=\"1024\" height=\"819\" data-id=\"9867\" src=\"https:\/\/noticiasregionais.com.br\/wp-content\/uploads\/2025\/09\/WhatsApp-Image-2025-09-16-at-14.57.121-1024x819.jpeg\" alt=\"\" class=\"wp-image-9867\" srcset=\"https:\/\/noticiasregionais.com.br\/wp-content\/uploads\/2025\/09\/WhatsApp-Image-2025-09-16-at-14.57.121-1024x819.jpeg 1024w, https:\/\/noticiasregionais.com.br\/wp-content\/uploads\/2025\/09\/WhatsApp-Image-2025-09-16-at-14.57.121-300x240.jpeg 300w, https:\/\/noticiasregionais.com.br\/wp-content\/uploads\/2025\/09\/WhatsApp-Image-2025-09-16-at-14.57.121-768x614.jpeg 768w, https:\/\/noticiasregionais.com.br\/wp-content\/uploads\/2025\/09\/WhatsApp-Image-2025-09-16-at-14.57.121-1536x1228.jpeg 1536w, https:\/\/noticiasregionais.com.br\/wp-content\/uploads\/2025\/09\/WhatsApp-Image-2025-09-16-at-14.57.121.jpeg 1600w\" sizes=\"(max-width: 1024px) 100vw, 1024px\" \/><\/a><\/figure>\n\n\n\n<figure class=\"wp-block-image size-large\"><a href=\"https:\/\/noticiasregionais.com.br\/wp-content\/uploads\/2025\/09\/WhatsApp-Image-2025-09-16-at-14.57.131.jpeg\"><img decoding=\"async\" width=\"1024\" height=\"819\" data-id=\"9863\" src=\"https:\/\/noticiasregionais.com.br\/wp-content\/uploads\/2025\/09\/WhatsApp-Image-2025-09-16-at-14.57.131-1024x819.jpeg\" alt=\"\" class=\"wp-image-9863\" srcset=\"https:\/\/noticiasregionais.com.br\/wp-content\/uploads\/2025\/09\/WhatsApp-Image-2025-09-16-at-14.57.131-1024x819.jpeg 1024w, https:\/\/noticiasregionais.com.br\/wp-content\/uploads\/2025\/09\/WhatsApp-Image-2025-09-16-at-14.57.131-300x240.jpeg 300w, https:\/\/noticiasregionais.com.br\/wp-content\/uploads\/2025\/09\/WhatsApp-Image-2025-09-16-at-14.57.131-768x614.jpeg 768w, https:\/\/noticiasregionais.com.br\/wp-content\/uploads\/2025\/09\/WhatsApp-Image-2025-09-16-at-14.57.131-1536x1228.jpeg 1536w, https:\/\/noticiasregionais.com.br\/wp-content\/uploads\/2025\/09\/WhatsApp-Image-2025-09-16-at-14.57.131.jpeg 1600w\" sizes=\"(max-width: 1024px) 100vw, 1024px\" \/><\/a><\/figure>\n\n\n\n<figure class=\"wp-block-image size-large\"><a href=\"https:\/\/noticiasregionais.com.br\/wp-content\/uploads\/2025\/09\/WhatsApp-Image-2025-09-16-at-14.57.13.jpeg\"><img decoding=\"async\" width=\"1024\" height=\"819\" data-id=\"9864\" src=\"https:\/\/noticiasregionais.com.br\/wp-content\/uploads\/2025\/09\/WhatsApp-Image-2025-09-16-at-14.57.13-1024x819.jpeg\" alt=\"\" class=\"wp-image-9864\" srcset=\"https:\/\/noticiasregionais.com.br\/wp-content\/uploads\/2025\/09\/WhatsApp-Image-2025-09-16-at-14.57.13-1024x819.jpeg 1024w, https:\/\/noticiasregionais.com.br\/wp-content\/uploads\/2025\/09\/WhatsApp-Image-2025-09-16-at-14.57.13-300x240.jpeg 300w, https:\/\/noticiasregionais.com.br\/wp-content\/uploads\/2025\/09\/WhatsApp-Image-2025-09-16-at-14.57.13-768x614.jpeg 768w, https:\/\/noticiasregionais.com.br\/wp-content\/uploads\/2025\/09\/WhatsApp-Image-2025-09-16-at-14.57.13-1536x1228.jpeg 1536w, https:\/\/noticiasregionais.com.br\/wp-content\/uploads\/2025\/09\/WhatsApp-Image-2025-09-16-at-14.57.13.jpeg 1600w\" sizes=\"(max-width: 1024px) 100vw, 1024px\" \/><\/a><\/figure>\n<\/figure>\n<input type=\"hidden\" id=\"baseurl\" value=\"https:\/\/noticiasregionais.com.br\"><input type=\"hidden\" id=\"audio_nonce\" value=\"533fbb67b1\">","protected":false},"excerpt":{"rendered":"<p>A Semana da \u00c1rvore 2025 come\u00e7ou em Ourinhos na \u00faltima segunda-feira (15) com o plantio simb\u00f3lico de mudas na Avenida&hellip;<\/p>\n","protected":false},"author":1,"featured_media":9866,"comment_status":"closed","ping_status":"open","sticky":false,"template":"","format":"standard","meta":{"sfsi_plus_gutenberg_text_before_share":"","sfsi_plus_gutenberg_show_text_before_share":"","sfsi_plus_gutenberg_icon_type":"","sfsi_plus_gutenberg_icon_alignemt":"","sfsi_plus_gutenburg_max_per_row":"","footnotes":""},"categories":[10,1,5],"tags":[],"class_list":["post-9862","post","type-post","status-publish","format-standard","has-post-thumbnail","hentry","category-destaques","category-noticias","category-ourinhos"],"_links":{"self":[{"href":"https:\/\/noticiasregionais.com.br\/index.php?rest_route=\/wp\/v2\/posts\/9862","targetHints":{"allow":["GET"]}}],"collection":[{"href":"https:\/\/noticiasregionais.com.br\/index.php?rest_route=\/wp\/v2\/posts"}],"about":[{"href":"https:\/\/noticiasregionais.com.br\/index.php?rest_route=\/wp\/v2\/types\/post"}],"author":[{"embeddable":true,"href":"https:\/\/noticiasregionais.com.br\/index.php?rest_route=\/wp\/v2\/users\/1"}],"replies":[{"embeddable":true,"href":"https:\/\/noticiasregionais.com.br\/index.php?rest_route=%2Fwp%2Fv2%2Fcomments&post=9862"}],"version-history":[{"count":1,"href":"https:\/\/noticiasregionais.com.br\/index.php?rest_route=\/wp\/v2\/posts\/9862\/revisions"}],"predecessor-version":[{"id":9868,"href":"https:\/\/noticiasregionais.com.br\/index.php?rest_route=\/wp\/v2\/posts\/9862\/revisions\/9868"}],"wp:featuredmedia":[{"embeddable":true,"href":"https:\/\/noticiasregionais.com.br\/index.php?rest_route=\/wp\/v2\/media\/9866"}],"wp:attachment":[{"href":"https:\/\/noticiasregionais.com.br\/index.php?rest_route=%2Fwp%2Fv2%2Fmedia&parent=9862"}],"wp:term":[{"taxonomy":"category","embeddable":true,"href":"https:\/\/noticiasregionais.com.br\/index.php?rest_route=%2Fwp%2Fv2%2Fcategories&post=9862"},{"taxonomy":"post_tag","embeddable":true,"href":"https:\/\/noticiasregionais.com.br\/index.php?rest_route=%2Fwp%2Fv2%2Ftags&post=9862"}],"curies":[{"name":"wp","href":"https:\/\/api.w.org\/{rel}","templated":true}]}}