{"id":987,"date":"2023-10-25T16:02:38","date_gmt":"2023-10-25T19:02:38","guid":{"rendered":"https:\/\/noticiasregionais.com.br\/?p=987"},"modified":"2023-10-25T16:02:40","modified_gmt":"2023-10-25T19:02:40","slug":"policia-militar-rodoviaria-prende-individuo-por-roubo-e-recupera-veiculos","status":"publish","type":"post","link":"https:\/\/noticiasregionais.com.br\/?p=987","title":{"rendered":"Pol\u00edcia Militar Rodovi\u00e1ria prende indiv\u00edduo por roubo e recupera ve\u00edculos"},"content":{"rendered":"\n<p>Durante a Opera\u00e7\u00e3o Impacto, realizada pelo 2\u00b0 Batalh\u00e3o de Pol\u00edcia Militar Rodovi\u00e1ria, um importante golpe contra o crime foi desferido. Os agentes receberam uma den\u00fancia crucial: uma carreta, v\u00edtima de roubo, estava estacionada pr\u00f3ximo ao Posto Palmital.<\/p>\n\n\n\n<p>Com a colabora\u00e7\u00e3o do Policiamento Territorial, a equipe se deslocou at\u00e9 o local, onde encontrou uma carreta SCANIA T112 e um semirreboque RANDON, com placas de Londrina e Sertan\u00f3polis\/PR, respectivamente. Os ve\u00edculos estavam estacionados no p\u00e1tio do posto, aguardando a a\u00e7\u00e3o das autoridades.<\/p>\n\n\n\n<p>O motorista, um homem de 39 anos de nacionalidade venezuelana, levantou suspeitas ao demonstrar nervosismo e oferecer respostas conflitantes sobre o itiner\u00e1rio da viagem e a natureza do frete. Alegou que fora contratado atrav\u00e9s de um aplicativo para sair de Guarulhos\/SP e carregar uma carga, cujo conte\u00fado n\u00e3o estava definido, em Amamba\u00ed\/MS.<\/p>\n\n\n\n<p>Diante desse cen\u00e1rio, os policiais fizeram contato telef\u00f4nico com o verdadeiro propriet\u00e1rio dos ve\u00edculos, que havia acabado de registrar um Boletim de Ocorr\u00eancia pelo roubo. O contratante original do motorista n\u00e3o podia ser encontrado at\u00e9 aquele momento.<\/p>\n\n\n\n<p>Diante da evid\u00eancia clara de um crime em andamento, a ocorr\u00eancia foi encaminhada para o Departamento de Pol\u00edcia de Palmital\/SP.<\/p>\n\n\n\n<p>O desfecho dessa opera\u00e7\u00e3o foi marcado pela pris\u00e3o em flagrante do indiv\u00edduo, acusado de roubo, que agora aguarda seu destino na cadeia p\u00fablica de Lut\u00e9cia\/SP. Al\u00e9m disso, os dois ve\u00edculos foram apreendidos e ser\u00e3o posteriormente restitu\u00eddos ao leg\u00edtimo propriet\u00e1rio.<\/p>\n\n\n\n<p>Com a a\u00e7\u00e3o incisiva da Pol\u00edcia Militar Rodovi\u00e1ria, reafirmamos o compromisso de seguran\u00e7a com a popula\u00e7\u00e3o. Sob a consigna &#8220;POL\u00cdCIA MILITAR! VAMOS TODOS JUNTOS! NINGU\u00c9M FICA PARA TR\u00c1S!&#8221;, seguimos na miss\u00e3o de combater a criminalidade e manter a ordem nas estradas do nosso pa\u00eds.<\/p>\n<input type=\"hidden\" id=\"baseurl\" value=\"https:\/\/noticiasregionais.com.br\"><input type=\"hidden\" id=\"audio_nonce\" value=\"3cdc555a10\">","protected":false},"excerpt":{"rendered":"<p>Durante a Opera\u00e7\u00e3o Impacto, realizada pelo 2\u00b0 Batalh\u00e3o de Pol\u00edcia Militar Rodovi\u00e1ria, um importante golpe contra o crime foi desferido.&hellip;<\/p>\n","protected":false},"author":1,"featured_media":988,"comment_status":"closed","ping_status":"open","sticky":false,"template":"","format":"standard","meta":{"sfsi_plus_gutenberg_text_before_share":"","sfsi_plus_gutenberg_show_text_before_share":"","sfsi_plus_gutenberg_icon_type":"","sfsi_plus_gutenberg_icon_alignemt":"","sfsi_plus_gutenburg_max_per_row":"","footnotes":""},"categories":[6,12,1],"tags":[],"class_list":["post-987","post","type-post","status-publish","format-standard","has-post-thumbnail","hentry","category-sao_paulo","category-capa","category-noticias"],"_links":{"self":[{"href":"https:\/\/noticiasregionais.com.br\/index.php?rest_route=\/wp\/v2\/posts\/987","targetHints":{"allow":["GET"]}}],"collection":[{"href":"https:\/\/noticiasregionais.com.br\/index.php?rest_route=\/wp\/v2\/posts"}],"about":[{"href":"https:\/\/noticiasregionais.com.br\/index.php?rest_route=\/wp\/v2\/types\/post"}],"author":[{"embeddable":true,"href":"https:\/\/noticiasregionais.com.br\/index.php?rest_route=\/wp\/v2\/users\/1"}],"replies":[{"embeddable":true,"href":"https:\/\/noticiasregionais.com.br\/index.php?rest_route=%2Fwp%2Fv2%2Fcomments&post=987"}],"version-history":[{"count":1,"href":"https:\/\/noticiasregionais.com.br\/index.php?rest_route=\/wp\/v2\/posts\/987\/revisions"}],"predecessor-version":[{"id":989,"href":"https:\/\/noticiasregionais.com.br\/index.php?rest_route=\/wp\/v2\/posts\/987\/revisions\/989"}],"wp:featuredmedia":[{"embeddable":true,"href":"https:\/\/noticiasregionais.com.br\/index.php?rest_route=\/wp\/v2\/media\/988"}],"wp:attachment":[{"href":"https:\/\/noticiasregionais.com.br\/index.php?rest_route=%2Fwp%2Fv2%2Fmedia&parent=987"}],"wp:term":[{"taxonomy":"category","embeddable":true,"href":"https:\/\/noticiasregionais.com.br\/index.php?rest_route=%2Fwp%2Fv2%2Fcategories&post=987"},{"taxonomy":"post_tag","embeddable":true,"href":"https:\/\/noticiasregionais.com.br\/index.php?rest_route=%2Fwp%2Fv2%2Ftags&post=987"}],"curies":[{"name":"wp","href":"https:\/\/api.w.org\/{rel}","templated":true}]}}