{"id":9878,"date":"2025-09-19T04:45:00","date_gmt":"2025-09-19T07:45:00","guid":{"rendered":"https:\/\/noticiasregionais.com.br\/?p=9878"},"modified":"2025-09-19T04:45:00","modified_gmt":"2025-09-19T07:45:00","slug":"fecoimp-maior-feira-multissetorial-e-de-negocios-do-maranhao-fortalece-desenvolvimento-regional","status":"publish","type":"post","link":"https:\/\/noticiasregionais.com.br\/?p=9878","title":{"rendered":"Fecoimp: maior feira multissetorial e de neg\u00f3cios do Maranh\u00e3o fortalece desenvolvimento regional"},"content":{"rendered":"<p>\t\t\t\t\t\t\t\t\t\t<audio controls class=\"b61_audio_player\" data-noticia=\"84700\" src=\"https:\/\/brasil61.com\/rails\/active_storage\/blobs\/eyJfcmFpbHMiOnsibWVzc2FnZSI6IkJBaHBBK2FjQXc9PSIsImV4cCI6bnVsbCwicHVyIjoiYmxvYl9pZCJ9fQ==--68b9d2c2582de90ccdfaf08eb84c030952a0f998\/BASA250094A\"><\/audio><\/p>\n<p>\u00a0<\/p>\n<\/p>\n<p>O <strong>maior evento multissetorial de neg\u00f3cios do Norte e Nordeste acontece at\u00e9 20 de setembro, no Centro de Conven\u00e7\u00f5es de Imperatriz, no Maranh\u00e3o<\/strong>. A 23\u00aa edi\u00e7\u00e3o 2025 da <a href=\"https:\/\/fecoimp.com.br\/\" target=\"_blank\" rel=\"noopener\">Feira do Com\u00e9rcio, Ind\u00fastria e Servi\u00e7os de Imperatriz (Fecoimp)<\/a> oferece um ambiente estrat\u00e9gico para impulsionar oportunidades, parcerias e neg\u00f3cios na regi\u00e3o.<\/p>\n<p>Neste ano, a feira tem como tema \u201c<strong>O Neg\u00f3cio \u00e9 Gente<\/strong>\u201d e conta com o<strong> patroc\u00ednio do Banco da Amaz\u00f4nia<\/strong>. A parceria refor\u00e7a o papel da Fecoimp ao reunir empresas, empreendedores e profissionais, al\u00e9m de destacar o compromisso da institui\u00e7\u00e3o financeira com o desenvolvimento econ\u00f4mico da regi\u00e3o.<\/p>\n<p>O gerente geral do Banco da Amaz\u00f4nia, Luciano Rocha Ferreira, <strong>ressalta o potencial da participa\u00e7\u00e3o do banco<\/strong>: \u201cO Banco da Amaz\u00f4nia ser\u00e1 um dos grandes destaques da\u00a0\u00a0Fecoimp 2025. Como patrocinador, estaremos com estande exclusivo para apresentar solu\u00e7\u00f5es estrat\u00e9gicas para o segmento empresarial. A Fecoimp ser\u00e1 um momento ideal para a gera\u00e7\u00e3o de neg\u00f3cios, fortalecer parcerias e refor\u00e7ar o nosso compromisso com o desenvolvimento sustent\u00e1vel e o crescimento econ\u00f4mico da regi\u00e3o\u201d, afirma.<\/p>\n<p>Segundo a organiza\u00e7\u00e3o, o tema desta edi\u00e7\u00e3o refor\u00e7a a import\u00e2ncia das rela\u00e7\u00f5es humanas para o crescimento sustent\u00e1vel dos neg\u00f3cios. <strong>A p\u00e1gina oficial da feira tamb\u00e9m destaca o impacto econ\u00f4mico: desde 2017, Imperatriz apresentou crescimento significativo, com o PIB passando de R$ 6,6 bilh\u00f5es para R$ 7,6 bilh\u00f5es.<\/strong><\/p>\n<p>De acordo com a publica\u00e7\u00e3o, \u201ca Fecoimp tem papel fundamental nesse avan\u00e7o, promovendo a integra\u00e7\u00e3o entre empresas, universidades e institui\u00e7\u00f5es de pesquisa, estimulando a inova\u00e7\u00e3o e fortalecendo o setor produtivo\u201d.<\/p>\n<p>A expectativa \u00e9 de que cerca de 35 mil pessoas visitem a feira este ano. O evento disp\u00f5e de 300 estandes ocupados por aproximadamente 200 expositores de produtos e servi\u00e7os.<\/p>\n<h2>Programa\u00e7\u00e3o<\/h2>\n<p><strong>A programa\u00e7\u00e3o segue at\u00e9 s\u00e1bado, 20 de setembro<\/strong>. Os encontros de neg\u00f3cios ocorrem na quinta-feira (18), \u00e0s 14h. J\u00e1 as rodadas de neg\u00f3cios ser\u00e3o realizadas na sexta-feira (19), tamb\u00e9m \u00e0s 14h, no mezanino do Centro de Conven\u00e7\u00f5es.<\/p>\n<p>No dia 18, est\u00e3o previstas palestras sobre diversos temas, como intelig\u00eancia emocional, Pix, intelig\u00eancia artificial estrat\u00e9gica para neg\u00f3cios, educa\u00e7\u00e3o financeira e cr\u00e9dito empresarial, entre outros.<\/p>\n<p>Confira a programa\u00e7\u00e3o completa <a href=\"https:\/\/fecoimp.com.br\/cursos-e-palestras\/\" target=\"_blank\" rel=\"noopener\">aqui<\/a>.<\/p>\n<h2>Como participar\u00a0<\/h2>\n<p>A <a href=\"https:\/\/www.aciima.com.br\/\" target=\"_blank\" rel=\"noopener\">Associa\u00e7\u00e3o Comercial, Industrial e Servi\u00e7os de Imperatriz (ACII)<\/a>, uma das organizadoras do evento, tem realizado as inscri\u00e7\u00f5es de forma online e gratuita. Os interessados devem acessar o site oficial da <a href=\"https:\/\/fecoimp.com.br\/\" target=\"_blank\" rel=\"noopener\">Fecoimp<\/a> na aba \u201cCredenciamento\u201d.<\/p>\n<p>A entrada gratuita deve ser garantida por expositores, visitantes, imprensa, patrocinadores e apoiadores.<\/p>\n<p>\t\t\t\t\t\t\t\t\t<img decoding=\"async\" src=\"https:\/\/brasil61.com\/api\/v1\/serve_pixel\/22254\/84700\" alt=\"Pixel Brasil 61\" class=\"b61_pixel\" width=\"0\" height=\"0\"><\/p>\n<div class=\"br61_backlink\">\n<p>\n\t\t\t\tFonte: <a href=\"https:\/\/brasil61.com\/fecoimp-maior-feira-multissetorial-e-de-negocios-do-maranhao-fortalece-desenvolvimento-regional-basa250094\" title=\"Artigo Original: Fecoimp: maior feira multissetorial e de neg\u00f3cios do Maranh\u00e3o fortalece desenvolvimento regional\" target=\"_blank\" rel=\"noopener\">Brasil 61<\/a>\n\t\t\t<\/p>\n<\/p><\/div>\n<input type=\"hidden\" id=\"baseurl\" value=\"https:\/\/noticiasregionais.com.br\"><input type=\"hidden\" id=\"audio_nonce\" value=\"533fbb67b1\">","protected":false},"excerpt":{"rendered":"<p>Evento vai at\u00e9 20 de setembro e re\u00fane empresas, empreendedores e profissionais; Banco da Amaz\u00f4nia patrocina a edi\u00e7\u00e3o e apresenta solu\u00e7\u00f5es para o setor empresarial <\/p>\n","protected":false},"author":1,"featured_media":9879,"comment_status":"","ping_status":"open","sticky":false,"template":"","format":"standard","meta":{"sfsi_plus_gutenberg_text_before_share":"","sfsi_plus_gutenberg_show_text_before_share":"","sfsi_plus_gutenberg_icon_type":"","sfsi_plus_gutenberg_icon_alignemt":"","sfsi_plus_gutenburg_max_per_row":"","footnotes":""},"categories":[8],"tags":[],"class_list":["post-9878","post","type-post","status-publish","format-standard","has-post-thumbnail","hentry","category-brasil"],"_links":{"self":[{"href":"https:\/\/noticiasregionais.com.br\/index.php?rest_route=\/wp\/v2\/posts\/9878","targetHints":{"allow":["GET"]}}],"collection":[{"href":"https:\/\/noticiasregionais.com.br\/index.php?rest_route=\/wp\/v2\/posts"}],"about":[{"href":"https:\/\/noticiasregionais.com.br\/index.php?rest_route=\/wp\/v2\/types\/post"}],"author":[{"embeddable":true,"href":"https:\/\/noticiasregionais.com.br\/index.php?rest_route=\/wp\/v2\/users\/1"}],"replies":[{"embeddable":true,"href":"https:\/\/noticiasregionais.com.br\/index.php?rest_route=%2Fwp%2Fv2%2Fcomments&post=9878"}],"version-history":[{"count":0,"href":"https:\/\/noticiasregionais.com.br\/index.php?rest_route=\/wp\/v2\/posts\/9878\/revisions"}],"wp:featuredmedia":[{"embeddable":true,"href":"https:\/\/noticiasregionais.com.br\/index.php?rest_route=\/wp\/v2\/media\/9879"}],"wp:attachment":[{"href":"https:\/\/noticiasregionais.com.br\/index.php?rest_route=%2Fwp%2Fv2%2Fmedia&parent=9878"}],"wp:term":[{"taxonomy":"category","embeddable":true,"href":"https:\/\/noticiasregionais.com.br\/index.php?rest_route=%2Fwp%2Fv2%2Fcategories&post=9878"},{"taxonomy":"post_tag","embeddable":true,"href":"https:\/\/noticiasregionais.com.br\/index.php?rest_route=%2Fwp%2Fv2%2Ftags&post=9878"}],"curies":[{"name":"wp","href":"https:\/\/api.w.org\/{rel}","templated":true}]}}