{"id":9886,"date":"2025-09-19T04:35:00","date_gmt":"2025-09-19T07:35:00","guid":{"rendered":"https:\/\/noticiasregionais.com.br\/?p=9886"},"modified":"2025-09-19T04:35:00","modified_gmt":"2025-09-19T07:35:00","slug":"piso-salarial-da-enfermagem-stf-comeca-votar-constitucionalidade-da-lei-nesta-sexta","status":"publish","type":"post","link":"https:\/\/noticiasregionais.com.br\/?p=9886","title":{"rendered":"Piso salarial da enfermagem: STF come\u00e7a votar constitucionalidade da lei nesta sexta"},"content":{"rendered":"<p>\t\t\t\t\t\t\t\t\t\t<audio controls class=\"b61_audio_player\" data-noticia=\"84698\" src=\"https:\/\/brasil61.com\/rails\/active_storage\/blobs\/eyJfcmFpbHMiOnsibWVzc2FnZSI6IkJBaHBBK3FjQXc9PSIsImV4cCI6bnVsbCwicHVyIjoiYmxvYl9pZCJ9fQ==--af9d837dc821bde3fbc49039d2a8cbdf8ab16164\/BRAS2514747A\"><\/audio><\/p>\n<p>O futuro do <strong>piso salarial da enfermagem <\/strong>come\u00e7a uma nova etapa nesta sexta-feira (19). At\u00e9 o dia 26 de setembro, o <a href=\"https:\/\/portal.stf.jus.br\/\" target=\"_blank\" rel=\"noopener\"><strong>Supremo Tribunal Federal (STF)<\/strong><\/a> vai votar o m\u00e9rito da <a href=\"https:\/\/portal.stf.jus.br\/processos\/detalhe.asp?incidente=6455667\" target=\"_blank\" rel=\"noopener\">A\u00e7\u00e3o Direta de Inconstitucionalidade (ADI) 7222<\/a> \u2013 que trata do pagamento nacional da categoria. <strong>Os ministros devem decidir, de forma definitiva, a constitucionalidade do piso salarial da enfermagem no pa\u00eds.<\/strong><\/p>\n<p>A especialista em direito m\u00e9dico e da sa\u00fade e <strong>presidente da Comiss\u00e3o de Direito M\u00e9dico da <a href=\"https:\/\/oabrj.org.br\/\" target=\"_blank\" rel=\"noopener\">OAB\/RJ<\/a>, Carolina Mynssen<\/strong>, explica que, <strong>na pr\u00e1tica,<\/strong> <strong>a vota\u00e7\u00e3o vai implicar na derrubada ou n\u00e3o da suspens\u00e3o da lei que trata do tema, a <a href=\"https:\/\/www.planalto.gov.br\/ccivil_03\/_ato2019-2022\/2022\/lei\/l14434.htm\" target=\"_blank\" rel=\"noopener\">Lei 14.434\/2022<\/a>.<\/strong><\/p>\n<p>\u201cSe terminado o julgamento e a a\u00e7\u00e3o direta for julgada como constitucional, a suspens\u00e3o vai cair, porque o que aconteceu foi que a lei foi sancionada e logo depois foi suspensa, porque a <strong>Confedera\u00e7\u00e3o Nacional de Sa\u00fade <\/strong>entrou com a\u00e7\u00e3o no STF questionando a constitucionalidade da lei, porque em tese, essa lei quando sancionada\u00a0n\u00e3o previa a fonte de custeio para pagamento desse piso. Ent\u00e3o, na pr\u00e1tica, agora \u00e9 a decis\u00e3o se essa lei vai valer ou n\u00e3o valer\u201d, aponta.<\/p>\n<p>Em nota, o <strong>Conselho Regional de Enfermagem de Minas Gerais (<a href=\"https:\/\/www.corenmg.gov.br\/\" target=\"_blank\" rel=\"noopener\">Coren-MG<\/a>)<\/strong> afirmou que a <strong>expectativa \u00e9 a de que os ministros confirmem a decis\u00e3o liminar que assegura o pagamento do piso aos profissionais em todo o Brasil<\/strong>. No entanto, o \u00f3rg\u00e3o refor\u00e7ou que a liminar ainda n\u00e3o atende todas as reivindica\u00e7\u00f5es da Enfermagem, especialmente em rela\u00e7\u00e3o \u00e0 carga hor\u00e1ria e ao reajuste anual.<\/p>\n<p>Segundo Carolina\u00a0Mynssen, com a suspens\u00e3o da lei, as reivindica\u00e7\u00f5es continuam em aberto \u2013 n\u00e3o tendo sido atendidas. \u201c\u00c9 claro que com a san\u00e7\u00e3o da lei, que apontou a fonte de custeio para o piso da enfermagem, o projeto dessa pol\u00edtica p\u00fablica de valoriza\u00e7\u00e3o dessa categoria da sa\u00fade continua, mas o fato \u00e9 que enquanto n\u00e3o houver o julgamento e efetivamente a declara\u00e7\u00e3o de constitucionalidade dessa lei, muitas reivindica\u00e7\u00f5es n\u00e3o v\u00e3o ser atendidas, v\u00e3o ficar frustradas por conta dessa suspens\u00e3o.\u201d<\/p>\n<p>A especialista afirma, ainda, que at\u00e9 a proclama\u00e7\u00e3o do resultado do julgamento pode haver modifica\u00e7\u00e3o de voto e altera\u00e7\u00f5es no documento.<\/p>\n<p><strong>O julgamento no STF ocorrer\u00e1 de forma virtual. <\/strong>A primeira sess\u00e3o est\u00e1 agendada para \u00e0s 11h desta sexta, conforme o portal oficial o Supremo.<\/p>\n<h2>O que diz o Cofen<\/h2>\n<p>Na \u00faltima ter\u00e7a-feira (16), o <a href=\"https:\/\/www.cofen.gov.br\/\" target=\"_blank\" rel=\"noopener\"><strong>Conselho Federal de Enfermagem (Cofen) <\/strong><\/a>protocolou um <a href=\"https:\/\/www.cofen.gov.br\/wp-content\/uploads\/2025\/09\/Memorial-ADI-7222-RETIFICADO.pdf\" target=\"_blank\" rel=\"noopener\">memorial <\/a>para pedir ao STF que a constitucionalidade da <strong>Lei 14.434\/2022 <\/strong>seja reconhecida e que \u201csejam afastadas todas as interpreta\u00e7\u00f5es n\u00e3o previstas pelo legislador\u201d.<\/p>\n<p><strong>O Cofen j\u00e1 apresentou posi\u00e7\u00e3o contr\u00e1ria \u00e0 interpreta\u00e7\u00e3o do piso que consta no ac\u00f3rd\u00e3o que est\u00e1 em vigor.\u00a0<\/strong><\/p>\n<p>O <strong>presidente do Cofen, Manoel Neri, destaca a import\u00e2ncia da garantia do direito para os profissionais de sa\u00fade e refor\u00e7a o posicionamento da institui\u00e7\u00e3o<\/strong>. \u201cO piso salarial \u00e9 um direito constitucional adquirido pelos profissionais de enfermagem aprovados pelo Parlamento brasileiro.\u201d<\/p>\n<p>\u201cE no julgamento do m\u00e9rito, o Cofen defende a reforma da decis\u00e3o anterior do Supremo Tribunal Federal, retirando as condicionantes que foram impostas pelo Supremo e que n\u00e3o est\u00e3o previstas na lei que aprovou o piso salarial, principalmente a quest\u00e3o do estabelecimento da jornada de 44 horas semanais para pagamento do piso salarial, o que levou a um rebaixamento do valor nominal do piso, tendo em vista que essa jornada n\u00e3o \u00e9 praticada por nenhum dos entes p\u00fablicos, at\u00e9 o setor privado, boa parte das institui\u00e7\u00f5es n\u00e3o praticam mais essa jornada de 44 horas semanais\u201d, completa.<\/p>\n<p><strong>Neri refor\u00e7a que a medida n\u00e3o possui v\u00edcio de constitucionalidade<\/strong>. \u201cN\u00f3s defendemos, nesse julgamento do m\u00e9rito, que essas condicionantes colocadas, que n\u00e3o t\u00eam previs\u00e3o legal, sejam reformadas, porque n\u00e3o h\u00e1 qualquer v\u00edcio de constitucionalidade, segundo a vis\u00e3o do Cofen e dos advogados que nos representam\u201d, pontua o presidente do Cofen.<\/p>\n<h2>Confira o que defende o Cofen no memorial:<\/h2>\n<ul>\n<li>Que seja firmado entendimento de que o piso salarial da enfermagem corresponde ao sal\u00e1rio-base, sobre o qual incidem vantagens, adicionais e gratifica\u00e7\u00f5es;<\/li>\n<li>Afastada a exig\u00eancia de negocia\u00e7\u00e3o coletiva pr\u00e9via como condi\u00e7\u00e3o de efic\u00e1cia da lei, assegurando-se a aplica\u00e7\u00e3o imediata do piso nacional em todo o territ\u00f3rio;\u00a0<\/li>\n<li>O piso da enfermagem deve ser aplicado na forma prevista em lei, sem proporcionalidade em rela\u00e7\u00e3o \u00e0 jornada de 44h semanais.\u00a0<\/li>\n<\/ul>\n<h2>Riscos e benef\u00edcios<\/h2>\n<p>A especialista Carolina Mynssen ressalta que se a expectativa do Coren-MG for confirmada e os ministros votarem pela constitucionalidade da lei, a categoria ser\u00e1 valorizada. \u201cSempre foi um pleito das pol\u00edticas p\u00fablicas no sentido de valoriza\u00e7\u00e3o dos profissionais da sa\u00fade. Ent\u00e3o, se houver essa confirma\u00e7\u00e3o e os ministros decidirem pela constitucionalidade da lei, sem sombra de d\u00favida essa a categoria vai se sentir e ser\u00e1 beneficiada.\u201d<\/p>\n<p>No cen\u00e1rio em que haja acordo para constitucionalidade da lei, Mynssen lembra que este ser\u00e1 apenas um passo \u2013 considerando que ainda existir\u00e3o dispositivos a serem tratados, como as quest\u00f5es que envolvem a fonte de custeio.<\/p>\n<p>\u201cAs quest\u00f5es executivas efetivamente v\u00e3o continuar sendo alguns pontos complexos que v\u00e3o variar sobre a arrecada\u00e7\u00e3o. Inclusive j\u00e1 houve a san\u00e7\u00e3o de lei espec\u00edfica sobre essa previs\u00e3o. Enfim, n\u00e3o vai terminar a discuss\u00e3o, por\u00e9m, vai garantir que o primeiro passo para essa categoria foi dado. Ent\u00e3o, se realmente houver a declara\u00e7\u00e3o de constitucionalidade dessa lei ser\u00e1 uma vit\u00f3ria para essa categoria\u201d, destaca Mynssen .<\/p>\n<p>Na avalia\u00e7\u00e3o dela, o piso ainda deve correr riscos relacionados \u00e0 fonte de custeio e \u00e0 aplicabilidade indevida. \u201cPor conta de todo esse hist\u00f3rico de muita inseguran\u00e7a, o piso, na minha opini\u00e3o, vai continuar correndo um risco sim de, na pr\u00e1tica, n\u00e3o ser devidamente aplicado. Mas isso a gente s\u00f3 vai ter a oportunidade de ver e de saber e de verificar, caso a lei seja declarada constitucional e efetivamente o piso seja aplicado\u201d, diz a especialista.<\/p>\n<p><u><strong>VEJA MAIS:<\/strong><\/u><\/p>\n<ul>\n<li><a href=\"https:\/\/brasil61.com\/n\/piso-da-enfermagem-estados-e-municipios-partilham-mais-de-r-802-9-milhoes-em-agosto-bras2514599\" target=\"_blank\" rel=\"noopener\">Piso da enfermagem: estados e munic\u00edpios partilham mais de R$ 802,9 milh\u00f5es, em agosto<\/a><br \/>\n\t\u00a0<\/li>\n<\/ul>\n<p>\t\t\t\t\t\t\t\t\t<img decoding=\"async\" src=\"https:\/\/brasil61.com\/api\/v1\/serve_pixel\/22254\/84698\" alt=\"Pixel Brasil 61\" class=\"b61_pixel\" width=\"0\" height=\"0\"><\/p>\n<div class=\"br61_backlink\">\n<p>\n\t\t\t\tFonte: <a href=\"https:\/\/brasil61.com\/piso-salarial-da-enfermagem-stf-comeca-votar-constitucionalidade-da-lei-nesta-sexta-bras2514747\" title=\"Artigo Original: Piso salarial da enfermagem: STF come\u00e7a votar constitucionalidade da lei nesta sexta\" target=\"_blank\" rel=\"noopener\">Brasil 61<\/a>\n\t\t\t<\/p>\n<\/p><\/div>\n<input type=\"hidden\" id=\"baseurl\" value=\"https:\/\/noticiasregionais.com.br\"><input type=\"hidden\" id=\"audio_nonce\" value=\"533fbb67b1\">","protected":false},"excerpt":{"rendered":"<p>Supremo Tribunal Federal agendou vota\u00e7\u00e3o do m\u00e9rito da A\u00e7\u00e3o Direta de Inconstitucionalidade (ADI) 7222 para per\u00edodo de 19 a 26 de setembro; decis\u00e3o vai determinar se lei vai ou n\u00e3o valer, diz especialista<\/p>\n","protected":false},"author":1,"featured_media":9887,"comment_status":"","ping_status":"open","sticky":false,"template":"","format":"standard","meta":{"sfsi_plus_gutenberg_text_before_share":"","sfsi_plus_gutenberg_show_text_before_share":"","sfsi_plus_gutenberg_icon_type":"","sfsi_plus_gutenberg_icon_alignemt":"","sfsi_plus_gutenburg_max_per_row":"","footnotes":""},"categories":[8],"tags":[],"class_list":["post-9886","post","type-post","status-publish","format-standard","has-post-thumbnail","hentry","category-brasil"],"_links":{"self":[{"href":"https:\/\/noticiasregionais.com.br\/index.php?rest_route=\/wp\/v2\/posts\/9886","targetHints":{"allow":["GET"]}}],"collection":[{"href":"https:\/\/noticiasregionais.com.br\/index.php?rest_route=\/wp\/v2\/posts"}],"about":[{"href":"https:\/\/noticiasregionais.com.br\/index.php?rest_route=\/wp\/v2\/types\/post"}],"author":[{"embeddable":true,"href":"https:\/\/noticiasregionais.com.br\/index.php?rest_route=\/wp\/v2\/users\/1"}],"replies":[{"embeddable":true,"href":"https:\/\/noticiasregionais.com.br\/index.php?rest_route=%2Fwp%2Fv2%2Fcomments&post=9886"}],"version-history":[{"count":0,"href":"https:\/\/noticiasregionais.com.br\/index.php?rest_route=\/wp\/v2\/posts\/9886\/revisions"}],"wp:featuredmedia":[{"embeddable":true,"href":"https:\/\/noticiasregionais.com.br\/index.php?rest_route=\/wp\/v2\/media\/9887"}],"wp:attachment":[{"href":"https:\/\/noticiasregionais.com.br\/index.php?rest_route=%2Fwp%2Fv2%2Fmedia&parent=9886"}],"wp:term":[{"taxonomy":"category","embeddable":true,"href":"https:\/\/noticiasregionais.com.br\/index.php?rest_route=%2Fwp%2Fv2%2Fcategories&post=9886"},{"taxonomy":"post_tag","embeddable":true,"href":"https:\/\/noticiasregionais.com.br\/index.php?rest_route=%2Fwp%2Fv2%2Ftags&post=9886"}],"curies":[{"name":"wp","href":"https:\/\/api.w.org\/{rel}","templated":true}]}}