{"id":9888,"date":"2025-09-19T07:35:51","date_gmt":"2025-09-19T10:35:51","guid":{"rendered":"https:\/\/noticiasregionais.com.br\/?p=9888"},"modified":"2025-09-22T08:05:31","modified_gmt":"2025-09-22T11:05:31","slug":"etec-ourinhos-promove-2a-semana-do-administrador-com-palestras-inspiradoras-e-depoimentos-de-ex-alunos","status":"publish","type":"post","link":"https:\/\/noticiasregionais.com.br\/?p=9888","title":{"rendered":"Etec Ourinhos promove 2\u00aa Semana do Administrador com palestras inspiradoras e depoimentos de ex-alunos"},"content":{"rendered":"\n<p>A Etec Jacinto Ferreira de S\u00e1, em Ourinhos, realizou entre os dias 8 e 11 de setembro a <strong>2\u00aa Semana do Administrador<\/strong>, evento que reuniu profissionais de diversas \u00e1reas para compartilhar experi\u00eancias, tend\u00eancias e desafios do mercado de trabalho.<br>Sob a coordena\u00e7\u00e3o da professora Celia Cristina Faria, as atividades aconteceram no Audit\u00f3rio 2 da escola, sempre \u00e0s 15h30, e contaram com grande participa\u00e7\u00e3o dos alunos dos cursos t\u00e9cnicos.<\/p>\n\n\n\n<p>A programa\u00e7\u00e3o trouxe temas fundamentais para a forma\u00e7\u00e3o dos futuros administradores. No dia <strong>08\/09<\/strong>, Daniel Bocarra de Lucca, do Instituto Carlos Daniel Human, abordou <em>\u201cO Impacto do L\u00edder\u201d<\/em>, mostrando como a lideran\u00e7a transforma pessoas e ambientes.<br>Em <strong>09\/09<\/strong>, foi a vez de Guilherme Pereira, diretor de marketing da DogChoni Ipaussu, falar sobre <em>\u201cA import\u00e2ncia do marketing para as empresas\u201d<\/em>.<br>J\u00e1 em <strong>10\/09<\/strong>, a advogada Dra. Giane Bueno, especialista em compliance trabalhista, destacou direitos e deveres no mercado de trabalho na palestra <em>\u201cTrajet\u00f3ria profissional, direitos e deveres no mercado de trabalho\u201d<\/em>.<br>Encerrando a semana, em <strong>11\/09<\/strong>, Everaldo Turcato, gerente de Log\u00edstica da Special Dog Company e ex-aluno da Etec, trouxe o tema <em>\u201cLog\u00edstica e seus desafios\u201d<\/em>, marcando um momento especial para a comunidade escolar.<\/p>\n\n\n\n<p>Turcato emocionou os presentes ao relembrar sua pr\u00f3pria trajet\u00f3ria. Ele cursou T\u00e9cnico em Mec\u00e2nica na unidade e destacou a import\u00e2ncia da forma\u00e7\u00e3o recebida:<\/p>\n\n\n\n<blockquote class=\"wp-block-quote is-layout-flow wp-block-quote-is-layout-flow\">\n<p>\u201cEstar de volta a esse lugar foi como revisitar minhas ra\u00edzes. Relembrar hist\u00f3rias, rever aprendizados e perceber o quanto cada etapa dessa jornada me trouxe at\u00e9 aqui. Nunca esque\u00e7a de onde voc\u00ea veio, pois s\u00e3o as ra\u00edzes que fortalecem cada conquista no caminho\u201d, afirmou.<\/p>\n<\/blockquote>\n\n\n\n<p>O evento refor\u00e7ou o compromisso da Etec em aproximar seus alunos do mercado de trabalho, oferecendo conte\u00fado de qualidade e exemplos reais de sucesso profissional. A Semana do Administrador mostrou que conhecimento, dedica\u00e7\u00e3o e boas refer\u00eancias s\u00e3o ferramentas essenciais para quem busca construir uma carreira s\u00f3lida.<\/p>\n\n\n\n<figure class=\"wp-block-gallery has-nested-images columns-6 is-cropped wp-block-gallery-1 is-layout-flex wp-block-gallery-is-layout-flex\">\n<figure class=\"wp-block-image size-large\"><a href=\"https:\/\/noticiasregionais.com.br\/wp-content\/uploads\/2025\/09\/WhatsApp-Image-2025-09-17-at-09.22.01-scaled.jpeg\"><img decoding=\"async\" width=\"1024\" height=\"768\" data-id=\"9901\" src=\"https:\/\/noticiasregionais.com.br\/wp-content\/uploads\/2025\/09\/WhatsApp-Image-2025-09-17-at-09.22.01-1024x768.jpeg\" alt=\"\" class=\"wp-image-9901\" srcset=\"https:\/\/noticiasregionais.com.br\/wp-content\/uploads\/2025\/09\/WhatsApp-Image-2025-09-17-at-09.22.01-1024x768.jpeg 1024w, https:\/\/noticiasregionais.com.br\/wp-content\/uploads\/2025\/09\/WhatsApp-Image-2025-09-17-at-09.22.01-300x225.jpeg 300w, https:\/\/noticiasregionais.com.br\/wp-content\/uploads\/2025\/09\/WhatsApp-Image-2025-09-17-at-09.22.01-768x576.jpeg 768w, https:\/\/noticiasregionais.com.br\/wp-content\/uploads\/2025\/09\/WhatsApp-Image-2025-09-17-at-09.22.01-1536x1152.jpeg 1536w, https:\/\/noticiasregionais.com.br\/wp-content\/uploads\/2025\/09\/WhatsApp-Image-2025-09-17-at-09.22.01-2048x1536.jpeg 2048w\" sizes=\"(max-width: 1024px) 100vw, 1024px\" \/><\/a><\/figure>\n\n\n\n<figure class=\"wp-block-image size-large\"><a href=\"https:\/\/noticiasregionais.com.br\/wp-content\/uploads\/2025\/09\/WhatsApp-Image-2025-09-17-at-09.22.02-scaled.jpeg\"><img decoding=\"async\" width=\"768\" height=\"1024\" data-id=\"9902\" src=\"https:\/\/noticiasregionais.com.br\/wp-content\/uploads\/2025\/09\/WhatsApp-Image-2025-09-17-at-09.22.02-768x1024.jpeg\" alt=\"\" class=\"wp-image-9902\" srcset=\"https:\/\/noticiasregionais.com.br\/wp-content\/uploads\/2025\/09\/WhatsApp-Image-2025-09-17-at-09.22.02-768x1024.jpeg 768w, https:\/\/noticiasregionais.com.br\/wp-content\/uploads\/2025\/09\/WhatsApp-Image-2025-09-17-at-09.22.02-225x300.jpeg 225w, https:\/\/noticiasregionais.com.br\/wp-content\/uploads\/2025\/09\/WhatsApp-Image-2025-09-17-at-09.22.02-1152x1536.jpeg 1152w, https:\/\/noticiasregionais.com.br\/wp-content\/uploads\/2025\/09\/WhatsApp-Image-2025-09-17-at-09.22.02-1536x2048.jpeg 1536w, https:\/\/noticiasregionais.com.br\/wp-content\/uploads\/2025\/09\/WhatsApp-Image-2025-09-17-at-09.22.02-scaled.jpeg 1920w\" sizes=\"(max-width: 768px) 100vw, 768px\" \/><\/a><\/figure>\n\n\n\n<figure class=\"wp-block-image size-large\"><a href=\"https:\/\/noticiasregionais.com.br\/wp-content\/uploads\/2025\/09\/WhatsApp-Image-2025-09-17-at-09.22.11-scaled.jpeg\"><img decoding=\"async\" width=\"768\" height=\"1024\" data-id=\"9903\" src=\"https:\/\/noticiasregionais.com.br\/wp-content\/uploads\/2025\/09\/WhatsApp-Image-2025-09-17-at-09.22.11-768x1024.jpeg\" alt=\"\" class=\"wp-image-9903\" srcset=\"https:\/\/noticiasregionais.com.br\/wp-content\/uploads\/2025\/09\/WhatsApp-Image-2025-09-17-at-09.22.11-768x1024.jpeg 768w, https:\/\/noticiasregionais.com.br\/wp-content\/uploads\/2025\/09\/WhatsApp-Image-2025-09-17-at-09.22.11-225x300.jpeg 225w, https:\/\/noticiasregionais.com.br\/wp-content\/uploads\/2025\/09\/WhatsApp-Image-2025-09-17-at-09.22.11-1152x1536.jpeg 1152w, https:\/\/noticiasregionais.com.br\/wp-content\/uploads\/2025\/09\/WhatsApp-Image-2025-09-17-at-09.22.11-1536x2048.jpeg 1536w, https:\/\/noticiasregionais.com.br\/wp-content\/uploads\/2025\/09\/WhatsApp-Image-2025-09-17-at-09.22.11-scaled.jpeg 1920w\" sizes=\"(max-width: 768px) 100vw, 768px\" \/><\/a><\/figure>\n\n\n\n<figure class=\"wp-block-image size-large\"><a href=\"https:\/\/noticiasregionais.com.br\/wp-content\/uploads\/2025\/09\/WhatsApp-Image-2025-09-17-at-09.22.13-1.jpeg\"><img decoding=\"async\" width=\"1024\" height=\"472\" data-id=\"9891\" src=\"https:\/\/noticiasregionais.com.br\/wp-content\/uploads\/2025\/09\/WhatsApp-Image-2025-09-17-at-09.22.13-1-1024x472.jpeg\" alt=\"\" class=\"wp-image-9891\" srcset=\"https:\/\/noticiasregionais.com.br\/wp-content\/uploads\/2025\/09\/WhatsApp-Image-2025-09-17-at-09.22.13-1-1024x472.jpeg 1024w, https:\/\/noticiasregionais.com.br\/wp-content\/uploads\/2025\/09\/WhatsApp-Image-2025-09-17-at-09.22.13-1-300x138.jpeg 300w, https:\/\/noticiasregionais.com.br\/wp-content\/uploads\/2025\/09\/WhatsApp-Image-2025-09-17-at-09.22.13-1-768x354.jpeg 768w, https:\/\/noticiasregionais.com.br\/wp-content\/uploads\/2025\/09\/WhatsApp-Image-2025-09-17-at-09.22.13-1-1536x708.jpeg 1536w, https:\/\/noticiasregionais.com.br\/wp-content\/uploads\/2025\/09\/WhatsApp-Image-2025-09-17-at-09.22.13-1.jpeg 1600w\" sizes=\"(max-width: 1024px) 100vw, 1024px\" \/><\/a><\/figure>\n\n\n\n<figure class=\"wp-block-image size-large\"><a href=\"https:\/\/noticiasregionais.com.br\/wp-content\/uploads\/2025\/09\/WhatsApp-Image-2025-09-17-at-09.22.13.jpeg\"><img decoding=\"async\" width=\"1024\" height=\"472\" data-id=\"9893\" src=\"https:\/\/noticiasregionais.com.br\/wp-content\/uploads\/2025\/09\/WhatsApp-Image-2025-09-17-at-09.22.13-1024x472.jpeg\" alt=\"\" class=\"wp-image-9893\" srcset=\"https:\/\/noticiasregionais.com.br\/wp-content\/uploads\/2025\/09\/WhatsApp-Image-2025-09-17-at-09.22.13-1024x472.jpeg 1024w, https:\/\/noticiasregionais.com.br\/wp-content\/uploads\/2025\/09\/WhatsApp-Image-2025-09-17-at-09.22.13-300x138.jpeg 300w, https:\/\/noticiasregionais.com.br\/wp-content\/uploads\/2025\/09\/WhatsApp-Image-2025-09-17-at-09.22.13-768x354.jpeg 768w, https:\/\/noticiasregionais.com.br\/wp-content\/uploads\/2025\/09\/WhatsApp-Image-2025-09-17-at-09.22.13-1536x708.jpeg 1536w, https:\/\/noticiasregionais.com.br\/wp-content\/uploads\/2025\/09\/WhatsApp-Image-2025-09-17-at-09.22.13.jpeg 1600w\" sizes=\"(max-width: 1024px) 100vw, 1024px\" \/><\/a><\/figure>\n\n\n\n<figure class=\"wp-block-image size-large\"><a href=\"https:\/\/noticiasregionais.com.br\/wp-content\/uploads\/2025\/09\/WhatsApp-Image-2025-09-17-at-09.22.14.jpeg\"><img decoding=\"async\" width=\"1024\" height=\"472\" data-id=\"9890\" src=\"https:\/\/noticiasregionais.com.br\/wp-content\/uploads\/2025\/09\/WhatsApp-Image-2025-09-17-at-09.22.14-1024x472.jpeg\" alt=\"\" class=\"wp-image-9890\" srcset=\"https:\/\/noticiasregionais.com.br\/wp-content\/uploads\/2025\/09\/WhatsApp-Image-2025-09-17-at-09.22.14-1024x472.jpeg 1024w, https:\/\/noticiasregionais.com.br\/wp-content\/uploads\/2025\/09\/WhatsApp-Image-2025-09-17-at-09.22.14-300x138.jpeg 300w, https:\/\/noticiasregionais.com.br\/wp-content\/uploads\/2025\/09\/WhatsApp-Image-2025-09-17-at-09.22.14-768x354.jpeg 768w, https:\/\/noticiasregionais.com.br\/wp-content\/uploads\/2025\/09\/WhatsApp-Image-2025-09-17-at-09.22.14-1536x708.jpeg 1536w, https:\/\/noticiasregionais.com.br\/wp-content\/uploads\/2025\/09\/WhatsApp-Image-2025-09-17-at-09.22.14.jpeg 1600w\" sizes=\"(max-width: 1024px) 100vw, 1024px\" \/><\/a><\/figure>\n\n\n\n<figure class=\"wp-block-image size-large\"><a href=\"https:\/\/noticiasregionais.com.br\/wp-content\/uploads\/2025\/09\/WhatsApp-Image-2025-09-17-at-09.22.16.jpeg\"><img decoding=\"async\" width=\"1024\" height=\"472\" data-id=\"9897\" src=\"https:\/\/noticiasregionais.com.br\/wp-content\/uploads\/2025\/09\/WhatsApp-Image-2025-09-17-at-09.22.16-1024x472.jpeg\" alt=\"\" class=\"wp-image-9897\" srcset=\"https:\/\/noticiasregionais.com.br\/wp-content\/uploads\/2025\/09\/WhatsApp-Image-2025-09-17-at-09.22.16-1024x472.jpeg 1024w, https:\/\/noticiasregionais.com.br\/wp-content\/uploads\/2025\/09\/WhatsApp-Image-2025-09-17-at-09.22.16-300x138.jpeg 300w, https:\/\/noticiasregionais.com.br\/wp-content\/uploads\/2025\/09\/WhatsApp-Image-2025-09-17-at-09.22.16-768x354.jpeg 768w, https:\/\/noticiasregionais.com.br\/wp-content\/uploads\/2025\/09\/WhatsApp-Image-2025-09-17-at-09.22.16-1536x708.jpeg 1536w, https:\/\/noticiasregionais.com.br\/wp-content\/uploads\/2025\/09\/WhatsApp-Image-2025-09-17-at-09.22.16.jpeg 1600w\" sizes=\"(max-width: 1024px) 100vw, 1024px\" \/><\/a><\/figure>\n\n\n\n<figure class=\"wp-block-image size-large\"><a href=\"https:\/\/noticiasregionais.com.br\/wp-content\/uploads\/2025\/09\/WhatsApp-Image-2025-09-17-at-09.23.37.jpeg\"><img decoding=\"async\" width=\"1024\" height=\"576\" data-id=\"9889\" src=\"https:\/\/noticiasregionais.com.br\/wp-content\/uploads\/2025\/09\/WhatsApp-Image-2025-09-17-at-09.23.37-1024x576.jpeg\" alt=\"\" class=\"wp-image-9889\" srcset=\"https:\/\/noticiasregionais.com.br\/wp-content\/uploads\/2025\/09\/WhatsApp-Image-2025-09-17-at-09.23.37-1024x576.jpeg 1024w, https:\/\/noticiasregionais.com.br\/wp-content\/uploads\/2025\/09\/WhatsApp-Image-2025-09-17-at-09.23.37-300x169.jpeg 300w, https:\/\/noticiasregionais.com.br\/wp-content\/uploads\/2025\/09\/WhatsApp-Image-2025-09-17-at-09.23.37-768x432.jpeg 768w, https:\/\/noticiasregionais.com.br\/wp-content\/uploads\/2025\/09\/WhatsApp-Image-2025-09-17-at-09.23.37-1536x864.jpeg 1536w, https:\/\/noticiasregionais.com.br\/wp-content\/uploads\/2025\/09\/WhatsApp-Image-2025-09-17-at-09.23.37.jpeg 1599w\" sizes=\"(max-width: 1024px) 100vw, 1024px\" \/><\/a><\/figure>\n\n\n\n<figure class=\"wp-block-image size-large\"><a href=\"https:\/\/noticiasregionais.com.br\/wp-content\/uploads\/2025\/09\/WhatsApp-Image-2025-09-17-at-09.24.05.jpeg\"><img decoding=\"async\" width=\"473\" height=\"1024\" data-id=\"9896\" src=\"https:\/\/noticiasregionais.com.br\/wp-content\/uploads\/2025\/09\/WhatsApp-Image-2025-09-17-at-09.24.05-473x1024.jpeg\" alt=\"\" class=\"wp-image-9896\" srcset=\"https:\/\/noticiasregionais.com.br\/wp-content\/uploads\/2025\/09\/WhatsApp-Image-2025-09-17-at-09.24.05-473x1024.jpeg 473w, https:\/\/noticiasregionais.com.br\/wp-content\/uploads\/2025\/09\/WhatsApp-Image-2025-09-17-at-09.24.05-139x300.jpeg 139w, https:\/\/noticiasregionais.com.br\/wp-content\/uploads\/2025\/09\/WhatsApp-Image-2025-09-17-at-09.24.05.jpeg 591w\" sizes=\"(max-width: 473px) 100vw, 473px\" \/><\/a><\/figure>\n\n\n\n<figure class=\"wp-block-image size-large\"><a href=\"https:\/\/noticiasregionais.com.br\/wp-content\/uploads\/2025\/09\/WhatsApp-Image-2025-09-17-at-09.24.06.jpeg\"><img decoding=\"async\" width=\"1024\" height=\"473\" data-id=\"9892\" src=\"https:\/\/noticiasregionais.com.br\/wp-content\/uploads\/2025\/09\/WhatsApp-Image-2025-09-17-at-09.24.06-1024x473.jpeg\" alt=\"\" class=\"wp-image-9892\" srcset=\"https:\/\/noticiasregionais.com.br\/wp-content\/uploads\/2025\/09\/WhatsApp-Image-2025-09-17-at-09.24.06-1024x473.jpeg 1024w, https:\/\/noticiasregionais.com.br\/wp-content\/uploads\/2025\/09\/WhatsApp-Image-2025-09-17-at-09.24.06-300x139.jpeg 300w, https:\/\/noticiasregionais.com.br\/wp-content\/uploads\/2025\/09\/WhatsApp-Image-2025-09-17-at-09.24.06-768x355.jpeg 768w, https:\/\/noticiasregionais.com.br\/wp-content\/uploads\/2025\/09\/WhatsApp-Image-2025-09-17-at-09.24.06.jpeg 1280w\" sizes=\"(max-width: 1024px) 100vw, 1024px\" \/><\/a><\/figure>\n\n\n\n<figure class=\"wp-block-image size-large\"><a href=\"https:\/\/noticiasregionais.com.br\/wp-content\/uploads\/2025\/09\/WhatsApp-Image-2025-09-17-at-09.27.39-1.jpeg\"><img decoding=\"async\" width=\"472\" height=\"1024\" data-id=\"9894\" src=\"https:\/\/noticiasregionais.com.br\/wp-content\/uploads\/2025\/09\/WhatsApp-Image-2025-09-17-at-09.27.39-1-472x1024.jpeg\" alt=\"\" class=\"wp-image-9894\" srcset=\"https:\/\/noticiasregionais.com.br\/wp-content\/uploads\/2025\/09\/WhatsApp-Image-2025-09-17-at-09.27.39-1-472x1024.jpeg 472w, https:\/\/noticiasregionais.com.br\/wp-content\/uploads\/2025\/09\/WhatsApp-Image-2025-09-17-at-09.27.39-1-138x300.jpeg 138w, https:\/\/noticiasregionais.com.br\/wp-content\/uploads\/2025\/09\/WhatsApp-Image-2025-09-17-at-09.27.39-1-708x1536.jpeg 708w, https:\/\/noticiasregionais.com.br\/wp-content\/uploads\/2025\/09\/WhatsApp-Image-2025-09-17-at-09.27.39-1.jpeg 738w\" sizes=\"(max-width: 472px) 100vw, 472px\" \/><\/a><\/figure>\n\n\n\n<figure class=\"wp-block-image size-large\"><a href=\"https:\/\/noticiasregionais.com.br\/wp-content\/uploads\/2025\/09\/WhatsApp-Image-2025-09-17-at-09.27.39.jpeg\"><img decoding=\"async\" width=\"1024\" height=\"472\" data-id=\"9895\" src=\"https:\/\/noticiasregionais.com.br\/wp-content\/uploads\/2025\/09\/WhatsApp-Image-2025-09-17-at-09.27.39-1024x472.jpeg\" alt=\"\" class=\"wp-image-9895\" srcset=\"https:\/\/noticiasregionais.com.br\/wp-content\/uploads\/2025\/09\/WhatsApp-Image-2025-09-17-at-09.27.39-1024x472.jpeg 1024w, https:\/\/noticiasregionais.com.br\/wp-content\/uploads\/2025\/09\/WhatsApp-Image-2025-09-17-at-09.27.39-300x138.jpeg 300w, https:\/\/noticiasregionais.com.br\/wp-content\/uploads\/2025\/09\/WhatsApp-Image-2025-09-17-at-09.27.39-768x354.jpeg 768w, https:\/\/noticiasregionais.com.br\/wp-content\/uploads\/2025\/09\/WhatsApp-Image-2025-09-17-at-09.27.39-1536x708.jpeg 1536w, https:\/\/noticiasregionais.com.br\/wp-content\/uploads\/2025\/09\/WhatsApp-Image-2025-09-17-at-09.27.39.jpeg 1600w\" sizes=\"(max-width: 1024px) 100vw, 1024px\" \/><\/a><\/figure>\n\n\n\n<figure class=\"wp-block-image size-large\"><a href=\"https:\/\/noticiasregionais.com.br\/wp-content\/uploads\/2025\/09\/WhatsApp-Image-2025-09-17-at-09.27.40.jpeg\"><img decoding=\"async\" width=\"1024\" height=\"472\" data-id=\"9898\" src=\"https:\/\/noticiasregionais.com.br\/wp-content\/uploads\/2025\/09\/WhatsApp-Image-2025-09-17-at-09.27.40-1024x472.jpeg\" alt=\"\" class=\"wp-image-9898\" srcset=\"https:\/\/noticiasregionais.com.br\/wp-content\/uploads\/2025\/09\/WhatsApp-Image-2025-09-17-at-09.27.40-1024x472.jpeg 1024w, https:\/\/noticiasregionais.com.br\/wp-content\/uploads\/2025\/09\/WhatsApp-Image-2025-09-17-at-09.27.40-300x138.jpeg 300w, https:\/\/noticiasregionais.com.br\/wp-content\/uploads\/2025\/09\/WhatsApp-Image-2025-09-17-at-09.27.40-768x354.jpeg 768w, https:\/\/noticiasregionais.com.br\/wp-content\/uploads\/2025\/09\/WhatsApp-Image-2025-09-17-at-09.27.40-1536x708.jpeg 1536w, https:\/\/noticiasregionais.com.br\/wp-content\/uploads\/2025\/09\/WhatsApp-Image-2025-09-17-at-09.27.40.jpeg 1600w\" sizes=\"(max-width: 1024px) 100vw, 1024px\" \/><\/a><\/figure>\n\n\n\n<figure class=\"wp-block-image size-large\"><a href=\"https:\/\/noticiasregionais.com.br\/wp-content\/uploads\/2025\/09\/WhatsApp-Image-2025-09-17-at-09.30.52.jpeg\"><img decoding=\"async\" width=\"603\" height=\"1024\" data-id=\"9899\" src=\"https:\/\/noticiasregionais.com.br\/wp-content\/uploads\/2025\/09\/WhatsApp-Image-2025-09-17-at-09.30.52-603x1024.jpeg\" alt=\"\" class=\"wp-image-9899\" srcset=\"https:\/\/noticiasregionais.com.br\/wp-content\/uploads\/2025\/09\/WhatsApp-Image-2025-09-17-at-09.30.52-603x1024.jpeg 603w, https:\/\/noticiasregionais.com.br\/wp-content\/uploads\/2025\/09\/WhatsApp-Image-2025-09-17-at-09.30.52-177x300.jpeg 177w, https:\/\/noticiasregionais.com.br\/wp-content\/uploads\/2025\/09\/WhatsApp-Image-2025-09-17-at-09.30.52-768x1304.jpeg 768w, https:\/\/noticiasregionais.com.br\/wp-content\/uploads\/2025\/09\/WhatsApp-Image-2025-09-17-at-09.30.52-904x1536.jpeg 904w, https:\/\/noticiasregionais.com.br\/wp-content\/uploads\/2025\/09\/WhatsApp-Image-2025-09-17-at-09.30.52.jpeg 942w\" sizes=\"(max-width: 603px) 100vw, 603px\" \/><\/a><\/figure>\n\n\n\n<figure class=\"wp-block-image size-large\"><a href=\"https:\/\/noticiasregionais.com.br\/wp-content\/uploads\/2025\/09\/WhatsApp-Image-2025-09-17-at-09.31.36.jpeg\"><img decoding=\"async\" width=\"1024\" height=\"472\" data-id=\"9900\" src=\"https:\/\/noticiasregionais.com.br\/wp-content\/uploads\/2025\/09\/WhatsApp-Image-2025-09-17-at-09.31.36-1024x472.jpeg\" alt=\"\" class=\"wp-image-9900\" srcset=\"https:\/\/noticiasregionais.com.br\/wp-content\/uploads\/2025\/09\/WhatsApp-Image-2025-09-17-at-09.31.36-1024x472.jpeg 1024w, https:\/\/noticiasregionais.com.br\/wp-content\/uploads\/2025\/09\/WhatsApp-Image-2025-09-17-at-09.31.36-300x138.jpeg 300w, https:\/\/noticiasregionais.com.br\/wp-content\/uploads\/2025\/09\/WhatsApp-Image-2025-09-17-at-09.31.36-768x354.jpeg 768w, https:\/\/noticiasregionais.com.br\/wp-content\/uploads\/2025\/09\/WhatsApp-Image-2025-09-17-at-09.31.36-1536x708.jpeg 1536w, https:\/\/noticiasregionais.com.br\/wp-content\/uploads\/2025\/09\/WhatsApp-Image-2025-09-17-at-09.31.36.jpeg 1600w\" sizes=\"(max-width: 1024px) 100vw, 1024px\" \/><\/a><\/figure>\n<\/figure>\n<input type=\"hidden\" id=\"baseurl\" value=\"https:\/\/noticiasregionais.com.br\"><input type=\"hidden\" id=\"audio_nonce\" value=\"533fbb67b1\">","protected":false},"excerpt":{"rendered":"<p>A Etec Jacinto Ferreira de S\u00e1, em Ourinhos, realizou entre os dias 8 e 11 de setembro a 2\u00aa Semana&hellip;<\/p>\n","protected":false},"author":1,"featured_media":9904,"comment_status":"closed","ping_status":"open","sticky":false,"template":"","format":"standard","meta":{"sfsi_plus_gutenberg_text_before_share":"","sfsi_plus_gutenberg_show_text_before_share":"","sfsi_plus_gutenberg_icon_type":"","sfsi_plus_gutenberg_icon_alignemt":"","sfsi_plus_gutenburg_max_per_row":"","footnotes":""},"categories":[12,1,5],"tags":[16],"class_list":["post-9888","post","type-post","status-publish","format-standard","has-post-thumbnail","hentry","category-capa","category-noticias","category-ourinhos","tag-ourinhos"],"_links":{"self":[{"href":"https:\/\/noticiasregionais.com.br\/index.php?rest_route=\/wp\/v2\/posts\/9888","targetHints":{"allow":["GET"]}}],"collection":[{"href":"https:\/\/noticiasregionais.com.br\/index.php?rest_route=\/wp\/v2\/posts"}],"about":[{"href":"https:\/\/noticiasregionais.com.br\/index.php?rest_route=\/wp\/v2\/types\/post"}],"author":[{"embeddable":true,"href":"https:\/\/noticiasregionais.com.br\/index.php?rest_route=\/wp\/v2\/users\/1"}],"replies":[{"embeddable":true,"href":"https:\/\/noticiasregionais.com.br\/index.php?rest_route=%2Fwp%2Fv2%2Fcomments&post=9888"}],"version-history":[{"count":5,"href":"https:\/\/noticiasregionais.com.br\/index.php?rest_route=\/wp\/v2\/posts\/9888\/revisions"}],"predecessor-version":[{"id":9942,"href":"https:\/\/noticiasregionais.com.br\/index.php?rest_route=\/wp\/v2\/posts\/9888\/revisions\/9942"}],"wp:featuredmedia":[{"embeddable":true,"href":"https:\/\/noticiasregionais.com.br\/index.php?rest_route=\/wp\/v2\/media\/9904"}],"wp:attachment":[{"href":"https:\/\/noticiasregionais.com.br\/index.php?rest_route=%2Fwp%2Fv2%2Fmedia&parent=9888"}],"wp:term":[{"taxonomy":"category","embeddable":true,"href":"https:\/\/noticiasregionais.com.br\/index.php?rest_route=%2Fwp%2Fv2%2Fcategories&post=9888"},{"taxonomy":"post_tag","embeddable":true,"href":"https:\/\/noticiasregionais.com.br\/index.php?rest_route=%2Fwp%2Fv2%2Ftags&post=9888"}],"curies":[{"name":"wp","href":"https:\/\/api.w.org\/{rel}","templated":true}]}}