{"id":990,"date":"2023-10-25T16:11:20","date_gmt":"2023-10-25T19:11:20","guid":{"rendered":"https:\/\/noticiasregionais.com.br\/?p=990"},"modified":"2023-10-25T16:11:23","modified_gmt":"2023-10-25T19:11:23","slug":"operacao-k9-do-13o-baep-resulta-em-apreensao-de-drogas-na-vila-saul","status":"publish","type":"post","link":"https:\/\/noticiasregionais.com.br\/?p=990","title":{"rendered":"Opera\u00e7\u00e3o K9 do 13\u00ba BAEP Resulta em Apreens\u00e3o de Drogas na Vila Saul"},"content":{"rendered":"\n<p>Uma opera\u00e7\u00e3o meticulosa realizada pela Equipe K9 do 13\u00ba Batalh\u00e3o de A\u00e7\u00f5es Especiais de Pol\u00edcia (BAEP) resultou na apreens\u00e3o de 0,309 kg de maconha, em uma \u00e1rea de mata na Rua Ant\u00f4nio Lorenzetti, na Vila Saul, em Santa Cruz do Rio Pardo.<\/p>\n\n\n\n<p>O sucesso da opera\u00e7\u00e3o se deveu \u00e0 habilidade dos c\u00e3es farejadores treinados, que foram empregados para vasculhar a densa vegeta\u00e7\u00e3o e identificar poss\u00edveis esconderijos de subst\u00e2ncias il\u00edcitas. Foi sob entulhos de constru\u00e7\u00e3o que os fi\u00e9is animais encontraram o entorpecente.<\/p>\n\n\n\n<p>A pronta a\u00e7\u00e3o da equipe demonstra o compromisso da Pol\u00edcia Militar em combater o tr\u00e1fico de drogas, especialmente em locais de dif\u00edcil acesso como \u00e1reas de mata.<\/p>\n\n\n\n<p>A droga apreendida, totalizando 0,309 kg de maconha, foi devidamente apresentada \u00e0 autoridade policial na Central de Pol\u00edcia Judici\u00e1ria de Santa Cruz do Rio Pardo. A partir desse momento, seguir\u00e1 os tr\u00e2mites legais para o devido processamento.<\/p>\n\n\n\n<p>A efici\u00eancia da Equipe K9 do 13\u00ba BAEP \u00e9 mais uma demonstra\u00e7\u00e3o do empenho das for\u00e7as de seguran\u00e7a em manter a ordem e a tranquilidade na comunidade, protegendo os cidad\u00e3os e combatendo a criminalidade em todas as suas formas.<\/p>\n\n\n\n<figure class=\"wp-block-embed is-type-video is-provider-youtube wp-block-embed-youtube wp-embed-aspect-16-9 wp-has-aspect-ratio\"><div class=\"wp-block-embed__wrapper\">\n<iframe loading=\"lazy\" title=\"Opera\u00e7\u00e3o K9 do 13\u00ba BAEP Resulta em Apreens\u00e3o de Drogas na Vila Saul\" width=\"640\" height=\"360\" src=\"https:\/\/www.youtube.com\/embed\/guhsLIUBdMQ?feature=oembed\" frameborder=\"0\" allow=\"accelerometer; autoplay; clipboard-write; encrypted-media; gyroscope; picture-in-picture; web-share\" referrerpolicy=\"strict-origin-when-cross-origin\" allowfullscreen><\/iframe>\n<\/div><\/figure>\n<input type=\"hidden\" id=\"baseurl\" value=\"https:\/\/noticiasregionais.com.br\"><input type=\"hidden\" id=\"audio_nonce\" value=\"533fbb67b1\">","protected":false},"excerpt":{"rendered":"<p>Uma opera\u00e7\u00e3o meticulosa realizada pela Equipe K9 do 13\u00ba Batalh\u00e3o de A\u00e7\u00f5es Especiais de Pol\u00edcia (BAEP) resultou na apreens\u00e3o de&hellip;<\/p>\n","protected":false},"author":1,"featured_media":991,"comment_status":"closed","ping_status":"open","sticky":false,"template":"","format":"standard","meta":{"sfsi_plus_gutenberg_text_before_share":"","sfsi_plus_gutenberg_show_text_before_share":"","sfsi_plus_gutenberg_icon_type":"","sfsi_plus_gutenberg_icon_alignemt":"","sfsi_plus_gutenburg_max_per_row":"","footnotes":""},"categories":[6,10,1],"tags":[],"class_list":["post-990","post","type-post","status-publish","format-standard","has-post-thumbnail","hentry","category-sao_paulo","category-destaques","category-noticias"],"_links":{"self":[{"href":"https:\/\/noticiasregionais.com.br\/index.php?rest_route=\/wp\/v2\/posts\/990","targetHints":{"allow":["GET"]}}],"collection":[{"href":"https:\/\/noticiasregionais.com.br\/index.php?rest_route=\/wp\/v2\/posts"}],"about":[{"href":"https:\/\/noticiasregionais.com.br\/index.php?rest_route=\/wp\/v2\/types\/post"}],"author":[{"embeddable":true,"href":"https:\/\/noticiasregionais.com.br\/index.php?rest_route=\/wp\/v2\/users\/1"}],"replies":[{"embeddable":true,"href":"https:\/\/noticiasregionais.com.br\/index.php?rest_route=%2Fwp%2Fv2%2Fcomments&post=990"}],"version-history":[{"count":1,"href":"https:\/\/noticiasregionais.com.br\/index.php?rest_route=\/wp\/v2\/posts\/990\/revisions"}],"predecessor-version":[{"id":992,"href":"https:\/\/noticiasregionais.com.br\/index.php?rest_route=\/wp\/v2\/posts\/990\/revisions\/992"}],"wp:featuredmedia":[{"embeddable":true,"href":"https:\/\/noticiasregionais.com.br\/index.php?rest_route=\/wp\/v2\/media\/991"}],"wp:attachment":[{"href":"https:\/\/noticiasregionais.com.br\/index.php?rest_route=%2Fwp%2Fv2%2Fmedia&parent=990"}],"wp:term":[{"taxonomy":"category","embeddable":true,"href":"https:\/\/noticiasregionais.com.br\/index.php?rest_route=%2Fwp%2Fv2%2Fcategories&post=990"},{"taxonomy":"post_tag","embeddable":true,"href":"https:\/\/noticiasregionais.com.br\/index.php?rest_route=%2Fwp%2Fv2%2Ftags&post=990"}],"curies":[{"name":"wp","href":"https:\/\/api.w.org\/{rel}","templated":true}]}}