{"id":9906,"date":"2025-09-19T07:50:52","date_gmt":"2025-09-19T10:50:52","guid":{"rendered":"https:\/\/noticiasregionais.com.br\/?p=9906"},"modified":"2025-09-19T07:51:37","modified_gmt":"2025-09-19T10:51:37","slug":"prf-apreende-carreta-com-1385-mil-macos-de-cigarros-contrabandeados-na-br153","status":"publish","type":"post","link":"https:\/\/noticiasregionais.com.br\/?p=9906","title":{"rendered":"PRF apreende carreta com 138,5 mil ma\u00e7os de cigarros contrabandeados na BR-153"},"content":{"rendered":"\n<h3 class=\"wp-block-heading has-text-align-center\">Carga ilegal estava escondida sob min\u00e9rio de ferro; motorista foi preso e disse que receberia R$ 3.500 para levar o material at\u00e9 Ribeir\u00e3o Preto.<\/h3>\n\n\n\n<p>A Pol\u00edcia Rodovi\u00e1ria Federal (PRF) apreendeu, na tarde desta quinta-feira (18), uma carreta carregada com 138.500 ma\u00e7os de cigarros contrabandeados do Paraguai. A a\u00e7\u00e3o aconteceu ap\u00f3s an\u00e1lises de risco realizadas pelas equipes, que localizaram o ve\u00edculo na BR-153, quando ele acessava a SP-425.<\/p>\n\n\n\n<p>Durante a abordagem, os policiais constataram que a carga il\u00edcita estava escondida sob uma camada de min\u00e9rio de ferro. O motorista, de 45 anos, informou que receberia R$ 3.500 pelo transporte da mercadoria at\u00e9 a cidade de Ribeir\u00e3o Preto (SP).<\/p>\n\n\n\n<p>O caso foi encaminhado \u00e0 Delegacia da Pol\u00edcia Federal em S\u00e3o Jos\u00e9 do Rio Preto. O condutor foi preso em flagrante e, tanto a carreta quanto a carga, foram apreendidas.<\/p>\n\n\n\n<p>A apreens\u00e3o representa mais uma a\u00e7\u00e3o de combate ao contrabando e ao crime organizado na regi\u00e3o noroeste paulista.<\/p>\n\n\n\n<figure class=\"wp-block-gallery has-nested-images columns-default is-cropped wp-block-gallery-1 is-layout-flex wp-block-gallery-is-layout-flex\">\n<figure class=\"wp-block-image size-large\"><a href=\"https:\/\/noticiasregionais.com.br\/wp-content\/uploads\/2025\/09\/WhatsApp-Image-2025-09-18-at-19.45.341.jpeg\"><img decoding=\"async\" width=\"1024\" height=\"576\" data-id=\"9907\" src=\"https:\/\/noticiasregionais.com.br\/wp-content\/uploads\/2025\/09\/WhatsApp-Image-2025-09-18-at-19.45.341-1024x576.jpeg\" alt=\"\" class=\"wp-image-9907\" srcset=\"https:\/\/noticiasregionais.com.br\/wp-content\/uploads\/2025\/09\/WhatsApp-Image-2025-09-18-at-19.45.341-1024x576.jpeg 1024w, https:\/\/noticiasregionais.com.br\/wp-content\/uploads\/2025\/09\/WhatsApp-Image-2025-09-18-at-19.45.341-300x169.jpeg 300w, https:\/\/noticiasregionais.com.br\/wp-content\/uploads\/2025\/09\/WhatsApp-Image-2025-09-18-at-19.45.341-768x432.jpeg 768w, https:\/\/noticiasregionais.com.br\/wp-content\/uploads\/2025\/09\/WhatsApp-Image-2025-09-18-at-19.45.341-1536x864.jpeg 1536w, https:\/\/noticiasregionais.com.br\/wp-content\/uploads\/2025\/09\/WhatsApp-Image-2025-09-18-at-19.45.341.jpeg 1600w\" sizes=\"(max-width: 1024px) 100vw, 1024px\" \/><\/a><\/figure>\n\n\n\n<figure class=\"wp-block-image size-large\"><a href=\"https:\/\/noticiasregionais.com.br\/wp-content\/uploads\/2025\/09\/WhatsApp-Image-2025-09-18-at-19.45.34.jpeg\"><img decoding=\"async\" width=\"1024\" height=\"576\" data-id=\"9910\" src=\"https:\/\/noticiasregionais.com.br\/wp-content\/uploads\/2025\/09\/WhatsApp-Image-2025-09-18-at-19.45.34-1024x576.jpeg\" alt=\"\" class=\"wp-image-9910\" srcset=\"https:\/\/noticiasregionais.com.br\/wp-content\/uploads\/2025\/09\/WhatsApp-Image-2025-09-18-at-19.45.34-1024x576.jpeg 1024w, https:\/\/noticiasregionais.com.br\/wp-content\/uploads\/2025\/09\/WhatsApp-Image-2025-09-18-at-19.45.34-300x169.jpeg 300w, https:\/\/noticiasregionais.com.br\/wp-content\/uploads\/2025\/09\/WhatsApp-Image-2025-09-18-at-19.45.34-768x432.jpeg 768w, https:\/\/noticiasregionais.com.br\/wp-content\/uploads\/2025\/09\/WhatsApp-Image-2025-09-18-at-19.45.34-1536x864.jpeg 1536w, https:\/\/noticiasregionais.com.br\/wp-content\/uploads\/2025\/09\/WhatsApp-Image-2025-09-18-at-19.45.34.jpeg 1600w\" sizes=\"(max-width: 1024px) 100vw, 1024px\" \/><\/a><\/figure>\n\n\n\n<figure class=\"wp-block-image size-large\"><a href=\"https:\/\/noticiasregionais.com.br\/wp-content\/uploads\/2025\/09\/WhatsApp-Image-2025-09-18-at-19.45.33.jpeg\"><img decoding=\"async\" width=\"1024\" height=\"576\" data-id=\"9909\" src=\"https:\/\/noticiasregionais.com.br\/wp-content\/uploads\/2025\/09\/WhatsApp-Image-2025-09-18-at-19.45.33-1024x576.jpeg\" alt=\"\" class=\"wp-image-9909\" srcset=\"https:\/\/noticiasregionais.com.br\/wp-content\/uploads\/2025\/09\/WhatsApp-Image-2025-09-18-at-19.45.33-1024x576.jpeg 1024w, https:\/\/noticiasregionais.com.br\/wp-content\/uploads\/2025\/09\/WhatsApp-Image-2025-09-18-at-19.45.33-300x169.jpeg 300w, https:\/\/noticiasregionais.com.br\/wp-content\/uploads\/2025\/09\/WhatsApp-Image-2025-09-18-at-19.45.33-768x432.jpeg 768w, https:\/\/noticiasregionais.com.br\/wp-content\/uploads\/2025\/09\/WhatsApp-Image-2025-09-18-at-19.45.33-1536x864.jpeg 1536w, https:\/\/noticiasregionais.com.br\/wp-content\/uploads\/2025\/09\/WhatsApp-Image-2025-09-18-at-19.45.33.jpeg 1600w\" sizes=\"(max-width: 1024px) 100vw, 1024px\" \/><\/a><\/figure>\n<\/figure>\n\n\n\n<p><\/p>\n<input type=\"hidden\" id=\"baseurl\" value=\"https:\/\/noticiasregionais.com.br\"><input type=\"hidden\" id=\"audio_nonce\" value=\"533fbb67b1\">","protected":false},"excerpt":{"rendered":"<p>Carga ilegal estava escondida sob min\u00e9rio de ferro; motorista foi preso e disse que receberia R$ 3.500 para levar o&hellip;<\/p>\n","protected":false},"author":1,"featured_media":9908,"comment_status":"closed","ping_status":"open","sticky":false,"template":"","format":"standard","meta":{"sfsi_plus_gutenberg_text_before_share":"","sfsi_plus_gutenberg_show_text_before_share":"","sfsi_plus_gutenberg_icon_type":"","sfsi_plus_gutenberg_icon_alignemt":"","sfsi_plus_gutenburg_max_per_row":"","footnotes":""},"categories":[10,1,6],"tags":[57],"class_list":["post-9906","post","type-post","status-publish","format-standard","has-post-thumbnail","hentry","category-destaques","category-noticias","category-sao_paulo","tag-ribeirao_preto"],"_links":{"self":[{"href":"https:\/\/noticiasregionais.com.br\/index.php?rest_route=\/wp\/v2\/posts\/9906","targetHints":{"allow":["GET"]}}],"collection":[{"href":"https:\/\/noticiasregionais.com.br\/index.php?rest_route=\/wp\/v2\/posts"}],"about":[{"href":"https:\/\/noticiasregionais.com.br\/index.php?rest_route=\/wp\/v2\/types\/post"}],"author":[{"embeddable":true,"href":"https:\/\/noticiasregionais.com.br\/index.php?rest_route=\/wp\/v2\/users\/1"}],"replies":[{"embeddable":true,"href":"https:\/\/noticiasregionais.com.br\/index.php?rest_route=%2Fwp%2Fv2%2Fcomments&post=9906"}],"version-history":[{"count":2,"href":"https:\/\/noticiasregionais.com.br\/index.php?rest_route=\/wp\/v2\/posts\/9906\/revisions"}],"predecessor-version":[{"id":9912,"href":"https:\/\/noticiasregionais.com.br\/index.php?rest_route=\/wp\/v2\/posts\/9906\/revisions\/9912"}],"wp:featuredmedia":[{"embeddable":true,"href":"https:\/\/noticiasregionais.com.br\/index.php?rest_route=\/wp\/v2\/media\/9908"}],"wp:attachment":[{"href":"https:\/\/noticiasregionais.com.br\/index.php?rest_route=%2Fwp%2Fv2%2Fmedia&parent=9906"}],"wp:term":[{"taxonomy":"category","embeddable":true,"href":"https:\/\/noticiasregionais.com.br\/index.php?rest_route=%2Fwp%2Fv2%2Fcategories&post=9906"},{"taxonomy":"post_tag","embeddable":true,"href":"https:\/\/noticiasregionais.com.br\/index.php?rest_route=%2Fwp%2Fv2%2Ftags&post=9906"}],"curies":[{"name":"wp","href":"https:\/\/api.w.org\/{rel}","templated":true}]}}