{"id":9917,"date":"2025-09-19T08:07:09","date_gmt":"2025-09-19T11:07:09","guid":{"rendered":"https:\/\/noticiasregionais.com.br\/?p=9917"},"modified":"2025-09-19T08:07:17","modified_gmt":"2025-09-19T11:07:17","slug":"policia-civil-apreende-14-armas-de-fogo-em-ourinhos-avo-e-preso-por-posse-irregular","status":"publish","type":"post","link":"https:\/\/noticiasregionais.com.br\/?p=9917","title":{"rendered":"Pol\u00edcia Civil apreende 14 armas de fogo em Ourinhos; av\u00f4 \u00e9 preso por posse irregular"},"content":{"rendered":"\n<p>A Pol\u00edcia Civil de Ourinhos apreendeu <strong>14 armas de fogo<\/strong>, entre rev\u00f3lveres e espingardas, durante o cumprimento de mandados de busca domiciliar nesta semana. A a\u00e7\u00e3o foi realizada por equipes da <strong>Delegacia de Defesa da Mulher (DDM)<\/strong> e da <strong>Delegacia de Investiga\u00e7\u00f5es Gerais (DIG)<\/strong> ap\u00f3s den\u00fancia feita \u00e0 DDM.<\/p>\n\n\n\n<p>De acordo com as autoridades, a investiga\u00e7\u00e3o teve in\u00edcio depois que a m\u00e3e de uma crian\u00e7a relatou, em boletim de ocorr\u00eancia, que o av\u00f4 paterno mantinha diversas armas em casa e permitia que o neto tivesse contato com elas. A den\u00fancia levou a Justi\u00e7a a expedir mandados de busca para a resid\u00eancia do suspeito.<\/p>\n\n\n\n<p>Durante a opera\u00e7\u00e3o, os policiais localizaram <strong>14 armas de fogo<\/strong>, sendo que <strong>nove delas estavam com registro vencido<\/strong> e <strong>cinco n\u00e3o possu\u00edam qualquer documenta\u00e7\u00e3o<\/strong>. O homem foi <strong>autuado em flagrante<\/strong> por posse irregular de arma de fogo, crime previsto no <strong>Artigo 12 da Lei 10.826\/03 (Estatuto do Desarmamento)<\/strong>, que prev\u00ea pena de deten\u00e7\u00e3o de um a tr\u00eas anos e multa.<\/p>\n\n\n\n<p>As armas foram apreendidas e encaminhadas para per\u00edcia. A Pol\u00edcia Civil segue apurando o caso para verificar se h\u00e1 outros crimes relacionados e refor\u00e7a a import\u00e2ncia de den\u00fancias an\u00f4nimas para coibir situa\u00e7\u00f5es que coloquem crian\u00e7as e fam\u00edlias em risco.<\/p>\n<input type=\"hidden\" id=\"baseurl\" value=\"https:\/\/noticiasregionais.com.br\"><input type=\"hidden\" id=\"audio_nonce\" value=\"296231ceac\">","protected":false},"excerpt":{"rendered":"<p>A Pol\u00edcia Civil de Ourinhos apreendeu 14 armas de fogo, entre rev\u00f3lveres e espingardas, durante o cumprimento de mandados de&hellip;<\/p>\n","protected":false},"author":1,"featured_media":9918,"comment_status":"closed","ping_status":"open","sticky":false,"template":"","format":"standard","meta":{"sfsi_plus_gutenberg_text_before_share":"","sfsi_plus_gutenberg_show_text_before_share":"","sfsi_plus_gutenberg_icon_type":"","sfsi_plus_gutenberg_icon_alignemt":"","sfsi_plus_gutenburg_max_per_row":"","footnotes":""},"categories":[10,1,5],"tags":[16],"class_list":["post-9917","post","type-post","status-publish","format-standard","has-post-thumbnail","hentry","category-destaques","category-noticias","category-ourinhos","tag-ourinhos"],"_links":{"self":[{"href":"https:\/\/noticiasregionais.com.br\/index.php?rest_route=\/wp\/v2\/posts\/9917","targetHints":{"allow":["GET"]}}],"collection":[{"href":"https:\/\/noticiasregionais.com.br\/index.php?rest_route=\/wp\/v2\/posts"}],"about":[{"href":"https:\/\/noticiasregionais.com.br\/index.php?rest_route=\/wp\/v2\/types\/post"}],"author":[{"embeddable":true,"href":"https:\/\/noticiasregionais.com.br\/index.php?rest_route=\/wp\/v2\/users\/1"}],"replies":[{"embeddable":true,"href":"https:\/\/noticiasregionais.com.br\/index.php?rest_route=%2Fwp%2Fv2%2Fcomments&post=9917"}],"version-history":[{"count":1,"href":"https:\/\/noticiasregionais.com.br\/index.php?rest_route=\/wp\/v2\/posts\/9917\/revisions"}],"predecessor-version":[{"id":9919,"href":"https:\/\/noticiasregionais.com.br\/index.php?rest_route=\/wp\/v2\/posts\/9917\/revisions\/9919"}],"wp:featuredmedia":[{"embeddable":true,"href":"https:\/\/noticiasregionais.com.br\/index.php?rest_route=\/wp\/v2\/media\/9918"}],"wp:attachment":[{"href":"https:\/\/noticiasregionais.com.br\/index.php?rest_route=%2Fwp%2Fv2%2Fmedia&parent=9917"}],"wp:term":[{"taxonomy":"category","embeddable":true,"href":"https:\/\/noticiasregionais.com.br\/index.php?rest_route=%2Fwp%2Fv2%2Fcategories&post=9917"},{"taxonomy":"post_tag","embeddable":true,"href":"https:\/\/noticiasregionais.com.br\/index.php?rest_route=%2Fwp%2Fv2%2Ftags&post=9917"}],"curies":[{"name":"wp","href":"https:\/\/api.w.org\/{rel}","templated":true}]}}