{"id":9921,"date":"2025-09-20T04:05:00","date_gmt":"2025-09-20T07:05:00","guid":{"rendered":"https:\/\/noticiasregionais.com.br\/?p=9921"},"modified":"2025-09-20T04:05:00","modified_gmt":"2025-09-20T07:05:00","slug":"infogripe-casos-de-srag-por-covid-19-entre-idosos-aumentam-em-quatro-estados","status":"publish","type":"post","link":"https:\/\/noticiasregionais.com.br\/?p=9921","title":{"rendered":"InfoGripe: casos de SRAG por Covid-19 entre idosos aumentam em quatro estados"},"content":{"rendered":"<p>\t\t\t\t\t\t\t\t\t\t<audio controls class=\"b61_audio_player\" data-noticia=\"84703\" src=\"https:\/\/brasil61.com\/rails\/active_storage\/blobs\/eyJfcmFpbHMiOnsibWVzc2FnZSI6IkJBaHBBMDZkQXc9PSIsImV4cCI6bnVsbCwicHVyIjoiYmxvYl9pZCJ9fQ==--fe7a4258ef8125de4e770e73a9b93b8c76aa7fae\/BRAS2514748A\"><\/audio><\/p>\n<p>O mais recente <strong><a href=\"https:\/\/gitlab.fiocruz.br\/marcelo.gomes\/infogripe\/-\/blob\/master\/Boletins%20do%20InfoGripe\/Resumo_InfoGripe_atual.pdf\" target=\"_blank\" rel=\"noopener\">Boletim InfoGripe da Fiocruz<\/a> <\/strong>aponta que <strong>quatro Unidades da Federa\u00e7\u00e3o apresentam alta de casos de S\u00edndrome Respirat\u00f3ria Aguda Grave (SRAG) por Covid-19, especialmente entre os idosos: no DF, GO, MG e ES<\/strong>. J\u00e1 as regi\u00f5es Centro-Sul, Nordeste e o estado do Par\u00e1 registram leve alta de casos nas notifica\u00e7\u00f5es de SRAG por Covid-19, mas ainda sem causar um aumento nas hospitaliza\u00e7\u00f5es nesses locais.<\/p>\n<\/p>\n<p>Considerando o aumento de casos de <strong>Covid-19 <\/strong>nesses estados, a pesquisadora do <strong>Programa de Computa\u00e7\u00e3o Cient\u00edfica da Fiocruz e do InfoGripe, Tatiana Portella, menciona que a vacina\u00e7\u00e3o \u00e9 crucial para proteger a popula\u00e7\u00e3o contra os casos graves e \u00f3bitos da doen\u00e7a.<\/strong><\/p>\n<p>Portella ressalta, ainda, a import\u00e2ncia da atualiza\u00e7\u00e3o do cart\u00e3o de vacina\u00e7\u00e3o.\u00a0<\/p>\n<p>\u201cPor isso a gente pede para que as pessoas dos grupos de risco verifiquem se est\u00e3o em dia com a vacina\u00e7\u00e3o contra o v\u00edrus, lembrando que idosos precisam tomar doses de refor\u00e7o a cada seis meses, enquanto que os outros grupos, como imunocomprometidos, que s\u00e3o tamb\u00e9m grupos de risco, precisam tomar doses de refor\u00e7o uma vez ao ano\u201d, aponta.\u00a0\u00a0\u00a0<\/p>\n<p><strong>UFs com leve alta de casos de SRAG por Covid-19:<\/strong><\/p>\n<ul>\n<li>Centro-Sul: Mato Grosso do Sul, Santa Catarina, Paran\u00e1 e Rio Grande do Sul;<\/li>\n<li>Nordeste: Bahia, Piau\u00ed e Para\u00edba;<\/li>\n<li>Norte: Par\u00e1.<\/li>\n<\/ul>\n<p>A publica\u00e7\u00e3o da Fiocruz aponta que\u00a0nas quatro \u00faltimas <a href=\"https:\/\/portalsinan.saude.gov.br\/calendario-epidemiologico\" target=\"_blank\" rel=\"noopener\"><strong>semanas epidemiol\u00f3gicas<\/strong><\/a>, <strong>a preval\u00eancia entre os casos positivos foi de 17,3% de SARS-CoV-2 (COVID-19). J\u00e1 1,7% de Influenza B, 17,7% de v\u00edrus sincicial respirat\u00f3rio, 47,3% de Rinov\u00edrus<\/strong>.<\/p>\n<p>Em rela\u00e7\u00e3o \u00e0 <strong>Influenza A,<\/strong> o percentual chegou a 10,2%. Inclusive,<strong> as hospitaliza\u00e7\u00f5es pelo v\u00edrus voltaram a aumentar no Distrito Federal e em Goi\u00e1s<\/strong>. A alta foi registrada entre jovens, adultos e idosos.<\/p>\n<p>A an\u00e1lise \u00e9 referente \u00e0 Semana Epidemiol\u00f3gica (SE) 37, per\u00edodo de 7 a 13 de setembro.<\/p>\n<h2>Rinov\u00edrus<\/h2>\n<p>O Boletim destaca que, no cen\u00e1rio nacional, os <strong>casos de SRAG apresentam tend\u00eancia de oscila\u00e7\u00e3o ou estabilidade na tend\u00eancia de longo prazo<\/strong>. Segundo o documento, o reflete <strong>a desacelera\u00e7\u00e3o do avan\u00e7o dos casos de SRAG associados ao rinov\u00edrus no agregado nacional <\/strong>\u2013 mesmo que as hospitaliza\u00e7\u00f5es pelo v\u00edrus continuem aumentando em alguns estados.<\/p>\n<p>O informe mostra que oito das 27 unidades federativas apresentam incid\u00eancia de SRAG em n\u00edvel de alerta, risco ou alto risco nas \u00faltimas duas semanas, com sinal de crescimento na tend\u00eancia de longo prazo (\u00faltimas seis semanas) at\u00e9 a semana 37. Os estados s\u00e3o: Amazonas, Distrito Federal, Esp\u00edrito Santo, Goi\u00e1s, Maranh\u00e3o, Minas Gerais, Rio de Janeiro e Rond\u00f4nia.<\/p>\n<p>Conforme os dados, <strong>o rinov\u00edrus tem contribu\u00eddo para o aumento dos casos de SRAG nessas regi\u00f5es <\/strong>\u2013<strong> principalmente nas crian\u00e7as e adolescentes de 2 a 14 anos<\/strong>. No entanto, h\u00e1 sinal de interrup\u00e7\u00e3o do crescimento no DF.<\/p>\n<p>Inclusive, os dados laboratoriais por faixa et\u00e1ria mostram que o rinov\u00edrus tem sido a principal causa de hospitaliza\u00e7\u00e3o por SRAG nas crian\u00e7as e adolescentes de at\u00e9 14 anos.\u00a0<\/p>\n<p>Al\u00e9m disso, dez UFs tamb\u00e9m apresentam incid\u00eancia de SRAG em n\u00edveis de alerta, risco ou alto risco, por\u00e9m sem sinal de crescimento na tend\u00eancia de longo prazo, confira: Acre, Alagoas, Bahia, Mato Grosso, Mato Grosso do Sul, Para\u00edba, Par\u00e1, Rio Grande do Sul, Roraima e Santa Catarina.<\/p>\n<p>Entre as capitais, cinco das 27 apresentam n\u00edvel de atividade de SRAG em alerta, risco ou alto risco (\u00faltimas duas semanas) com sinal de crescimento de SRAG na tend\u00eancia de longo prazo (\u00faltimas seis semanas) at\u00e9 a semana 37: Bras\u00edlia (DF), Florian\u00f3polis (SC), Manaus (AM), Rio de Janeiro (RJ) e S\u00e3o Lu\u00eds (MA).<\/p>\n<h2>Balan\u00e7o epidemiol\u00f3gico<\/h2>\n<p>Em 2025, j\u00e1 foram notificados<strong> 176.451 mil casos de SRAG<\/strong>, sendo 53,2% com resultado laboratorial positivo para algum v\u00edrus respirat\u00f3rio<\/p>\n<p>Apenas este ano j\u00e1 foram registrados <strong>10.577 \u00f3bitos de SRAG<\/strong>, sendo 52,5% com resultado laboratorial positivo para algum v\u00edrus respirat\u00f3rio. Dentre os \u00f3bitos o, observou-se 52% de influenza A, 1,8% de influenza B, 12% de v\u00edrus sincicial respirat\u00f3rio, 13,6% de rinov\u00edrus e 21,7% de Sars-CoV-2 (Covid-19).\u00a0<\/p>\n<p>J\u00e1 nas quatro \u00faltimas semanas epidemiol\u00f3gicas, a preval\u00eancia entre os \u00f3bitos positivos foi de 21% de influenza A, 1,2% de influenza B, 8,6% de v\u00edrus sincicial respirat\u00f3rio, 28,8% de rinov\u00edrus, e 42,8% de Sars-CoV-2 (Covid-19).<\/p>\n<p>\t\t\t\t\t\t\t\t\t<img decoding=\"async\" src=\"https:\/\/brasil61.com\/api\/v1\/serve_pixel\/22254\/84703\" alt=\"Pixel Brasil 61\" class=\"b61_pixel\" width=\"0\" height=\"0\"><\/p>\n<div class=\"br61_backlink\">\n<p>\n\t\t\t\tFonte: <a href=\"https:\/\/brasil61.com\/infogripe-casos-de-srag-por-covid-19-entre-idosos-aumentam-em-quatro-estados-bras2514748\" title=\"Artigo Original: InfoGripe: casos de SRAG por Covid-19 entre idosos aumentam em quatro estados\" target=\"_blank\" rel=\"noopener\">Brasil 61<\/a>\n\t\t\t<\/p>\n<\/p><\/div>\n<input type=\"hidden\" id=\"baseurl\" value=\"https:\/\/noticiasregionais.com.br\"><input type=\"hidden\" id=\"audio_nonce\" value=\"296231ceac\">","protected":false},"excerpt":{"rendered":"<p>Boletim da FioCruz aponta que doen\u00e7a tem impulsionado o crescimento dos casos nessa faixa et\u00e1ria no DF, GO, MG e ES; regi\u00f5es Centro-Sul, Nordeste e estado do PA registram leve alta de casos<\/p>\n","protected":false},"author":1,"featured_media":9922,"comment_status":"","ping_status":"open","sticky":false,"template":"","format":"standard","meta":{"sfsi_plus_gutenberg_text_before_share":"","sfsi_plus_gutenberg_show_text_before_share":"","sfsi_plus_gutenberg_icon_type":"","sfsi_plus_gutenberg_icon_alignemt":"","sfsi_plus_gutenburg_max_per_row":"","footnotes":""},"categories":[8],"tags":[],"class_list":["post-9921","post","type-post","status-publish","format-standard","has-post-thumbnail","hentry","category-brasil"],"_links":{"self":[{"href":"https:\/\/noticiasregionais.com.br\/index.php?rest_route=\/wp\/v2\/posts\/9921","targetHints":{"allow":["GET"]}}],"collection":[{"href":"https:\/\/noticiasregionais.com.br\/index.php?rest_route=\/wp\/v2\/posts"}],"about":[{"href":"https:\/\/noticiasregionais.com.br\/index.php?rest_route=\/wp\/v2\/types\/post"}],"author":[{"embeddable":true,"href":"https:\/\/noticiasregionais.com.br\/index.php?rest_route=\/wp\/v2\/users\/1"}],"replies":[{"embeddable":true,"href":"https:\/\/noticiasregionais.com.br\/index.php?rest_route=%2Fwp%2Fv2%2Fcomments&post=9921"}],"version-history":[{"count":0,"href":"https:\/\/noticiasregionais.com.br\/index.php?rest_route=\/wp\/v2\/posts\/9921\/revisions"}],"wp:featuredmedia":[{"embeddable":true,"href":"https:\/\/noticiasregionais.com.br\/index.php?rest_route=\/wp\/v2\/media\/9922"}],"wp:attachment":[{"href":"https:\/\/noticiasregionais.com.br\/index.php?rest_route=%2Fwp%2Fv2%2Fmedia&parent=9921"}],"wp:term":[{"taxonomy":"category","embeddable":true,"href":"https:\/\/noticiasregionais.com.br\/index.php?rest_route=%2Fwp%2Fv2%2Fcategories&post=9921"},{"taxonomy":"post_tag","embeddable":true,"href":"https:\/\/noticiasregionais.com.br\/index.php?rest_route=%2Fwp%2Fv2%2Ftags&post=9921"}],"curies":[{"name":"wp","href":"https:\/\/api.w.org\/{rel}","templated":true}]}}