{"id":9923,"date":"2025-09-20T04:10:00","date_gmt":"2025-09-20T07:10:00","guid":{"rendered":"https:\/\/noticiasregionais.com.br\/?p=9923"},"modified":"2025-09-20T04:10:00","modified_gmt":"2025-09-20T07:10:00","slug":"cisternas-da-funasa-municipios-de-8-estados-tem-ate-15-10-para-indicar-beneficiarios","status":"publish","type":"post","link":"https:\/\/noticiasregionais.com.br\/?p=9923","title":{"rendered":"Cisternas da Funasa: munic\u00edpios de 8 estados t\u00eam at\u00e9 15\/10 para indicar benefici\u00e1rios"},"content":{"rendered":"<p>\t\t\t\t\t\t\t\t\t\t<audio controls class=\"b61_audio_player\" data-noticia=\"84714\" src=\"https:\/\/brasil61.com\/rails\/active_storage\/blobs\/eyJfcmFpbHMiOnsibWVzc2FnZSI6IkJBaHBBNFNkQXc9PSIsImV4cCI6bnVsbCwicHVyIjoiYmxvYl9pZCJ9fQ==--383653fe67bb0c6e771d7799a3cc685794e89919\/BRAS2514755A\"><\/audio><\/p>\n<p>Os <strong>498 munic\u00edpios brasileiros<\/strong> classificados pela <strong>Funda\u00e7\u00e3o Nacional de Sa\u00fade (<a href=\"http:\/\/www.funasa.gov.br\/\" target=\"_blank\" rel=\"noopener\">Funasa<\/a>) <\/strong>para o projeto de <strong>implanta\u00e7\u00e3o de sistemas de capta\u00e7\u00e3o e armazenamento de \u00e1gua de chuva <\/strong>\u2014 as cisternas \u2014 t\u00eam at\u00e9 o dia <strong>15 de outubro<\/strong> para indicar os benefici\u00e1rios.\u00a0A iniciativa busca ampliar o acesso \u00e0 \u00e1gua pot\u00e1vel em regi\u00f5es rurais do semi\u00e1rido, onde a escassez h\u00eddrica ainda compromete a qualidade de vida de milhares de fam\u00edlias.<\/p>\n<\/p>\n<p>De acordo com a Funasa, o programa prev\u00ea a instala\u00e7\u00e3o de <strong>20,9 mil\u00a0cisternas nos munic\u00edpios contemplados<\/strong>, distribu\u00eddos em oito estados: <strong>Bahia, Cear\u00e1, Minas Gerais, Para\u00edba, Pernambuco, Piau\u00ed, Rio Grande do Norte e Sergipe.\u00a0<\/strong>O investimento total \u00e9 estimado em R$ 250 milh\u00f5es.<\/p>\n<p style=\"text-align: justify\">A medida est\u00e1 prevista na Portaria <a href=\"https:\/\/www.in.gov.br\/en\/web\/dou\/-\/portaria-n-3.454-de-12-de-setembro-de-2025-656042628\" target=\"_blank\" rel=\"noopener\">n\u00ba 3.454\/2025<\/a>, publicada no Di\u00e1rio Oficial da Uni\u00e3o, em 16 de setembro. As <strong>prefeituras devem encaminhar \u00e0 Superintend\u00eancia Estadual da Funasa a lista de benefici\u00e1rios<\/strong>, acompanhada da documenta\u00e7\u00e3o listada no artigo 12 da portaria. O envio deve ser feito por e-mail, observando os crit\u00e9rios de elegibilidade.\u00a0<\/p>\n<p>Entre os requisitos, podem ser contempladas fam\u00edlias que residem em \u00e1reas rurais, n\u00e3o possuem abastecimento de \u00e1gua adequado e apresentam condi\u00e7\u00f5es t\u00e9cnicas para a instala\u00e7\u00e3o da cisterna. Al\u00e9m disso, h\u00e1 regras de prioriza\u00e7\u00e3o: ter\u00e3o prefer\u00eancia domic\u00edlios chefiados por mulheres, lares com pessoas com defici\u00eancia, fam\u00edlias inscritas no Cadastro \u00danico do governo federal (Cad\u00danico), comunidades quilombolas e aquelas com maior n\u00famero de crian\u00e7as em idade escolar.<\/p>\n<p>\u00a0<\/p>\n<p style=\"text-align: justify\">\n<p>O cronograma estabelece que os munic\u00edpios t\u00eam 30 dias para enviar as listas dos indicados e, ap\u00f3s esse prazo, a Funasa ter\u00e1 mais 30 dias para an\u00e1lise e divulga\u00e7\u00e3o dos resultados. A expectativa \u00e9 que a medida beneficie diretamente milhares de fam\u00edlias em situa\u00e7\u00e3o de vulnerabilidade no semi\u00e1rido, garantindo seguran\u00e7a h\u00eddrica e melhores condi\u00e7\u00f5es de sa\u00fade.<\/p>\n<p dir=\"ltr\">\u00a0<\/p>\n<p>\t\t\t\t\t\t\t\t\t<img decoding=\"async\" src=\"https:\/\/brasil61.com\/api\/v1\/serve_pixel\/22254\/84714\" alt=\"Pixel Brasil 61\" class=\"b61_pixel\" width=\"0\" height=\"0\"><\/p>\n<div class=\"br61_backlink\">\n<p>\n\t\t\t\tFonte: <a href=\"https:\/\/brasil61.com\/cisternas-da-funasa-municipios-de-8-estados-tem-ate-15-10-para-indicar-beneficiarios-bras2514755\" title=\"Artigo Original: Cisternas da Funasa: munic\u00edpios de 8 estados t\u00eam at\u00e9 15\/10 para indicar benefici\u00e1rios \" target=\"_blank\" rel=\"noopener\">Brasil 61<\/a>\n\t\t\t<\/p>\n<\/p><\/div>\n<input type=\"hidden\" id=\"baseurl\" value=\"https:\/\/noticiasregionais.com.br\"><input type=\"hidden\" id=\"audio_nonce\" value=\"5c13e0637f\">","protected":false},"excerpt":{"rendered":"<p>Munic\u00edpios selecionados devem encaminhar a rela\u00e7\u00e3o de fam\u00edlias contempladas com os sistemas de capta\u00e7\u00e3o de \u00e1gua; atraso pode comprometer a implanta\u00e7\u00e3o do programa<\/p>\n","protected":false},"author":1,"featured_media":9924,"comment_status":"","ping_status":"open","sticky":false,"template":"","format":"standard","meta":{"sfsi_plus_gutenberg_text_before_share":"","sfsi_plus_gutenberg_show_text_before_share":"","sfsi_plus_gutenberg_icon_type":"","sfsi_plus_gutenberg_icon_alignemt":"","sfsi_plus_gutenburg_max_per_row":"","footnotes":""},"categories":[8],"tags":[],"class_list":["post-9923","post","type-post","status-publish","format-standard","has-post-thumbnail","hentry","category-brasil"],"_links":{"self":[{"href":"https:\/\/noticiasregionais.com.br\/index.php?rest_route=\/wp\/v2\/posts\/9923","targetHints":{"allow":["GET"]}}],"collection":[{"href":"https:\/\/noticiasregionais.com.br\/index.php?rest_route=\/wp\/v2\/posts"}],"about":[{"href":"https:\/\/noticiasregionais.com.br\/index.php?rest_route=\/wp\/v2\/types\/post"}],"author":[{"embeddable":true,"href":"https:\/\/noticiasregionais.com.br\/index.php?rest_route=\/wp\/v2\/users\/1"}],"replies":[{"embeddable":true,"href":"https:\/\/noticiasregionais.com.br\/index.php?rest_route=%2Fwp%2Fv2%2Fcomments&post=9923"}],"version-history":[{"count":0,"href":"https:\/\/noticiasregionais.com.br\/index.php?rest_route=\/wp\/v2\/posts\/9923\/revisions"}],"wp:featuredmedia":[{"embeddable":true,"href":"https:\/\/noticiasregionais.com.br\/index.php?rest_route=\/wp\/v2\/media\/9924"}],"wp:attachment":[{"href":"https:\/\/noticiasregionais.com.br\/index.php?rest_route=%2Fwp%2Fv2%2Fmedia&parent=9923"}],"wp:term":[{"taxonomy":"category","embeddable":true,"href":"https:\/\/noticiasregionais.com.br\/index.php?rest_route=%2Fwp%2Fv2%2Fcategories&post=9923"},{"taxonomy":"post_tag","embeddable":true,"href":"https:\/\/noticiasregionais.com.br\/index.php?rest_route=%2Fwp%2Fv2%2Ftags&post=9923"}],"curies":[{"name":"wp","href":"https:\/\/api.w.org\/{rel}","templated":true}]}}