{"id":9925,"date":"2025-09-20T04:55:00","date_gmt":"2025-09-20T07:55:00","guid":{"rendered":"https:\/\/noticiasregionais.com.br\/?p=9925"},"modified":"2025-09-20T04:55:00","modified_gmt":"2025-09-20T07:55:00","slug":"iel-abre-mais-de-19-mil-vagas-de-estagio-com-bolsas-de-ate-r-26-mil","status":"publish","type":"post","link":"https:\/\/noticiasregionais.com.br\/?p=9925","title":{"rendered":"IEL abre mais de 1,9 mil vagas de est\u00e1gio com bolsas de at\u00e9 R$ 2,6 mil"},"content":{"rendered":"<p>\t\t\t\t\t\t\t\t\t\t<audio controls class=\"b61_audio_player\" data-noticia=\"84728\" src=\"https:\/\/brasil61.com\/rails\/active_storage\/blobs\/eyJfcmFpbHMiOnsibWVzc2FnZSI6IkJBaHBBM3FkQXc9PSIsImV4cCI6bnVsbCwicHVyIjoiYmxvYl9pZCJ9fQ==--f96380207d20aae1423be29a5ff99b036db2b63c\/PIND254630A\"><\/audio><\/p>\n<p><!--StartFragment -->O Instituto Euvaldo Lodi (<a href=\"https:\/\/www.portaldaindustria.com.br\/iel?utm_source=jor&amp;utm_medium=agn&amp;utm_campaign=noticia&amp;utm_content=textoevideo-fixo\" target=\"_blank\" rel=\"noopener\"><strong>IEL<\/strong><\/a>) est\u00e1 com 1,9 mil vagas de est\u00e1gio abertas em 10 estados e no Distrito Federal, com bolsas que variam de R$ 400 a R$ 2,6 mil, al\u00e9m de aux\u00edlio transporte. As oportunidades contemplam \u00e1reas como arquitetura, ci\u00eancias biol\u00f3gicas, computa\u00e7\u00e3o, design gr\u00e1fico, direito, gastronomia, marketing digital, radiologia, turismo, veterin\u00e1ria, cursos t\u00e9cnicos e at\u00e9 ensino m\u00e9dio.<\/p>\n<p>A Bahia \u00e9 o estado com maior n\u00famero de vagas dispon\u00edveis (665), seguida por Goi\u00e1s (637). Para a gerente de Carreiras e Desenvolvimento Empresarial do IEL Nacional, Michelle Queiroz, o est\u00e1gio \u00e9 um passo essencial na forma\u00e7\u00e3o dos jovens.<\/p>\n<p>\u201cAs vagas de est\u00e1gio do IEL s\u00e3o consideradas uma \u00f3tima forma de entrada para o mercado de trabalho. O IEL atua como uma ponte entre os estudantes, as institui\u00e7\u00f5es de ensino e as empresas, o que facilita o acesso a oportunidades reais e prepara jovens talentos para os desafios do ambiente corporativo. O estudante que faz um est\u00e1gio do IEL tem a oportunidade de ter uma experi\u00eancia pr\u00e1tica e ter essa conex\u00e3o entre a teoria e a pr\u00e1tica. Consegue desenvolver habilidades t\u00e9cnicas e comportamentais \u2013 as chamadas soft skills \u2013, e ganha visibilidade no mercado de trabalho\u201d, afirma Michelle.<\/p>\n<p>O programa <a href=\"https:\/\/www.sistemafibra.org.br\/iel\/desenvolvimento-de-carreiras\/iel-estagio\" target=\"_blank\" rel=\"noopener\">IEL Est\u00e1gio<\/a> j\u00e1 apoiou mais de 1,5 milh\u00e3o de estudantes a ingressarem no mercado de trabalho. Apenas no primeiro semestre de 2025, mais de 55 mil jovens foram contratados como estagi\u00e1rios por meio da rede.<\/p>\n<h2>Programa IEL de Est\u00e1gios: direcionando carreiras<\/h2>\n<p>L\u00edvia Luna Freire tem 21 anos e cursa o oitavo semestre de Engenharia Mec\u00e2nica no Instituto Federal de Educa\u00e7\u00e3o, Ci\u00eancia e Tecnologia do Cear\u00e1 (<a href=\"https:\/\/ifce.edu.br\/\" target=\"_blank\" rel=\"noopener\">IFCE<\/a>), em Maracana\u00fa (CE). H\u00e1 mais de um ano, ela estagia na <a href=\"https:\/\/brasil.arcelormittal.com\/\" target=\"_blank\" rel=\"noopener\">ArcelorMittal Pec\u00e9m<\/a>, na \u00e1rea de manuten\u00e7\u00e3o do lingotamento cont\u00ednuo, que envolve atividades para garantir o bom funcionamento e a longevidade de equipamentos que solidificam o metal l\u00edquido em produtos semiacabados, como placas.<\/p>\n<p>A estudante diz que o est\u00e1gio tem contribu\u00eddo para direcionar a sua carreira profissional. \u201cEst\u00e1 me mostrando algumas caracter\u00edsticas minhas que s\u00f3 um est\u00e1gio pode te fazer perceber. Na faculdade, temos toda a parte te\u00f3rica e as cadeiras que voc\u00ea vai aprendendo um pouco sobre cada ramo da engenharia. Mas, sem d\u00favida \u00e9 no trabalho, na pr\u00e1tica, que voc\u00ea v\u00ea a familiaridade e os gostos que tem por certos assuntos\u201d, destaca.<\/p>\n<p>L\u00edvia conta que o IEL vai muito al\u00e9m das oportunidades de est\u00e1gio que oferece, pois nesse per\u00edodo de experi\u00eancia, ela j\u00e1 participou de din\u00e2micas promovidas pelo instituto. Foram eventos, palestras, minicursos sobre intelig\u00eancia emocional, mercado de trabalho, comportamento, entre outros temas que agregaram ao desenvolvimento profissional.<\/p>\n<p>Al\u00e9m disso, por meio do programa de est\u00e1gio, a estudante desenvolveu um projeto de engenharia. Nesta oportunidade, ganhou o segundo lugar do Pr\u00eamio IEL de Talentos de 2025. \u201cNeste ano, desenvolvi um projeto de est\u00e1gio, junto com a minha colega de trabalho, a Pamela Portela, que \u00e9 de Engenharia El\u00e9trica. Fizemos um projeto dentro do setor de manuten\u00e7\u00e3o do lingotamento cont\u00ednuo. <em>[A segunda coloca\u00e7\u00e3o]<\/em> Isso me d\u00e1 reconhecimento e muita felicidade pessoal por fazer um projeto, passar um ano desenvolvendo, trabalhando, estudando e ver que as pessoas tamb\u00e9m veem como voc\u00ea colocou esfor\u00e7o e tempo naquilo\u201d, comemora.<\/p>\n<h2>IEL Carreiras: plataforma conecta talentos e empresas<\/h2>\n<p>Neste ano, o IEL lan\u00e7ou a plataforma <a href=\"https:\/\/carreiras.iel.org.br\/\" target=\"_blank\" rel=\"noopener\"><strong>IEL Carreiras<\/strong><\/a>, que re\u00fane vagas de todo o Brasil em um \u00fanico ambiente digital. A ferramenta permite busca por estado, curso e modalidade, al\u00e9m de oferecer testes de perfil que ajudam a aproximar os candidatos das empresas ideais.<\/p>\n<p>Confira as ofertas de vagas em cada estado:<\/p>\n<p>\u00a0<\/p>\n<\/p>\n<p dir=\"ltr\"><b id=\"docs-internal-guid-2ddb5d6e-7fff-28ef-805b-b5cb26d3193e\">Alagoas<\/b><br \/>\nO <a href=\"https:\/\/ielal.com.br\/\" target=\"_blank\" rel=\"noopener\">IEL-AL<\/a> abriu 17 vagas de est\u00e1gio nas \u00e1reas de administra\u00e7\u00e3o, ci\u00eancias cont\u00e1beis, computa\u00e7\u00e3o, economia, educa\u00e7\u00e3o f\u00edsica, gastronomia, gest\u00e3o de TI, marketing, pedagogia, recursos humanos e cursos t\u00e9cnicos. As oportunidades est\u00e3o em Arapiraca e Macei\u00f3, com bolsas entre R$ 535 e R$ 1 mil.<\/p>\n<p dir=\"ltr\"><b id=\"docs-internal-guid-2ddb5d6e-7fff-28ef-805b-b5cb26d3193e\">Amazonas<\/b><br \/>\nEm Manaus, o <a href=\"https:\/\/www.iel-am.org.br\/\" target=\"_blank\" rel=\"noopener\">IEL-AM <\/a>oferece 84 vagas em cursos como administra\u00e7\u00e3o, arquitetura, arquivologia, contabilidade, design gr\u00e1fico, educa\u00e7\u00e3o f\u00edsica, engenharias, farm\u00e1cia, marketing, pedagogia, psicologia, qu\u00edmica, servi\u00e7o social, TI, entre outros. H\u00e1 vagas para n\u00edveis m\u00e9dio, t\u00e9cnico e superior, com bolsas de R$ 600 a R$ 1,5 mil.<\/p>\n<p dir=\"ltr\"><b id=\"docs-internal-guid-2ddb5d6e-7fff-28ef-805b-b5cb26d3193e\">Bahia<\/b><br \/>\nA Bahia lidera em n\u00famero de oportunidades, com 665 vagas em diversas \u00e1reas, de arquitetura a turismo, passando por comunica\u00e7\u00e3o, direito, engenharias, nutri\u00e7\u00e3o, radiologia, ensino m\u00e9dio e t\u00e9cnico. As vagas est\u00e3o distribu\u00eddas em 19 munic\u00edpios, incluindo Salvador, Feira de Santana, Juazeiro e Vit\u00f3ria da Conquista. Bolsas entre R$ 400 e R$ 1,8 mil. Inscri\u00e7\u00f5es no site do <a href=\"https:\/\/www.ielbahia.com.br\/\" target=\"_blank\" rel=\"noopener\">IEL-BA<\/a>.<\/p>\n<p dir=\"ltr\"><b id=\"docs-internal-guid-2ddb5d6e-7fff-28ef-805b-b5cb26d3193e\">Distrito Federal<\/b><br \/>\nO <a href=\"https:\/\/www.sistemafibra.org.br\/iel\/\" target=\"_blank\" rel=\"noopener\">IEL-DF <\/a>est\u00e1 com 40 vagas abertas em \u00e1reas como administra\u00e7\u00e3o, arquitetura, contabilidade, comunica\u00e7\u00e3o, design, direito, engenharia, nutri\u00e7\u00e3o, publicidade e TI. Bolsas variam de R$ 900 a R$ 2 mil. Cadastro no site do IEL-DF ou contato pelos canais oficiais.<\/p>\n<p dir=\"ltr\"><b id=\"docs-internal-guid-2ddb5d6e-7fff-28ef-805b-b5cb26d3193e\">Goi\u00e1s<\/b><br \/>\nNo estado, s\u00e3o 637 vagas em \u00e1reas como administra\u00e7\u00e3o, arquitetura, biol\u00f3gicas, exatas, comunica\u00e7\u00e3o, engenharias, log\u00edstica e TI. As oportunidades est\u00e3o em cidades como Aparecida de Goi\u00e2nia, Goi\u00e2nia, Senador Canedo e Trindade, com bolsas entre R$ 400 e R$ 2,5 mil. Inscri\u00e7\u00f5es no site do <a href=\"https:\/\/ielgoias.com.br\/\" target=\"_blank\" rel=\"noopener\">IEL-GO<\/a>.<\/p>\n<p dir=\"ltr\"><b id=\"docs-internal-guid-2ddb5d6e-7fff-28ef-805b-b5cb26d3193e\">Mato Grosso<\/b><br \/>\nO <a href=\"https:\/\/www.ielmt.ind.br\/\" target=\"_blank\" rel=\"noopener\">IEL-MT <\/a>tem 88 vagas em cursos como administra\u00e7\u00e3o, agronomia, arquitetura, contabilidade, comunica\u00e7\u00e3o, direito, economia, engenharias, pedagogia e n\u00edvel m\u00e9dio. As oportunidades est\u00e3o em cidades como Cuiab\u00e1, Rondon\u00f3polis, Sinop e V\u00e1rzea Grande, com bolsas de R$ 700 a R$ 1,5 mil.<\/p>\n<p dir=\"ltr\"><b id=\"docs-internal-guid-2ddb5d6e-7fff-28ef-805b-b5cb26d3193e\">Minas Gerais<\/b><br \/>\nS\u00e3o 56 vagas em \u00e1reas como administra\u00e7\u00e3o, com\u00e9rcio exterior, comunica\u00e7\u00e3o, design, engenharias, marketing, pedagogia, publicidade, TI e cursos t\u00e9cnicos. As bolsas variam de R$ 600 a R$ 2 mil, com vagas em 20 munic\u00edpios, incluindo Belo Horizonte, Contagem, Governador Valadares e Varginha. Cadastro no site do <a href=\"https:\/\/www.fiemg.com.br\/iel\/\" target=\"_blank\" rel=\"noopener\">IEL-MG<\/a>.<\/p>\n<p dir=\"ltr\"><b id=\"docs-internal-guid-2ddb5d6e-7fff-28ef-805b-b5cb26d3193e\">Pernambuco<\/b><br \/>\nO <a href=\"https:\/\/ielpe.org.br\/\" target=\"_blank\" rel=\"noopener\">IEL-PE<\/a> est\u00e1 com 250 vagas para a Regi\u00e3o Metropolitana do Recife e Sert\u00e3o do S\u00e3o Francisco. As bolsas v\u00e3o de R$ 500 a R$ 1,8 mil em \u00e1reas como est\u00e9tica, pedagogia, publicidade, recursos humanos e cursos t\u00e9cnicos.<\/p>\n<p dir=\"ltr\"><b id=\"docs-internal-guid-2ddb5d6e-7fff-28ef-805b-b5cb26d3193e\">Rio Grande do Norte<\/b><br \/>\nNo RN, s\u00e3o 10 vagas em ci\u00eancias cont\u00e1beis, educa\u00e7\u00e3o f\u00edsica, engenharia de produ\u00e7\u00e3o, marketing, odontologia, publicidade e cursos t\u00e9cnicos. As oportunidades est\u00e3o em Bod\u00f3, Lagoa Nova, Maca\u00edba, Natal e S\u00e3o Gon\u00e7alo do Amarante, com bolsas entre R$ 350 e R$ 900. Detalhes no site do <a href=\"https:\/\/www.rn.iel.org.br\/\" target=\"_blank\" rel=\"noopener\">IEL-RN<\/a>.<\/p>\n<p dir=\"ltr\"><b id=\"docs-internal-guid-2ddb5d6e-7fff-28ef-805b-b5cb26d3193e\">Rio Grande do Sul<\/b><br \/>\nO <a href=\"https:\/\/www.ielrs.org.br\/home\" target=\"_blank\" rel=\"noopener\">IEL-RS <\/a>oferece 59 vagas em cidades como Porto Alegre, Caxias do Sul, Canoas e S\u00e3o Leopoldo, em \u00e1reas como administra\u00e7\u00e3o, contabilidade, engenharias, f\u00edsica, gest\u00e3o comercial, marketing, pedagogia, psicologia, TI, veterin\u00e1ria e cursos t\u00e9cnicos. Bolsas entre R$ 600 e R$ 2,6 mil.<\/p>\n<p dir=\"ltr\"><b id=\"docs-internal-guid-2ddb5d6e-7fff-28ef-805b-b5cb26d3193e\">Tocantins<\/b><br \/>\nNo estado, h\u00e1 36 vagas em \u00e1reas como administra\u00e7\u00e3o, contabilidade, direito, jornalismo, letras, marketing digital, pedagogia, psicologia, publicidade, al\u00e9m de n\u00edvel m\u00e9dio e t\u00e9cnico. As oportunidades est\u00e3o em Palmas, Aragua\u00edna, Gurupi e outras cidades, com bolsas de R$ 700 a R$ 1,3 mil. Cadastro no site do<a href=\"http:\/\/iel-to.com.br\/\" target=\"_blank\" rel=\"noopener\"> IEL-TO<\/a>.<\/p>\n<p><!--EndFragment --><\/p>\n<p>\t\t\t\t\t\t\t\t\t<img decoding=\"async\" src=\"https:\/\/brasil61.com\/api\/v1\/serve_pixel\/22254\/84728\" alt=\"Pixel Brasil 61\" class=\"b61_pixel\" width=\"0\" height=\"0\"><\/p>\n<div class=\"br61_backlink\">\n<p>\n\t\t\t\tFonte: <a href=\"https:\/\/brasil61.com\/iel-abre-mais-de-1-9-mil-vagas-de-estagio-com-bolsas-de-ate-r-2-6-mil-pind254630\" title=\"Artigo Original: IEL abre mais de 1,9 mil vagas de est\u00e1gio com bolsas de at\u00e9 R$ 2,6 mil\" target=\"_blank\" rel=\"noopener\">Brasil 61<\/a>\n\t\t\t<\/p>\n<\/p><\/div>\n<input type=\"hidden\" id=\"baseurl\" value=\"https:\/\/noticiasregionais.com.br\"><input type=\"hidden\" id=\"audio_nonce\" value=\"5c13e0637f\">","protected":false},"excerpt":{"rendered":"<p>Bahia lidera em n\u00famero de oportunidades, seguida por Goi\u00e1s; plataforma IEL Carreiras facilita inscri\u00e7\u00e3o de estudantes em todo o pa\u00eds<\/p>\n","protected":false},"author":1,"featured_media":9926,"comment_status":"","ping_status":"open","sticky":false,"template":"","format":"standard","meta":{"sfsi_plus_gutenberg_text_before_share":"","sfsi_plus_gutenberg_show_text_before_share":"","sfsi_plus_gutenberg_icon_type":"","sfsi_plus_gutenberg_icon_alignemt":"","sfsi_plus_gutenburg_max_per_row":"","footnotes":""},"categories":[8],"tags":[],"class_list":["post-9925","post","type-post","status-publish","format-standard","has-post-thumbnail","hentry","category-brasil"],"_links":{"self":[{"href":"https:\/\/noticiasregionais.com.br\/index.php?rest_route=\/wp\/v2\/posts\/9925","targetHints":{"allow":["GET"]}}],"collection":[{"href":"https:\/\/noticiasregionais.com.br\/index.php?rest_route=\/wp\/v2\/posts"}],"about":[{"href":"https:\/\/noticiasregionais.com.br\/index.php?rest_route=\/wp\/v2\/types\/post"}],"author":[{"embeddable":true,"href":"https:\/\/noticiasregionais.com.br\/index.php?rest_route=\/wp\/v2\/users\/1"}],"replies":[{"embeddable":true,"href":"https:\/\/noticiasregionais.com.br\/index.php?rest_route=%2Fwp%2Fv2%2Fcomments&post=9925"}],"version-history":[{"count":0,"href":"https:\/\/noticiasregionais.com.br\/index.php?rest_route=\/wp\/v2\/posts\/9925\/revisions"}],"wp:featuredmedia":[{"embeddable":true,"href":"https:\/\/noticiasregionais.com.br\/index.php?rest_route=\/wp\/v2\/media\/9926"}],"wp:attachment":[{"href":"https:\/\/noticiasregionais.com.br\/index.php?rest_route=%2Fwp%2Fv2%2Fmedia&parent=9925"}],"wp:term":[{"taxonomy":"category","embeddable":true,"href":"https:\/\/noticiasregionais.com.br\/index.php?rest_route=%2Fwp%2Fv2%2Fcategories&post=9925"},{"taxonomy":"post_tag","embeddable":true,"href":"https:\/\/noticiasregionais.com.br\/index.php?rest_route=%2Fwp%2Fv2%2Ftags&post=9925"}],"curies":[{"name":"wp","href":"https:\/\/api.w.org\/{rel}","templated":true}]}}