{"id":9929,"date":"2025-09-21T04:00:00","date_gmt":"2025-09-21T07:00:00","guid":{"rendered":"https:\/\/noticiasregionais.com.br\/?p=9929"},"modified":"2025-09-21T04:00:00","modified_gmt":"2025-09-21T07:00:00","slug":"vitoria-es-lidera-ranking-nacional-de-gestao-fiscal-e-conquista-nota-maxima-em-indice-nacional","status":"publish","type":"post","link":"https:\/\/noticiasregionais.com.br\/?p=9929","title":{"rendered":"Vit\u00f3ria (ES) lidera ranking nacional de gest\u00e3o fiscal e conquista nota m\u00e1xima em \u00edndice nacional"},"content":{"rendered":"<p>\t\t\t\t\t\t\t\t\t\t<audio controls class=\"b61_audio_player\" data-noticia=\"84710\" src=\"https:\/\/brasil61.com\/rails\/active_storage\/blobs\/eyJfcmFpbHMiOnsibWVzc2FnZSI6IkJBaHBBNTZkQXc9PSIsImV4cCI6bnVsbCwicHVyIjoiYmxvYl9pZCJ9fQ==--de8dc387db192e05f940b6d39f478221a8e98e7b\/BRAS2514752A\"><\/audio><\/p>\n<p><strong>Vit\u00f3ria (ES) alcan\u00e7ou o topo do <a href=\"https:\/\/www.firjan.com.br\/ifgf\/\" target=\"_blank\" rel=\"noopener\">\u00cdndice Firjan de Gest\u00e3o Fiscal (IFGF)<\/a> e foi apontada como a capital com a administra\u00e7\u00e3o mais eficiente das contas p\u00fablicas em 2024<\/strong>. O resultado destaca que a <strong>cidade capixaba foi a \u00fanica entre as capitais brasileiras a atingir nota m\u00e1xima em todos os crit\u00e9rios avaliados<\/strong>: autonomia, controle de gastos com pessoal, liquidez e capacidade de investimento.<\/p>\n<p>A capital do Esp\u00edrito Santo avan\u00e7ou tr\u00eas posi\u00e7\u00f5es em rela\u00e7\u00e3o ao levantamento anterior, <strong>superando Salvador (BA) e S\u00e3o Paulo (SP), que tradicionalmente ocupavam o p\u00f3dio<\/strong>. O <strong>desempenho reflete medidas de ajuste, corte de privil\u00e9gios e maior responsabilidade na aplica\u00e7\u00e3o dos recursos municipais<\/strong>.<\/p>\n<p>De acordo com a <a href=\"https:\/\/firjan.com.br\/pagina-inicial.htm\" target=\"_blank\" rel=\"noopener\"><strong>Federa\u00e7\u00e3o das Ind\u00fastrias do Estado do Rio de Janeiro<\/strong><\/a>, <strong>13 capitais atingiram o patamar de excel\u00eancia no \u00edndice, que varia de 0 a 1, enquanto outras 11 ficaram classificadas como \u201cboas\u201d<\/strong>. Apenas duas cidades n\u00e3o conseguiram escapar da faixa de dificuldade: <strong>Campo Grande (MS), que ocupa a pen\u00faltima posi\u00e7\u00e3o, e Cuiab\u00e1 (MT), \u00faltima colocada ap\u00f3s registrar nota zero no crit\u00e9rio de liquidez<\/strong>, o que indica falta de recursos para honrar despesas j\u00e1 comprometidas.<\/p>\n<h2>Capitais que obtiveram os melhores \u00edndices no IFGF 2025:<\/h2>\n<ul>\n<li>1\u00ba &#8211; Vit\u00f3ria (ES): IFGF 1,0000 \u2013 desempenho m\u00e1ximo em todos os indicadores (Autonomia, Gastos com Pessoal, Investimentos e Liquidez).<\/li>\n<li>2\u00ba &#8211; S\u00e3o Paulo (SP): IFGF 0,9467 \u2013 nota m\u00e1xima em Autonomia, Gastos com Pessoal e Investimentos; Liquidez 0,7866.<\/li>\n<li>3\u00ba &#8211; Salvador (BA): IFGF 0,9460 \u2013 desempenho m\u00e1ximo em Autonomia, Gastos com Pessoal e Investimentos; Liquidez 0,7839.<\/li>\n<li>4\u00ba &#8211; Aracaju (SE): IFGF 0,9454 \u2013 nota m\u00e1xima em tr\u00eas dimens\u00f5es; Liquidez 0,7816.<\/li>\n<li>5\u00ba &#8211; Bel\u00e9m (PA): IFGF 0,9313 \u2013 nota m\u00e1xima em Autonomia, Gastos com Pessoal e Investimentos; Liquidez 0,7251.<\/li>\n<li>6\u00ba &#8211; Manaus (AM): IFGF 0,9129 \u2013 nota m\u00e1xima em tr\u00eas dimens\u00f5es; Liquidez 0,6516.<\/li>\n<li>7\u00ba &#8211; Macei\u00f3 (AL): IFGF 0,8884 \u2013 destaque em Investimentos e Liquidez (1,0000 cada), apesar de menor desempenho em Autonomia (0,5535).<\/li>\n<li>8\u00ba &#8211; Natal (RN): IFGF 0,8694 \u2013 nota m\u00e1xima em Autonomia e Gastos com Pessoal; Liquidez elevada (0,9269).<\/li>\n<li>9\u00ba &#8211; Recife (PE): IFGF 0,8687 \u2013 destaque em Autonomia (1,0000) e Investimentos (0,9463).<\/li>\n<li>10\u00ba &#8211; Curitiba (PR): IFGF 0,8499 \u2013 nota m\u00e1xima em Autonomia, Gastos com Pessoal e Liquidez; menor desempenho em Investimentos (0,3994).<\/li>\n<\/ul>\n<h2>Como \u00e9 feito o levantamento<\/h2>\n<p>O levantamento considera dados de <strong>5.129 munic\u00edpios<\/strong> que enviaram informa\u00e7\u00f5es ao Tesouro Nacional, abrangendo mais de 95% da popula\u00e7\u00e3o brasileira. A m\u00e9dia nacional das capitais foi de 0,788, pr\u00f3xima da faixa de excel\u00eancia, o que demonstra um quadro geral de solidez fiscal \u2014 ainda que com desigualdades regionais significativas.<\/p>\n<p>Em 2025, mesmo com um ambiente econ\u00f4mico mais positivo e aumento no repasse de verbas, o quadro fiscal dos munic\u00edpios apresentou melhora. Ainda assim, 36% das cidades, que re\u00fanem cerca de 46 milh\u00f5es de habitantes, seguem enfrentando condi\u00e7\u00f5es fiscais dif\u00edceis ou cr\u00edticas.<\/p>\n<p>Criado para medir a sa\u00fade financeira das prefeituras, o IFGF \u00e9 composto por quatro indicadores: autonomia, gastos com pessoal, liquidez e investimentos. Com base na pontua\u00e7\u00e3o final, os munic\u00edpios s\u00e3o enquadrados em quatro categorias: cr\u00edtica, dif\u00edcil, boa ou excelente.<br \/>\n\u00a0<\/p>\n<p>\t\t\t\t\t\t\t\t\t<img decoding=\"async\" src=\"https:\/\/brasil61.com\/api\/v1\/serve_pixel\/22254\/84710\" alt=\"Pixel Brasil 61\" class=\"b61_pixel\" width=\"0\" height=\"0\"><\/p>\n<div class=\"br61_backlink\">\n<p>\n\t\t\t\tFonte: <a href=\"https:\/\/brasil61.com\/vitoria-es-lidera-ranking-nacional-de-gestao-fiscal-e-conquista-nota-maxima-em-indice-nacional-bras2514752\" title=\"Artigo Original: Vit\u00f3ria (ES) lidera ranking nacional de gest\u00e3o fiscal e conquista nota m\u00e1xima em \u00edndice nacional\" target=\"_blank\" rel=\"noopener\">Brasil 61<\/a>\n\t\t\t<\/p>\n<\/p><\/div>\n<input type=\"hidden\" id=\"baseurl\" value=\"https:\/\/noticiasregionais.com.br\"><input type=\"hidden\" id=\"audio_nonce\" value=\"5c13e0637f\">","protected":false},"excerpt":{"rendered":"<p>Levantamento da Firjan mostra que 13 capitais alcan\u00e7aram n\u00edvel de excel\u00eancia; Campo Grande e Cuiab\u00e1 aparecem nas \u00faltimas posi\u00e7\u00f5es com quadro de dificuldade<\/p>\n","protected":false},"author":1,"featured_media":9930,"comment_status":"","ping_status":"open","sticky":false,"template":"","format":"standard","meta":{"sfsi_plus_gutenberg_text_before_share":"","sfsi_plus_gutenberg_show_text_before_share":"","sfsi_plus_gutenberg_icon_type":"","sfsi_plus_gutenberg_icon_alignemt":"","sfsi_plus_gutenburg_max_per_row":"","footnotes":""},"categories":[8],"tags":[],"class_list":["post-9929","post","type-post","status-publish","format-standard","has-post-thumbnail","hentry","category-brasil"],"_links":{"self":[{"href":"https:\/\/noticiasregionais.com.br\/index.php?rest_route=\/wp\/v2\/posts\/9929","targetHints":{"allow":["GET"]}}],"collection":[{"href":"https:\/\/noticiasregionais.com.br\/index.php?rest_route=\/wp\/v2\/posts"}],"about":[{"href":"https:\/\/noticiasregionais.com.br\/index.php?rest_route=\/wp\/v2\/types\/post"}],"author":[{"embeddable":true,"href":"https:\/\/noticiasregionais.com.br\/index.php?rest_route=\/wp\/v2\/users\/1"}],"replies":[{"embeddable":true,"href":"https:\/\/noticiasregionais.com.br\/index.php?rest_route=%2Fwp%2Fv2%2Fcomments&post=9929"}],"version-history":[{"count":0,"href":"https:\/\/noticiasregionais.com.br\/index.php?rest_route=\/wp\/v2\/posts\/9929\/revisions"}],"wp:featuredmedia":[{"embeddable":true,"href":"https:\/\/noticiasregionais.com.br\/index.php?rest_route=\/wp\/v2\/media\/9930"}],"wp:attachment":[{"href":"https:\/\/noticiasregionais.com.br\/index.php?rest_route=%2Fwp%2Fv2%2Fmedia&parent=9929"}],"wp:term":[{"taxonomy":"category","embeddable":true,"href":"https:\/\/noticiasregionais.com.br\/index.php?rest_route=%2Fwp%2Fv2%2Fcategories&post=9929"},{"taxonomy":"post_tag","embeddable":true,"href":"https:\/\/noticiasregionais.com.br\/index.php?rest_route=%2Fwp%2Fv2%2Ftags&post=9929"}],"curies":[{"name":"wp","href":"https:\/\/api.w.org\/{rel}","templated":true}]}}