{"id":9931,"date":"2025-09-21T04:10:00","date_gmt":"2025-09-21T07:10:00","guid":{"rendered":"https:\/\/noticiasregionais.com.br\/?p=9931"},"modified":"2025-09-21T04:10:00","modified_gmt":"2025-09-21T07:10:00","slug":"novo-pac-235-municipios-vao-receber-r-117-bi-para-obras-de-drenagem-e-contencao-de-encostas","status":"publish","type":"post","link":"https:\/\/noticiasregionais.com.br\/?p=9931","title":{"rendered":"Novo PAC: 235 munic\u00edpios v\u00e3o receber R$ 11,7 bi para obras de drenagem e conten\u00e7\u00e3o de encostas"},"content":{"rendered":"<p>\t\t\t\t\t\t\t\t\t\t<audio controls class=\"b61_audio_player\" data-noticia=\"84718\" src=\"https:\/\/brasil61.com\/rails\/active_storage\/blobs\/eyJfcmFpbHMiOnsibWVzc2FnZSI6IkJBaHBBN0NkQXc9PSIsImV4cCI6bnVsbCwicHVyIjoiYmxvYl9pZCJ9fQ==--476a2ce12a18d00a28b48d8309273209beae1482\/BRAS2514756A\"><\/audio><\/p>\n<p><!--StartFragment --><\/p>\n<p>Um total de <strong>235 munic\u00edpios de 26 estados<\/strong> foi contemplado com obras de <a href=\"https:\/\/www.gov.br\/casacivil\/pt-br\/novopac\/selecoes2025\/resultados-das-selecoes\/cidades-sustentaveis-e-resilientes\/prevencao-a-desastres-naturais-drenagem-urbana\" target=\"_blank\" rel=\"noopener\">drenagem urbana<\/a> e conten\u00e7\u00e3o de encostas selecionadas pelo <a href=\"https:\/\/www.gov.br\/casacivil\/pt-br\/novopac\" target=\"_blank\" rel=\"noopener\">Novo PAC<\/a>, conforme an\u00fancio feito na \u00faltima quinta-feira (18). Os investimentos somam <strong>R$ 11,7 bilh\u00f5es<\/strong> e t\u00eam como foco reduzir a vulnerabilidade de comunidades que vivem em \u00e1reas de risco, refor\u00e7ando a capacidade de preven\u00e7\u00e3o a desastres clim\u00e1ticos.<\/p>\n<p>Desse total, <strong>102 cidades<\/strong> receber\u00e3o interven\u00e7\u00f5es de conten\u00e7\u00e3o de encostas, com aporte superior a <strong>R$ 1,4 bilh\u00e3o<\/strong>. J\u00e1 as obras de drenagem urbana contar\u00e3o com <strong>R$ 10,3 bilh\u00f5es <\/strong>destinados a <strong>174 munic\u00edpios<\/strong>. Os recursos vir\u00e3o do <strong>Or\u00e7amento Geral da Uni\u00e3o (OGU) e do Fundo de Garantia do Tempo de Servi\u00e7o (FGTS)<\/strong>.<\/p>\n<p>Entre os empreendimentos selecionados est\u00e3o obras de macrodrenagem em Duque de Caxias (RJ), Cama\u00e7ari (BA) e projetos de conten\u00e7\u00e3o de encostas em Santar\u00e9m (PA), S\u00e3o Bernardo do Campo (SP) e Olinda (PE).<\/p>\n<p>Confira a lista completa de obras pelo Brasil:<\/p>\n<\/p>\n<p><a href=\"https:\/\/www.gov.br\/casacivil\/pt-br\/novopac\/selecoes2025\/resultados-das-selecoes\/cidades-sustentaveis-e-resilientes\/prevencao-a-desastres-naturais-drenagem-urbana\" target=\"_blank\" rel=\"noopener\"><span style=\"font-size:10px\">Fonte: Casa Civil\/Presid\u00eancia da Rep\u00fablica<\/span><\/a><\/p>\n<p>Com o resultado, o Novo PAC acumula mais de <strong>R$ 25,8 bilh\u00f5es<\/strong> aplicados em <strong>600 obras de preven\u00e7\u00e3o a desastres naturais<\/strong>, considerando as sele\u00e7\u00f5es de 2023 a 2025.<\/p>\n<p>A edi\u00e7\u00e3o 2025 do Novo PAC Sele\u00e7\u00f5es prev\u00ea <strong>R$ 49,2 bilh\u00f5es em investimentos<\/strong>, distribu\u00eddos em quatro \u00e1reas priorit\u00e1rias: Sa\u00fade; Educa\u00e7\u00e3o, Ci\u00eancia e Tecnologia; Infraestrutura Social e Inclusiva; e Cidades Sustent\u00e1veis e Resilientes. No total, foram apresentadas <strong>35.119 propostas por 5.537 munic\u00edpios<\/strong>, o que corresponde a <strong>99,4% das cidades brasileiras.<\/strong><\/p>\n<p><!--EndFragment --><\/p>\n<p>\t\t\t\t\t\t\t\t\t<img decoding=\"async\" src=\"https:\/\/brasil61.com\/api\/v1\/serve_pixel\/22254\/84718\" alt=\"Pixel Brasil 61\" class=\"b61_pixel\" width=\"0\" height=\"0\"><\/p>\n<div class=\"br61_backlink\">\n<p>\n\t\t\t\tFonte: <a href=\"https:\/\/brasil61.com\/novo-pac-235-municipios-vao-receber-r-11-7-bi-para-obras-de-drenagem-e-contencao-de-encostas-bras2514756\" title=\"Artigo Original: Novo PAC: 235 munic\u00edpios v\u00e3o receber R$ 11,7 bi para obras de drenagem e conten\u00e7\u00e3o de encostas\" target=\"_blank\" rel=\"noopener\">Brasil 61<\/a>\n\t\t\t<\/p>\n<\/p><\/div>\n<input type=\"hidden\" id=\"baseurl\" value=\"https:\/\/noticiasregionais.com.br\"><input type=\"hidden\" id=\"audio_nonce\" value=\"296231ceac\">","protected":false},"excerpt":{"rendered":"<p>Investimentos do programa buscam reduzir riscos de alagamentos e deslizamentos e dar mais seguran\u00e7a \u00e0 popula\u00e7\u00e3o em \u00e1reas vulner\u00e1veis<\/p>\n","protected":false},"author":1,"featured_media":9932,"comment_status":"","ping_status":"open","sticky":false,"template":"","format":"standard","meta":{"sfsi_plus_gutenberg_text_before_share":"","sfsi_plus_gutenberg_show_text_before_share":"","sfsi_plus_gutenberg_icon_type":"","sfsi_plus_gutenberg_icon_alignemt":"","sfsi_plus_gutenburg_max_per_row":"","footnotes":""},"categories":[8],"tags":[],"class_list":["post-9931","post","type-post","status-publish","format-standard","has-post-thumbnail","hentry","category-brasil"],"_links":{"self":[{"href":"https:\/\/noticiasregionais.com.br\/index.php?rest_route=\/wp\/v2\/posts\/9931","targetHints":{"allow":["GET"]}}],"collection":[{"href":"https:\/\/noticiasregionais.com.br\/index.php?rest_route=\/wp\/v2\/posts"}],"about":[{"href":"https:\/\/noticiasregionais.com.br\/index.php?rest_route=\/wp\/v2\/types\/post"}],"author":[{"embeddable":true,"href":"https:\/\/noticiasregionais.com.br\/index.php?rest_route=\/wp\/v2\/users\/1"}],"replies":[{"embeddable":true,"href":"https:\/\/noticiasregionais.com.br\/index.php?rest_route=%2Fwp%2Fv2%2Fcomments&post=9931"}],"version-history":[{"count":0,"href":"https:\/\/noticiasregionais.com.br\/index.php?rest_route=\/wp\/v2\/posts\/9931\/revisions"}],"wp:featuredmedia":[{"embeddable":true,"href":"https:\/\/noticiasregionais.com.br\/index.php?rest_route=\/wp\/v2\/media\/9932"}],"wp:attachment":[{"href":"https:\/\/noticiasregionais.com.br\/index.php?rest_route=%2Fwp%2Fv2%2Fmedia&parent=9931"}],"wp:term":[{"taxonomy":"category","embeddable":true,"href":"https:\/\/noticiasregionais.com.br\/index.php?rest_route=%2Fwp%2Fv2%2Fcategories&post=9931"},{"taxonomy":"post_tag","embeddable":true,"href":"https:\/\/noticiasregionais.com.br\/index.php?rest_route=%2Fwp%2Fv2%2Ftags&post=9931"}],"curies":[{"name":"wp","href":"https:\/\/api.w.org\/{rel}","templated":true}]}}